{"id":9915,"date":"2011-07-13T14:31:36","date_gmt":"2011-07-13T12:31:36","guid":{"rendered":"http:\/\/www.malerdeck.de\/blog\/?p=9915"},"modified":"2014-08-14T12:49:21","modified_gmt":"2014-08-14T10:49:21","slug":"die-unglaubliche-odyssee-dummheit-eines-lehrstellenbewerbers","status":"publish","type":"post","link":"https:\/\/www.malerdeck.de\/blog\/die-unglaubliche-odyssee-dummheit-eines-lehrstellenbewerbers","title":{"rendered":"Die unglaubliche Odyssee (Dummheit?) eines Lehrstellenbewerbers&#8230;"},"content":{"rendered":"<p style=\"text-align: justify;\">\u2026 und der leichte (??) Frust <img decoding=\"async\" src=\"http:\/\/blog.malerdeck.de\/wp-includes\/images\/smilies\/icon_sad.gif\" alt=\":-(\" \/> des angehenden Lehrherrn.<\/p>\n<p style=\"text-align: justify;\"><a href=\"http:\/\/www.malerdeck.de\/blog\/lehrstellenbewerber-sagt-vorstellungstermin-wegen-spontaner-verhinderung-ab\" target=\"_blank\">Die Vorgeschichte zu diesem Drama lesen Sie hier<\/a>.<\/p>\n<p style=\"text-align: justify;\"><strong><em>Donnerstag, 7. Juli: <\/em><\/strong><\/p>\n<blockquote>\n<p style=\"text-align: justify;\">Um 11 Uhr auf Festnetznummer des Bewerbers angerufen. Nachricht auf Anrufbeantworter hinterlassen: Termin f\u00fcr Kenenlerngespr\u00e4ch am Freitag, 8. Juli, um 15:00 Uhr, mit der Bitte um kurze Best\u00e4tigung. Bei der Handynummer des Bewerbers meldete sich die Mailbox: Zur Zeit nicht erreichbar.<\/p>\n<p style=\"text-align: justify;\">Um 16:30 Uhr, sicherheitshalber noch einmal auf Festnetz angerufen. Erneut auf AB gesprochen. 16:35 Uhr, Anruf der Schwester des Bewerbers. Sie w\u00fcrde es ihm ausrichten. Bruder sei mit seinen Kollegen drau\u00dfen und es w\u00e4re m\u00f6glich, dass sein Handy nicht funktioniere. Sicherheitshalber am gleichen Tag noch Brief mit Einladung zum Termin geschickt.<\/p>\n<\/blockquote>\n<p style=\"text-align: justify;\"><strong><em>Freitag, 8. Juli:<\/em><\/strong><\/p>\n<blockquote>\n<p style=\"text-align: justify;\">Um 14:15 Uhr hinterlie\u00df die Mutter des Bewerbers eine Nachricht auf unserem AB, dass ihr Sohn etwas in der Schule h\u00e4tte. Die Schwester h\u00e4tte das nicht gewusst. Mutter bat um einen erneuten Termin.<\/p>\n<\/blockquote>\n<p style=\"text-align: justify;\"><strong><em>Montag, 11. Juli: <\/em><\/strong><\/p>\n<blockquote>\n<p style=\"text-align: justify;\">Anruf beim Bewerber um 11 Uhr, leider wieder nur AB. Eingeladen zum Termin am Dienstag, 12. Juli, um 16:00 Uhr. Anruf der Mutter am gleichen Tag, um 17:45 Uhr. Nachricht der Mutter auf unserem AB: \u201eMein Sohn hat Termin morgen, geht alles klar.\u201c<\/p>\n<\/blockquote>\n<p style=\"text-align: justify;\"><strong><em>Dienstag, 12. Juli:<\/em><\/strong><\/p>\n<blockquote><p>Der Einladungsbrief, den wir am 7. Juli geschickt haben, kam als unzustellbar zur\u00fcck. Bewerber hat einen anderen Nachnamen als seine Eltern. Offensichtlich steht sein Name nicht am Briefkasten ! (??) \ud83d\ude41<\/p><\/blockquote>\n<div id=\"attachment_19375\" style=\"width: 552px\" class=\"wp-caption aligncenter\"><a href=\"http:\/\/www.malerdeck.de\/blog\/wp-content\/uploads\/2011\/07\/Lehrling-unzustellbar.jpg\"><img loading=\"lazy\" decoding=\"async\" aria-describedby=\"caption-attachment-19375\" class=\"size-full wp-image-19375 \" src=\"http:\/\/www.malerdeck.de\/blog\/wp-content\/uploads\/2011\/07\/Lehrling-unzustellbar.jpg\" alt=\"Trotz richtiger Anschrift: Einladungsbrief kam zur\u00fcck\" width=\"542\" height=\"270\" srcset=\"https:\/\/www.malerdeck.de\/blog\/wp-content\/uploads\/2011\/07\/Lehrling-unzustellbar.jpg 542w, https:\/\/www.malerdeck.de\/blog\/wp-content\/uploads\/2011\/07\/Lehrling-unzustellbar-300x149.jpg 300w\" sizes=\"auto, (max-width: 542px) 100vw, 542px\" \/><\/a><p id=\"caption-attachment-19375\" class=\"wp-caption-text\">Trotz richtiger Anschrift: Einladungsbrief kam zur\u00fcck<\/p><\/div>\n<blockquote>\n<p style=\"text-align: justify;\">Bewerber rief um 16 Uhr (Termin des Vorstellungsgespr\u00e4chs) von seinem Handy an. Er sei mit der Bahn eine Station zu weit gefahren, es w\u00fcrde noch ca. 10 Minuten dauern bis er da w\u00e4re. Meine Sekret\u00e4rin versuchte um 16:30 Uhr erfolglos, den Bewerber auf seinem Handy zu erreichen. Der Bewerber erschien nicht mehr! \ud83d\ude41 Ich war bis um 19 Uhr im B\u00fcro.<\/p>\n<\/blockquote>\n<div id=\"attachment_9917\" style=\"width: 310px\" class=\"wp-caption aligncenter\"><a href=\"http:\/\/www.malerdeck.de\/blog\/wp-content\/uploads\/2012\/11\/Wo-irrt-der-Bewerber-nur-herum.jpg\"><img loading=\"lazy\" decoding=\"async\" aria-describedby=\"caption-attachment-9917\" class=\"size-full wp-image-9917\" title=\"Wo irrt der Bewerber nur herum\" src=\"http:\/\/www.malerdeck.de\/blog\/wp-content\/uploads\/2012\/11\/Wo-irrt-der-Bewerber-nur-herum.jpg\" alt=\"\" width=\"300\" height=\"562\" srcset=\"https:\/\/www.malerdeck.de\/blog\/wp-content\/uploads\/2012\/11\/Wo-irrt-der-Bewerber-nur-herum.jpg 300w, https:\/\/www.malerdeck.de\/blog\/wp-content\/uploads\/2012\/11\/Wo-irrt-der-Bewerber-nur-herum-160x300.jpg 160w\" sizes=\"auto, (max-width: 300px) 100vw, 300px\" \/><\/a><p id=\"caption-attachment-9917\" class=\"wp-caption-text\">Wo irrt der Bewerber nur herum?<\/p><\/div>\n<p style=\"text-align: left;\"><strong><em>Mittwoch, 13. Juli<\/em><\/strong><\/p>\n<blockquote>\n<p style=\"text-align: justify;\">Weder gestern, noch heute, haben wir von diesem aufgeschlossenen Bewerber etwas geh\u00f6rt. Ist das denn noch zu glauben? \ud83d\ude41<\/p>\n<p style=\"text-align: justify;\">Es ist jetzt gleich 16 Uhr. Der Bewerber hat sich nicht wieder gemeldet. Ich mache mir gro\u00dfe Sorgen \ud83d\ude09 und\u00a0 erw\u00e4ge bei der Polizei eine Vermisstenanzeige.<\/p>\n<\/blockquote>\n<div id=\"attachment_19377\" style=\"width: 285px\" class=\"wp-caption aligncenter\"><a href=\"http:\/\/www.malerdeck.de\/blog\/wp-content\/uploads\/2011\/07\/gefrusteter-Werner-Deck.jpg\"><img loading=\"lazy\" decoding=\"async\" aria-describedby=\"caption-attachment-19377\" class=\"size-full wp-image-19377 \" src=\"http:\/\/www.malerdeck.de\/blog\/wp-content\/uploads\/2011\/07\/gefrusteter-Werner-Deck.jpg\" alt=\"Frust? Nicht \u00e4rgern, nur wundern!\" width=\"275\" height=\"305\" srcset=\"https:\/\/www.malerdeck.de\/blog\/wp-content\/uploads\/2011\/07\/gefrusteter-Werner-Deck.jpg 275w, https:\/\/www.malerdeck.de\/blog\/wp-content\/uploads\/2011\/07\/gefrusteter-Werner-Deck-270x300.jpg 270w\" sizes=\"auto, (max-width: 275px) 100vw, 275px\" \/><\/a><p id=\"caption-attachment-19377\" class=\"wp-caption-text\">Frust? Nicht \u00e4rgern, nur wundern!<\/p><\/div>\n<p style=\"text-align: center;\">\n","protected":false},"excerpt":{"rendered":"<p>\u2026 und der leichte (??) Frust des angehenden Lehrherrn. Die Vorgeschichte zu diesem Drama lesen Sie hier. Donnerstag, 7. Juli: Um 11 Uhr auf Festnetznummer des Bewerbers angerufen. Nachricht auf Anrufbeantworter hinterlassen: Termin f\u00fcr Kenenlerngespr\u00e4ch am Freitag, 8. Juli, um 15:00 Uhr, mit der Bitte um kurze Best\u00e4tigung. Bei der Handynummer des Bewerbers meldete sich [&hellip;]<\/p>\n","protected":false},"author":2,"featured_media":0,"comment_status":"open","ping_status":"open","sticky":false,"template":"","format":"standard","meta":{"footnotes":""},"categories":[10,14],"tags":[34,613,2356,2743,1122],"class_list":["post-9915","post","type-post","status-publish","format-standard","hentry","category-lehrlinge","category-schraeges","tag-azubi","tag-bewerbung","tag-dummheit","tag-lehrlingsbewerbung","tag-vorstellungsgespraech"],"_links":{"self":[{"href":"https:\/\/www.malerdeck.de\/blog\/wp-json\/wp\/v2\/posts\/9915","targetHints":{"allow":["GET"]}}],"collection":[{"href":"https:\/\/www.malerdeck.de\/blog\/wp-json\/wp\/v2\/posts"}],"about":[{"href":"https:\/\/www.malerdeck.de\/blog\/wp-json\/wp\/v2\/types\/post"}],"author":[{"embeddable":true,"href":"https:\/\/www.malerdeck.de\/blog\/wp-json\/wp\/v2\/users\/2"}],"replies":[{"embeddable":true,"href":"https:\/\/www.malerdeck.de\/blog\/wp-json\/wp\/v2\/comments?post=9915"}],"version-history":[{"count":18,"href":"https:\/\/www.malerdeck.de\/blog\/wp-json\/wp\/v2\/posts\/9915\/revisions"}],"predecessor-version":[{"id":24252,"href":"https:\/\/www.malerdeck.de\/blog\/wp-json\/wp\/v2\/posts\/9915\/revisions\/24252"}],"wp:attachment":[{"href":"https:\/\/www.malerdeck.de\/blog\/wp-json\/wp\/v2\/media?parent=9915"}],"wp:term":[{"taxonomy":"category","embeddable":true,"href":"https:\/\/www.malerdeck.de\/blog\/wp-json\/wp\/v2\/categories?post=9915"},{"taxonomy":"post_tag","embeddable":true,"href":"https:\/\/www.malerdeck.de\/blog\/wp-json\/wp\/v2\/tags?post=9915"}],"curies":[{"name":"wp","href":"https:\/\/api.w.org\/{rel}","templated":true}]}}