{"id":9601,"date":"2012-11-02T10:48:04","date_gmt":"2012-11-02T08:48:04","guid":{"rendered":"http:\/\/www.malerdeck.de\/blog\/?p=9601"},"modified":"2012-11-02T10:54:42","modified_gmt":"2012-11-02T08:54:42","slug":"mein-kollege-malermeister-sascha-trynoga-im-malerblatt-11-november-2012","status":"publish","type":"post","link":"https:\/\/www.malerdeck.de\/blog\/mein-kollege-malermeister-sascha-trynoga-im-malerblatt-11-november-2012","title":{"rendered":"Mein Malermeister- und Social Media -Kollege, Sascha Trynoga, im Malerblatt, 11 | November 2012"},"content":{"rendered":"<p>In der aktuellen Ausgabe der branchenf\u00fchrenden Fachzeitschrift &#8222;Malerblatt&#8220;, lese ich gerade diesen aussagekr\u00e4ftigen Artikikel.<\/p>\n<p>Berichtet wird \u00fcber meinen Malermeister- und Social Media -Kollegen, Sascha Trynoga.<\/p>\n<div id=\"attachment_9602\" style=\"width: 554px\" class=\"wp-caption aligncenter\"><a href=\"http:\/\/www.malerdeck.de\/blog\/wp-content\/uploads\/2012\/11\/Malermeister-Sascha-Trynoga.jpg\"><img loading=\"lazy\" decoding=\"async\" aria-describedby=\"caption-attachment-9602\" class=\"wp-image-9602 \" title=\"Malermeister Sascha Trynoga\" src=\"http:\/\/www.malerdeck.de\/blog\/wp-content\/uploads\/2012\/11\/Malermeister-Sascha-Trynoga.jpg\" alt=\"\" width=\"544\" height=\"393\" srcset=\"https:\/\/www.malerdeck.de\/blog\/wp-content\/uploads\/2012\/11\/Malermeister-Sascha-Trynoga.jpg 1872w, https:\/\/www.malerdeck.de\/blog\/wp-content\/uploads\/2012\/11\/Malermeister-Sascha-Trynoga-300x217.jpg 300w, https:\/\/www.malerdeck.de\/blog\/wp-content\/uploads\/2012\/11\/Malermeister-Sascha-Trynoga-1024x742.jpg 1024w\" sizes=\"auto, (max-width: 544px) 100vw, 544px\" \/><\/a><p id=\"caption-attachment-9602\" class=\"wp-caption-text\">Mein Kollege, Malermeister Sascha Trynoga im Malerblatt, 11 | November 2012<\/p><\/div>\n<p>Ein Klick auf die Grafik und Sie k\u00f6nnen den Artikel problemlos lesen.<\/p>\n<p>Lieber\u00a0 Sascha Trynoga, Gl\u00fcckwunsch und weiter so! \ud83d\ude42<\/p>\n","protected":false},"excerpt":{"rendered":"<p>In der aktuellen Ausgabe der branchenf\u00fchrenden Fachzeitschrift &#8222;Malerblatt&#8220;, lese ich gerade diesen aussagekr\u00e4ftigen Artikikel. Berichtet wird \u00fcber meinen Malermeister- und Social Media -Kollegen, Sascha Trynoga. Ein Klick auf die Grafik und Sie k\u00f6nnen den Artikel problemlos lesen. Lieber\u00a0 Sascha Trynoga, Gl\u00fcckwunsch und weiter so! \ud83d\ude42<\/p>\n","protected":false},"author":2,"featured_media":0,"comment_status":"open","ping_status":"open","sticky":false,"template":"","format":"standard","meta":{"footnotes":""},"categories":[22,37],"tags":[1537,1536,2950],"class_list":["post-9601","post","type-post","status-publish","format-standard","hentry","category-social-media","category-wettbewerber","tag-kollege","tag-sascha-trynoga","tag-social-media"],"_links":{"self":[{"href":"https:\/\/www.malerdeck.de\/blog\/wp-json\/wp\/v2\/posts\/9601","targetHints":{"allow":["GET"]}}],"collection":[{"href":"https:\/\/www.malerdeck.de\/blog\/wp-json\/wp\/v2\/posts"}],"about":[{"href":"https:\/\/www.malerdeck.de\/blog\/wp-json\/wp\/v2\/types\/post"}],"author":[{"embeddable":true,"href":"https:\/\/www.malerdeck.de\/blog\/wp-json\/wp\/v2\/users\/2"}],"replies":[{"embeddable":true,"href":"https:\/\/www.malerdeck.de\/blog\/wp-json\/wp\/v2\/comments?post=9601"}],"version-history":[{"count":5,"href":"https:\/\/www.malerdeck.de\/blog\/wp-json\/wp\/v2\/posts\/9601\/revisions"}],"predecessor-version":[{"id":9607,"href":"https:\/\/www.malerdeck.de\/blog\/wp-json\/wp\/v2\/posts\/9601\/revisions\/9607"}],"wp:attachment":[{"href":"https:\/\/www.malerdeck.de\/blog\/wp-json\/wp\/v2\/media?parent=9601"}],"wp:term":[{"taxonomy":"category","embeddable":true,"href":"https:\/\/www.malerdeck.de\/blog\/wp-json\/wp\/v2\/categories?post=9601"},{"taxonomy":"post_tag","embeddable":true,"href":"https:\/\/www.malerdeck.de\/blog\/wp-json\/wp\/v2\/tags?post=9601"}],"curies":[{"name":"wp","href":"https:\/\/api.w.org\/{rel}","templated":true}]}}