{"id":9299,"date":"2012-10-19T11:22:06","date_gmt":"2012-10-19T09:22:06","guid":{"rendered":"http:\/\/www.malerdeck.de\/blog\/?p=9299"},"modified":"2014-07-27T06:56:36","modified_gmt":"2014-07-27T04:56:36","slug":"fundstueck-bei-stphane-etillard-kein-geld-verdienen-kann-ich-auch-ohne-zu-arbeiten","status":"publish","type":"post","link":"https:\/\/www.malerdeck.de\/blog\/fundstueck-bei-stphane-etillard-kein-geld-verdienen-kann-ich-auch-ohne-zu-arbeiten","title":{"rendered":"&#8222;Fundst\u00fcck&#8220; bei St\u00e9phane Etrillard: Kein Geld verdienen, kann ich auch ohne zu arbeiten!"},"content":{"rendered":"<p style=\"text-align: justify;\">St\u00e9phane Etrillard gilt als f\u00fchrender europ\u00e4ischer Experte zum Thema &#8222;pers\u00f6nliche Souver\u00e4nit\u00e4t&#8220;. Seine Schwerpunkte: F\u00fchrung, Rhetorik, Dialektik, K\u00f6rpersprache, Selbst-PR. Der mehrfache Bestseller-Autor z\u00e4hlt zu den besthonorierten Managementexperten.<\/p>\n<p style=\"text-align: justify;\"><a href=\"http:\/\/www.mastermind-coaching.de\/\" target=\"_blank\">St\u00e9phane Etrillard<\/a> z\u00e4hlt das Who&#8217;s Who europ\u00e4ischer Unternehmen zu seinen Kunden. Das Spektrum seiner Kunden erstreckt sich von innovativen Mittelst\u00e4ndlern \u00fcber DAX-Unternehmen bis zu global agierenden Konzernen. Er hat Fach- und F\u00fchrungskr\u00e4fte von fast allen DAX-Unternehmen geschult. Dazu ist er Autor von \u00fcber 40 B\u00fcchern und Audio-Coaching-Programmen.<\/p>\n<div id=\"attachment_9309\" style=\"width: 555px\" class=\"wp-caption aligncenter\"><a href=\"https:\/\/www.facebook.com\/stephane.etrillard.fanpage\" target=\"_blank\"><img loading=\"lazy\" decoding=\"async\" aria-describedby=\"caption-attachment-9309\" class=\"size-full wp-image-9309 \" title=\"Stephane Etrillard auf Facebook\" src=\"http:\/\/www.malerdeck.de\/blog\/wp-content\/uploads\/2012\/10\/Stephane-Etrillard-auf-Facebook.jpg\" alt=\"\" width=\"545\" height=\"356\" srcset=\"https:\/\/www.malerdeck.de\/blog\/wp-content\/uploads\/2012\/10\/Stephane-Etrillard-auf-Facebook.jpg 545w, https:\/\/www.malerdeck.de\/blog\/wp-content\/uploads\/2012\/10\/Stephane-Etrillard-auf-Facebook-300x195.jpg 300w\" sizes=\"auto, (max-width: 545px) 100vw, 545px\" \/><\/a><p id=\"caption-attachment-9309\" class=\"wp-caption-text\">St\u00e9phane Etrillard auf Facebook<\/p><\/div>\n<p>Heute durfte ich &#8222;Fundst\u00fcck&#8220; auf der <a href=\"https:\/\/www.facebook.com\/stephane.etrillard.fanpage\" target=\"_blank\">Facebook-Seite von\u00a0 St\u00e9phane Etrillard<\/a> sein.<\/p>\n<div id=\"attachment_23679\" style=\"width: 555px\" class=\"wp-caption aligncenter\"><a href=\"http:\/\/www.malerdeck.de\/blog\/wp-content\/uploads\/2012\/10\/Fundst\u00fcck-Stephane-Etrillard-Werner-Deck.jpg\"><img loading=\"lazy\" decoding=\"async\" aria-describedby=\"caption-attachment-23679\" class=\"size-full wp-image-23679\" src=\"http:\/\/www.malerdeck.de\/blog\/wp-content\/uploads\/2012\/10\/Fundst\u00fcck-Stephane-Etrillard-Werner-Deck.jpg\" alt=\"Fundst\u00fcck bei St\u00e9phane Etrillard\" width=\"545\" height=\"909\" srcset=\"https:\/\/www.malerdeck.de\/blog\/wp-content\/uploads\/2012\/10\/Fundst\u00fcck-Stephane-Etrillard-Werner-Deck.jpg 545w, https:\/\/www.malerdeck.de\/blog\/wp-content\/uploads\/2012\/10\/Fundst\u00fcck-Stephane-Etrillard-Werner-Deck-179x300.jpg 179w\" sizes=\"auto, (max-width: 545px) 100vw, 545px\" \/><\/a><p id=\"caption-attachment-23679\" class=\"wp-caption-text\">Fundst\u00fcck bei St\u00e9phane Etrillard<\/p><\/div>\n<p>Lieber <a href=\"http:\/\/www.mastermind-coaching.de\/\" target=\"_blank\">St\u00e9phane Etrillard<\/a>, vielen Dank f\u00fcr Ihre freundliche Wertsch\u00e4tzung.<\/p>\n<p>Anmerken muss ich noch, dass ich diesen Spruch so oder so \u00e4hnlich, vor langer Zeit in einem Kommentar auf einem Blog gelesen habe. Der Kommentator kommentierte anonym und war nicht zu ermitteln. Ihm geb\u00fchrt daf\u00fcr dennoch ein Teil der Urheberschaft!<\/p>\n<p>\u00dcbrigens habe ich auf meinem Blog, vor wenigen Wochen, einen genialen Coaching-Impuls von St\u00e9phane Etrillard ver\u00f6ffentlicht. <a href=\"http:\/\/www.malerdeck.de\/blog\/wunderbarer-coaching-impuls-von-stphane-etrillard\">Hier der Link dazu<\/a>.<\/p>\n","protected":false},"excerpt":{"rendered":"<p>St\u00e9phane Etrillard gilt als f\u00fchrender europ\u00e4ischer Experte zum Thema &#8222;pers\u00f6nliche Souver\u00e4nit\u00e4t&#8220;. Seine Schwerpunkte: F\u00fchrung, Rhetorik, Dialektik, K\u00f6rpersprache, Selbst-PR. Der mehrfache Bestseller-Autor z\u00e4hlt zu den besthonorierten Managementexperten. St\u00e9phane Etrillard z\u00e4hlt das Who&#8217;s Who europ\u00e4ischer Unternehmen zu seinen Kunden. Das Spektrum seiner Kunden erstreckt sich von innovativen Mittelst\u00e4ndlern \u00fcber DAX-Unternehmen bis zu global agierenden Konzernen. Er hat [&hellip;]<\/p>\n","protected":false},"author":2,"featured_media":0,"comment_status":"open","ping_status":"open","sticky":false,"template":"","format":"standard","meta":{"footnotes":""},"categories":[22,17],"tags":[1306,1500,1400,323],"class_list":["post-9299","post","type-post","status-publish","format-standard","hentry","category-social-media","category-strategie","tag-artikel-interview","tag-fundstueck","tag-stphane-etrillard","tag-werner-deck"],"_links":{"self":[{"href":"https:\/\/www.malerdeck.de\/blog\/wp-json\/wp\/v2\/posts\/9299","targetHints":{"allow":["GET"]}}],"collection":[{"href":"https:\/\/www.malerdeck.de\/blog\/wp-json\/wp\/v2\/posts"}],"about":[{"href":"https:\/\/www.malerdeck.de\/blog\/wp-json\/wp\/v2\/types\/post"}],"author":[{"embeddable":true,"href":"https:\/\/www.malerdeck.de\/blog\/wp-json\/wp\/v2\/users\/2"}],"replies":[{"embeddable":true,"href":"https:\/\/www.malerdeck.de\/blog\/wp-json\/wp\/v2\/comments?post=9299"}],"version-history":[{"count":16,"href":"https:\/\/www.malerdeck.de\/blog\/wp-json\/wp\/v2\/posts\/9299\/revisions"}],"predecessor-version":[{"id":23680,"href":"https:\/\/www.malerdeck.de\/blog\/wp-json\/wp\/v2\/posts\/9299\/revisions\/23680"}],"wp:attachment":[{"href":"https:\/\/www.malerdeck.de\/blog\/wp-json\/wp\/v2\/media?parent=9299"}],"wp:term":[{"taxonomy":"category","embeddable":true,"href":"https:\/\/www.malerdeck.de\/blog\/wp-json\/wp\/v2\/categories?post=9299"},{"taxonomy":"post_tag","embeddable":true,"href":"https:\/\/www.malerdeck.de\/blog\/wp-json\/wp\/v2\/tags?post=9299"}],"curies":[{"name":"wp","href":"https:\/\/api.w.org\/{rel}","templated":true}]}}