{"id":8992,"date":"2012-10-03T18:24:48","date_gmt":"2012-10-03T16:24:48","guid":{"rendered":"http:\/\/www.malerdeck.de\/blog\/?p=8992"},"modified":"2012-12-10T07:44:52","modified_gmt":"2012-12-10T05:44:52","slug":"virtuell-commerce-de-schreibt-ueber-malerdeck-social-media-in-handwerk-und-dienstleistung-und-es-geht-doch","status":"publish","type":"post","link":"https:\/\/www.malerdeck.de\/blog\/virtuell-commerce-de-schreibt-ueber-malerdeck-social-media-in-handwerk-und-dienstleistung-und-es-geht-doch","title":{"rendered":"virtuell-commerce.de schreibt \u00fcber malerdeck: &#8222;Social Media in Handwerk und Dienstleistung: und es geht doch!&#8220;"},"content":{"rendered":"<p>Thomas Schmidt schreibt in virtuell-commerce.de \u00fcber Social Media im Handwerk. Dabei stellt er als zwei erw\u00e4hnenswerte Beispiele, die <a href=\"http:\/\/www.lubera.com\/\" target=\"_blank\">G\u00e4rtnerei Lubera AG<\/a> aus der Schweiz und malerdeck vor.<\/p>\n<p>Mit einem Klick auf die Grafik, gelangen Sie zum kompletten Beitrag von Thomas Schmidt auf virtuell-commerce.de.<\/p>\n<div id=\"attachment_8995\" style=\"width: 555px\" class=\"wp-caption aligncenter\"><a href=\"http:\/\/virtual-commerce.de\/social-media-in-handwerk-und-dienstleistung-und-es-geht-doch\/\" target=\"_blank\"><img loading=\"lazy\" decoding=\"async\" aria-describedby=\"caption-attachment-8995\" class=\"size-full wp-image-8995\" title=\"virtual commerce malerdeck social media im handwerk\" src=\"http:\/\/www.malerdeck.de\/blog\/wp-content\/uploads\/2012\/10\/virtual-commerce-malerdeck-social-media-im-handwerk.jpg\" alt=\"\" width=\"545\" height=\"1016\" \/><\/a><p id=\"caption-attachment-8995\" class=\"wp-caption-text\">Social Media im Handwerk: und es geht doch!<\/p><\/div>\n<p>Vielen Dank an Thomas Schmidt (<a href=\"http:\/\/www.virtuell-commerce.de\" target=\"_blank\">www.virtuell-commerce.de<\/a>), dass ich Ihnen als Beispiel dienen durfte. \ud83d\ude42<\/p>\n","protected":false},"excerpt":{"rendered":"<p>Thomas Schmidt schreibt in virtuell-commerce.de \u00fcber Social Media im Handwerk. Dabei stellt er als zwei erw\u00e4hnenswerte Beispiele, die G\u00e4rtnerei Lubera AG aus der Schweiz und malerdeck vor. Mit einem Klick auf die Grafik, gelangen Sie zum kompletten Beitrag von Thomas Schmidt auf virtuell-commerce.de. Vielen Dank an Thomas Schmidt (www.virtuell-commerce.de), dass ich Ihnen als Beispiel dienen [&hellip;]<\/p>\n","protected":false},"author":2,"featured_media":0,"comment_status":"open","ping_status":"open","sticky":false,"template":"","format":"standard","meta":{"footnotes":""},"categories":[22],"tags":[1306,23,1353,738,1469,1470],"class_list":["post-8992","post","type-post","status-publish","format-standard","hentry","category-social-media","tag-artikel-interview","tag-blog","tag-praxistipp","tag-social-media-im-handwerk","tag-thomas-schmidt","tag-virtuell-commerce-de"],"_links":{"self":[{"href":"https:\/\/www.malerdeck.de\/blog\/wp-json\/wp\/v2\/posts\/8992","targetHints":{"allow":["GET"]}}],"collection":[{"href":"https:\/\/www.malerdeck.de\/blog\/wp-json\/wp\/v2\/posts"}],"about":[{"href":"https:\/\/www.malerdeck.de\/blog\/wp-json\/wp\/v2\/types\/post"}],"author":[{"embeddable":true,"href":"https:\/\/www.malerdeck.de\/blog\/wp-json\/wp\/v2\/users\/2"}],"replies":[{"embeddable":true,"href":"https:\/\/www.malerdeck.de\/blog\/wp-json\/wp\/v2\/comments?post=8992"}],"version-history":[{"count":9,"href":"https:\/\/www.malerdeck.de\/blog\/wp-json\/wp\/v2\/posts\/8992\/revisions"}],"predecessor-version":[{"id":11458,"href":"https:\/\/www.malerdeck.de\/blog\/wp-json\/wp\/v2\/posts\/8992\/revisions\/11458"}],"wp:attachment":[{"href":"https:\/\/www.malerdeck.de\/blog\/wp-json\/wp\/v2\/media?parent=8992"}],"wp:term":[{"taxonomy":"category","embeddable":true,"href":"https:\/\/www.malerdeck.de\/blog\/wp-json\/wp\/v2\/categories?post=8992"},{"taxonomy":"post_tag","embeddable":true,"href":"https:\/\/www.malerdeck.de\/blog\/wp-json\/wp\/v2\/tags?post=8992"}],"curies":[{"name":"wp","href":"https:\/\/api.w.org\/{rel}","templated":true}]}}