{"id":8576,"date":"2012-09-18T21:16:55","date_gmt":"2012-09-18T19:16:55","guid":{"rendered":"http:\/\/www.malerdeck.de\/blog\/?p=8576"},"modified":"2012-12-19T11:04:58","modified_gmt":"2012-12-19T09:04:58","slug":"ein-erstklassiger-tipp-fuer-gewerbetreibende-im-grossraum-karlsruhe-werbedesigner-stefan-von-bergmann","status":"publish","type":"post","link":"https:\/\/www.malerdeck.de\/blog\/ein-erstklassiger-tipp-fuer-gewerbetreibende-im-grossraum-karlsruhe-werbedesigner-stefan-von-bergmann","title":{"rendered":"Ein erstklassiger Tipp f\u00fcr Gewerbetreibende im Gro\u00dfraum Karlsruhe: Werbedesigner Stefan von Bergmann"},"content":{"rendered":"<div id=\"attachment_8587\" style=\"width: 110px\" class=\"wp-caption alignleft\"><a href=\"http:\/\/www.bergmann-werbedesign.de\/\" target=\"_blank\"><img loading=\"lazy\" decoding=\"async\" aria-describedby=\"caption-attachment-8587\" class=\" wp-image-8587  \" title=\"Stefan von Bergmann\" alt=\"\" src=\"http:\/\/www.malerdeck.de\/blog\/wp-content\/uploads\/2012\/09\/Stefan-von-Bergmann.jpg\" width=\"100\" height=\"151\" \/><\/a><p id=\"caption-attachment-8587\" class=\"wp-caption-text\">St. von Bergmann<\/p><\/div>\n<p>Liebe Unternehmerkollegen und -Kolleginnen im Gro\u00dfraum Karlsruhe, wir alle m\u00fcssen unsere (Dienst-) Leistungen optimal verkaufen, &#8222;an den Mann\/die Frau bringen&#8220;.<\/p>\n<p>Dazu braucht man kompetente Unterst\u00fctzung. Denn die gute Leistung alleine, reicht daf\u00fcr schon lange nicht mehr aus. Was liegt also n\u00e4her, als sich daf\u00fcr professionelle Hilfe zu holen?<\/p>\n<p>Der <a href=\"http:\/\/www.bergmann-werbedesign.de\/\" target=\"_blank\">Werbedesigner Stefan von Bergmann<\/a>, ist so eine top-professionelle Hilfe. Stefan von Bergmann kann auch Ihnen helfen, denn er<br \/>\n<span style=\"color: #ffffff;\">.<\/span><\/p>\n<blockquote>\n<ul>\n<li>ist ausgesprochen kompetent<\/li>\n<li>versteht sein Fach exzellent<\/li>\n<li>ist grandios kreativ<\/li>\n<li>hat blendende Ideen<\/li>\n<li>ist seinen Preis auf jeden Fall wert,<\/li>\n<\/ul>\n<\/blockquote>\n<p>und er spricht Ihre Sprache. Er hat tolle Referenzen. Stefan von Bergmann ist u.a. Urheber dieses f\u00fcr Karlsruhe wichtigen Slogans:<\/p>\n<div id=\"attachment_8597\" style=\"width: 435px\" class=\"wp-caption aligncenter\"><a href=\"http:\/\/www.bergmann-werbedesign.de\/\" target=\"_blank\"><img loading=\"lazy\" decoding=\"async\" aria-describedby=\"caption-attachment-8597\" class=\"size-full wp-image-8597\" title=\"Karlsruhe breit gef\u00e4chert\" alt=\"\" src=\"http:\/\/www.malerdeck.de\/blog\/wp-content\/uploads\/2012\/09\/Karlsruhe-breit-gef\u00e4chert.jpg\" width=\"425\" height=\"281\" srcset=\"https:\/\/www.malerdeck.de\/blog\/wp-content\/uploads\/2012\/09\/Karlsruhe-breit-gef\u00e4chert.jpg 425w, https:\/\/www.malerdeck.de\/blog\/wp-content\/uploads\/2012\/09\/Karlsruhe-breit-gef\u00e4chert-300x198.jpg 300w\" sizes=\"auto, (max-width: 425px) 100vw, 425px\" \/><\/a><p id=\"caption-attachment-8597\" class=\"wp-caption-text\">Karlsruhe &#8211; breit gef\u00e4chert<\/p><\/div>\n<p>Zudem kann ich aus eigener Erfahrung seine Kompetenz, Kreativit\u00e4t und seine gute Ideen bestens best\u00e4tigen.<\/p>\n<p>Falls Sie also Hilfe ben\u00f6tigen, wenden Sie sich vertrauensvoll an<a href=\"http:\/\/www.bergmann-werbedesign.de\/\" target=\"_blank\"> Stefan von Bergmann<\/a>. Sie werden es ganz bestimmt nicht bereuen.<\/p>\n","protected":false},"excerpt":{"rendered":"<p>Liebe Unternehmerkollegen und -Kolleginnen im Gro\u00dfraum Karlsruhe, wir alle m\u00fcssen unsere (Dienst-) Leistungen optimal verkaufen, &#8222;an den Mann\/die Frau bringen&#8220;. Dazu braucht man kompetente Unterst\u00fctzung. Denn die gute Leistung alleine, reicht daf\u00fcr schon lange nicht mehr aus. Was liegt also n\u00e4her, als sich daf\u00fcr professionelle Hilfe zu holen? Der Werbedesigner Stefan von Bergmann, ist so [&hellip;]<\/p>\n","protected":false},"author":2,"featured_media":0,"comment_status":"open","ping_status":"open","sticky":false,"template":"","format":"standard","meta":{"footnotes":""},"categories":[220],"tags":[1274,1185,1435,1436,2954],"class_list":["post-8576","post","type-post","status-publish","format-standard","hentry","category-werbung","tag-ideen","tag-kreativ","tag-stefan-von-bergmann","tag-werbedesign","tag-werbung"],"_links":{"self":[{"href":"https:\/\/www.malerdeck.de\/blog\/wp-json\/wp\/v2\/posts\/8576","targetHints":{"allow":["GET"]}}],"collection":[{"href":"https:\/\/www.malerdeck.de\/blog\/wp-json\/wp\/v2\/posts"}],"about":[{"href":"https:\/\/www.malerdeck.de\/blog\/wp-json\/wp\/v2\/types\/post"}],"author":[{"embeddable":true,"href":"https:\/\/www.malerdeck.de\/blog\/wp-json\/wp\/v2\/users\/2"}],"replies":[{"embeddable":true,"href":"https:\/\/www.malerdeck.de\/blog\/wp-json\/wp\/v2\/comments?post=8576"}],"version-history":[{"count":47,"href":"https:\/\/www.malerdeck.de\/blog\/wp-json\/wp\/v2\/posts\/8576\/revisions"}],"predecessor-version":[{"id":12021,"href":"https:\/\/www.malerdeck.de\/blog\/wp-json\/wp\/v2\/posts\/8576\/revisions\/12021"}],"wp:attachment":[{"href":"https:\/\/www.malerdeck.de\/blog\/wp-json\/wp\/v2\/media?parent=8576"}],"wp:term":[{"taxonomy":"category","embeddable":true,"href":"https:\/\/www.malerdeck.de\/blog\/wp-json\/wp\/v2\/categories?post=8576"},{"taxonomy":"post_tag","embeddable":true,"href":"https:\/\/www.malerdeck.de\/blog\/wp-json\/wp\/v2\/tags?post=8576"}],"curies":[{"name":"wp","href":"https:\/\/api.w.org\/{rel}","templated":true}]}}