{"id":8469,"date":"2012-09-16T08:52:20","date_gmt":"2012-09-16T06:52:20","guid":{"rendered":"http:\/\/www.malerdeck.de\/blog\/?p=8469"},"modified":"2012-09-16T08:56:12","modified_gmt":"2012-09-16T06:56:12","slug":"sonntag-mogendliches-spektakel-auf-stromkabeln-zugvoegel-sammeln-sich-zum-abflug-in-den-sueden","status":"publish","type":"post","link":"https:\/\/www.malerdeck.de\/blog\/sonntag-mogendliches-spektakel-auf-stromkabeln-zugvoegel-sammeln-sich-zum-abflug-in-den-sueden","title":{"rendered":"Sonntag: Mogendliches Spektakel auf Stromkabeln. Zugv\u00f6gel sammeln sich zum Abflug in den S\u00fcden"},"content":{"rendered":"<p>Heute Morgen, war um 7 Uhr eine fr\u00fche Gassirunde angesagt. Die Temperatur betrug gerademal mickrige 9\u00b0 C.<\/p>\n<div id=\"attachment_8473\" style=\"width: 555px\" class=\"wp-caption aligncenter\"><a href=\"http:\/\/www.malerdeck.de\/blog\/wp-content\/uploads\/2012\/09\/morgendliches-Gassigehen.jpg\"><img loading=\"lazy\" decoding=\"async\" aria-describedby=\"caption-attachment-8473\" class=\"size-full wp-image-8473\" title=\"morgendliches Gassigehen\" src=\"http:\/\/www.malerdeck.de\/blog\/wp-content\/uploads\/2012\/09\/morgendliches-Gassigehen.jpg\" alt=\"\" width=\"545\" height=\"409\" srcset=\"https:\/\/www.malerdeck.de\/blog\/wp-content\/uploads\/2012\/09\/morgendliches-Gassigehen.jpg 545w, https:\/\/www.malerdeck.de\/blog\/wp-content\/uploads\/2012\/09\/morgendliches-Gassigehen-300x225.jpg 300w\" sizes=\"auto, (max-width: 545px) 100vw, 545px\" \/><\/a><p id=\"caption-attachment-8473\" class=\"wp-caption-text\">Die Sonne beginnt sich zu zeigen<\/p><\/div>\n<p>Aber die Sonne zw\u00e4ngte sich bereits w\u00e4rmend in die Landschaft.<\/p>\n<p>Bereits hier h\u00f6rte ich ein aufgeregtes Gezwitscher. Hundert Meter weiter, bot sich mir dieses tolle Bild.<\/p>\n<div id=\"attachment_8478\" style=\"width: 555px\" class=\"wp-caption aligncenter\"><a href=\"http:\/\/www.malerdeck.de\/blog\/wp-content\/uploads\/2012\/09\/Spektakel-auf-strommast-zugv\u00f6gel.jpg\"><img loading=\"lazy\" decoding=\"async\" aria-describedby=\"caption-attachment-8478\" class=\"size-full wp-image-8478\" title=\"Spektakel auf strommast zugv\u00f6gel\" src=\"http:\/\/www.malerdeck.de\/blog\/wp-content\/uploads\/2012\/09\/Spektakel-auf-strommast-zugv\u00f6gel.jpg\" alt=\"\" width=\"545\" height=\"380\" srcset=\"https:\/\/www.malerdeck.de\/blog\/wp-content\/uploads\/2012\/09\/Spektakel-auf-strommast-zugv\u00f6gel.jpg 545w, https:\/\/www.malerdeck.de\/blog\/wp-content\/uploads\/2012\/09\/Spektakel-auf-strommast-zugv\u00f6gel-300x209.jpg 300w\" sizes=\"auto, (max-width: 545px) 100vw, 545px\" \/><\/a><p id=\"caption-attachment-8478\" class=\"wp-caption-text\">Das Spektakel auf den Stromleitungen<\/p><\/div>\n<p>In der aufgehenden Sonne, versammelten sich ca. 300 V\u00f6gel auf der Stromleitung. Ihr zwitschernder L\u00e4rm, lie\u00df den fr\u00fchen Morgen schlagartig erwachen. Die aufgehende Sonne tat ihr \u00fcbriges.<\/p>\n<p>Irgendwann, wird der Vogelchef oder die Vogelchefin den Startzwitscher zum Abflug in den warmen S\u00fcden geben. Gerne w\u00fcrde ich mitfliegen und damit das Grau des Herbstes und die K\u00e4lte des Winters hinter mir lassen.<\/p>\n<p>Der Augenblick hatte etwas magisches.<\/p>\n<p>Das dachten sich vielleicht auch diese vier Graug\u00e4nse, die die Situation interessiert beobachteten und laut schnatternd vorbei flogen.<\/p>\n<div id=\"attachment_8482\" style=\"width: 555px\" class=\"wp-caption aligncenter\"><a href=\"http:\/\/www.malerdeck.de\/blog\/wp-content\/uploads\/2012\/09\/Graug\u00e4nse-als-interessierte-Beobachter.jpg\"><img loading=\"lazy\" decoding=\"async\" aria-describedby=\"caption-attachment-8482\" class=\"size-full wp-image-8482\" title=\"Graug\u00e4nse als interessierte Beobachter\" src=\"http:\/\/www.malerdeck.de\/blog\/wp-content\/uploads\/2012\/09\/Graug\u00e4nse-als-interessierte-Beobachter.jpg\" alt=\"\" width=\"545\" height=\"401\" srcset=\"https:\/\/www.malerdeck.de\/blog\/wp-content\/uploads\/2012\/09\/Graug\u00e4nse-als-interessierte-Beobachter.jpg 545w, https:\/\/www.malerdeck.de\/blog\/wp-content\/uploads\/2012\/09\/Graug\u00e4nse-als-interessierte-Beobachter-300x220.jpg 300w\" sizes=\"auto, (max-width: 545px) 100vw, 545px\" \/><\/a><p id=\"caption-attachment-8482\" class=\"wp-caption-text\">Schnatternde Graug\u00e4nse als interessierte Beobachter<\/p><\/div>\n<p>Ein beeindruckender Sonntagmorgen. \ud83d\ude42<\/p>\n","protected":false},"excerpt":{"rendered":"<p>Heute Morgen, war um 7 Uhr eine fr\u00fche Gassirunde angesagt. Die Temperatur betrug gerademal mickrige 9\u00b0 C. Aber die Sonne zw\u00e4ngte sich bereits w\u00e4rmend in die Landschaft. Bereits hier h\u00f6rte ich ein aufgeregtes Gezwitscher. Hundert Meter weiter, bot sich mir dieses tolle Bild. In der aufgehenden Sonne, versammelten sich ca. 300 V\u00f6gel auf der Stromleitung. [&hellip;]<\/p>\n","protected":false},"author":2,"featured_media":0,"comment_status":"open","ping_status":"open","sticky":false,"template":"","format":"standard","meta":{"footnotes":""},"categories":[13],"tags":[1413,1415,1410,1414,1412,1409,1411],"class_list":["post-8469","post","type-post","status-publish","format-standard","hentry","category-privates","tag-abflug","tag-graugaense","tag-schnatternd","tag-sonntagmorgen","tag-stromkabel","tag-zugvoegel","tag-zwitschernd"],"_links":{"self":[{"href":"https:\/\/www.malerdeck.de\/blog\/wp-json\/wp\/v2\/posts\/8469","targetHints":{"allow":["GET"]}}],"collection":[{"href":"https:\/\/www.malerdeck.de\/blog\/wp-json\/wp\/v2\/posts"}],"about":[{"href":"https:\/\/www.malerdeck.de\/blog\/wp-json\/wp\/v2\/types\/post"}],"author":[{"embeddable":true,"href":"https:\/\/www.malerdeck.de\/blog\/wp-json\/wp\/v2\/users\/2"}],"replies":[{"embeddable":true,"href":"https:\/\/www.malerdeck.de\/blog\/wp-json\/wp\/v2\/comments?post=8469"}],"version-history":[{"count":15,"href":"https:\/\/www.malerdeck.de\/blog\/wp-json\/wp\/v2\/posts\/8469\/revisions"}],"predecessor-version":[{"id":8487,"href":"https:\/\/www.malerdeck.de\/blog\/wp-json\/wp\/v2\/posts\/8469\/revisions\/8487"}],"wp:attachment":[{"href":"https:\/\/www.malerdeck.de\/blog\/wp-json\/wp\/v2\/media?parent=8469"}],"wp:term":[{"taxonomy":"category","embeddable":true,"href":"https:\/\/www.malerdeck.de\/blog\/wp-json\/wp\/v2\/categories?post=8469"},{"taxonomy":"post_tag","embeddable":true,"href":"https:\/\/www.malerdeck.de\/blog\/wp-json\/wp\/v2\/tags?post=8469"}],"curies":[{"name":"wp","href":"https:\/\/api.w.org\/{rel}","templated":true}]}}