{"id":7895,"date":"2012-08-23T19:09:29","date_gmt":"2012-08-23T17:09:29","guid":{"rendered":"http:\/\/www.malerdeck.de\/blog\/?p=7895"},"modified":"2012-09-12T08:34:52","modified_gmt":"2012-09-12T06:34:52","slug":"berichterstattung-in-den-medien-ueber-meine-studie-zur-praesenz-des-handwerks-im-internet","status":"publish","type":"post","link":"https:\/\/www.malerdeck.de\/blog\/berichterstattung-in-den-medien-ueber-meine-studie-zur-praesenz-des-handwerks-im-internet","title":{"rendered":"Berichterstattung in den Medien, \u00fcber meine Studie zur Pr\u00e4senz des Handwerks im Internet"},"content":{"rendered":"<p>Hier geht es zum <a href=\"http:\/\/www.malerdeck.de\/blog\/aktuelle-internetstudie-072012-46-der-handwerksbetriebe-haben-keine-internetpraesenz\" target=\"_blank\">Ergebnis meiner Studie<\/a> \u00fcber die Internetpr\u00e4senz im deutschen Handwerk. Ein Klick auf die jeweilige Grafik, f\u00fchrt Sie zum Originalartikel.<\/p>\n<h3 style=\"text-align: center;\">Deutsche Handwerkszeitung<\/h3>\n<div id=\"attachment_7896\" style=\"width: 555px\" class=\"wp-caption aligncenter\"><a href=\"http:\/\/www.deutsche-handwerks-zeitung.de\/index.cfm?cid=3101&amp;documents.id=177147&amp;ratingdone=1#arate\" target=\"_blank\"><img loading=\"lazy\" decoding=\"async\" aria-describedby=\"caption-attachment-7896\" class=\"size-full wp-image-7896\" title=\"Deutsche Handwerkszeitung\" src=\"http:\/\/www.malerdeck.de\/blog\/wp-content\/uploads\/2012\/08\/Deutsche-Handwerkszeitung.jpg\" alt=\"\" width=\"545\" height=\"777\" srcset=\"https:\/\/www.malerdeck.de\/blog\/wp-content\/uploads\/2012\/08\/Deutsche-Handwerkszeitung.jpg 545w, https:\/\/www.malerdeck.de\/blog\/wp-content\/uploads\/2012\/08\/Deutsche-Handwerkszeitung-210x300.jpg 210w\" sizes=\"auto, (max-width: 545px) 100vw, 545px\" \/><\/a><p id=\"caption-attachment-7896\" class=\"wp-caption-text\">Deutsche Handwerkszeitung<\/p><\/div>\n<h3 style=\"text-align: center;\">mittelstanddirekt der Volksbanken und Raiffeisenbanken<\/h3>\n<div id=\"attachment_7897\" style=\"width: 555px\" class=\"wp-caption aligncenter\"><a href=\"http:\/\/www.mittelstanddirekt.de\/home\/it_und_internet\/nachrichten\/fast_die_haelfte_der_handwerksbetriebe_hat_keine_internetpraesenz.html?dynpage=0&amp;dynurl=http%3A%2F%2Fwww.mittelstanddirekt.de%2Fhome%2Fit_und_internet.html\" target=\"_blank\"><img loading=\"lazy\" decoding=\"async\" aria-describedby=\"caption-attachment-7897\" class=\"size-full wp-image-7897\" title=\"mittelstand direkt Volksbanken werner deck Internetstudie\" src=\"http:\/\/www.malerdeck.de\/blog\/wp-content\/uploads\/2012\/08\/mittelstand-direkt-Volksbanken-werner-deck-Internetstudie.jpg\" alt=\"\" width=\"545\" height=\"503\" srcset=\"https:\/\/www.malerdeck.de\/blog\/wp-content\/uploads\/2012\/08\/mittelstand-direkt-Volksbanken-werner-deck-Internetstudie.jpg 545w, https:\/\/www.malerdeck.de\/blog\/wp-content\/uploads\/2012\/08\/mittelstand-direkt-Volksbanken-werner-deck-Internetstudie-300x276.jpg 300w\" sizes=\"auto, (max-width: 545px) 100vw, 545px\" \/><\/a><p id=\"caption-attachment-7897\" class=\"wp-caption-text\">mittelstanddirekt Volksbanken Raiffeisenbanken<\/p><\/div>\n<h3 style=\"text-align: center;\">SteadyNews<\/h3>\n<div id=\"attachment_7898\" style=\"width: 555px\" class=\"wp-caption aligncenter\"><a href=\"http:\/\/www.steadynews.de\/allgemein\/50-der-deutschen-handwerker-haben-keine-internetseite\" target=\"_blank\"><img loading=\"lazy\" decoding=\"async\" aria-describedby=\"caption-attachment-7898\" class=\"size-full wp-image-7898\" title=\"Steady News Internetstudie Werner Deck\" src=\"http:\/\/www.malerdeck.de\/blog\/wp-content\/uploads\/2012\/08\/Steady-News-Internetstudie-Werner-Deck.jpg\" alt=\"\" width=\"545\" height=\"915\" srcset=\"https:\/\/www.malerdeck.de\/blog\/wp-content\/uploads\/2012\/08\/Steady-News-Internetstudie-Werner-Deck.jpg 545w, https:\/\/www.malerdeck.de\/blog\/wp-content\/uploads\/2012\/08\/Steady-News-Internetstudie-Werner-Deck-178x300.jpg 178w\" sizes=\"auto, (max-width: 545px) 100vw, 545px\" \/><\/a><p id=\"caption-attachment-7898\" class=\"wp-caption-text\">Steady News<\/p><\/div>\n<p><a href=\"http:\/\/www.malerdeck.de\/blog\/wp-content\/uploads\/2012\/08\/MyHammer-Internetstudie-Werner-Deck.jpg\"><img loading=\"lazy\" decoding=\"async\" class=\"aligncenter size-full wp-image-7899\" title=\"MyHammer Internetstudie Werner Deck\" src=\"http:\/\/www.malerdeck.de\/blog\/wp-content\/uploads\/2012\/08\/MyHammer-Internetstudie-Werner-Deck.jpg\" alt=\"\" width=\"545\" height=\"87\" srcset=\"https:\/\/www.malerdeck.de\/blog\/wp-content\/uploads\/2012\/08\/MyHammer-Internetstudie-Werner-Deck.jpg 545w, https:\/\/www.malerdeck.de\/blog\/wp-content\/uploads\/2012\/08\/MyHammer-Internetstudie-Werner-Deck-300x47.jpg 300w\" sizes=\"auto, (max-width: 545px) 100vw, 545px\" \/><\/a><\/p>\n<p style=\"text-align: center;\"><strong>Kreishandwerkerschaft R\u00fcgen-Strahlsund-Vorpommern<\/strong><\/p>\n<div id=\"attachment_7978\" style=\"width: 555px\" class=\"wp-caption aligncenter\"><a href=\"http:\/\/zukunfthandwerk.ning.com\/profiles\/blogs\/aktuelle-internetstudie-07-2012-46-der-handwerksbetriebe-haben?xg_source=activity\" target=\"_blank\"><img loading=\"lazy\" decoding=\"async\" aria-describedby=\"caption-attachment-7978\" class=\"size-full wp-image-7978\" title=\"Internetstudie Kreishandwerkerschaft werner deck\" src=\"http:\/\/www.malerdeck.de\/blog\/wp-content\/uploads\/2012\/08\/Internetstudie-Kreishandwerkerschaft-werner-deck.jpg\" alt=\"\" width=\"545\" height=\"644\" srcset=\"https:\/\/www.malerdeck.de\/blog\/wp-content\/uploads\/2012\/08\/Internetstudie-Kreishandwerkerschaft-werner-deck.jpg 545w, https:\/\/www.malerdeck.de\/blog\/wp-content\/uploads\/2012\/08\/Internetstudie-Kreishandwerkerschaft-werner-deck-253x300.jpg 253w\" sizes=\"auto, (max-width: 545px) 100vw, 545px\" \/><\/a><p id=\"caption-attachment-7978\" class=\"wp-caption-text\">Kreishandwerkerschaft R\u00fcgen-Strahlsund-Vorpommern<\/p><\/div>\n<p style=\"text-align: center;\"><strong>handwerkmagazin<\/strong><\/p>\n<div id=\"attachment_7979\" style=\"width: 555px\" class=\"wp-caption aligncenter\"><a href=\"http:\/\/www.handwerk-magazin.de\/internetnutzung-handwerk-muss-zeichen-der-zeit-erkennen\/150\/381\/177213\/\" target=\"_blank\"><img loading=\"lazy\" decoding=\"async\" aria-describedby=\"caption-attachment-7979\" class=\"size-full wp-image-7979\" title=\"Internetstudie Handwerkmagazin werner deck\" src=\"http:\/\/www.malerdeck.de\/blog\/wp-content\/uploads\/2012\/08\/Internetstudie-Handwerkmagazin-werner-deck.jpg\" alt=\"\" width=\"545\" height=\"790\" srcset=\"https:\/\/www.malerdeck.de\/blog\/wp-content\/uploads\/2012\/08\/Internetstudie-Handwerkmagazin-werner-deck.jpg 545w, https:\/\/www.malerdeck.de\/blog\/wp-content\/uploads\/2012\/08\/Internetstudie-Handwerkmagazin-werner-deck-206x300.jpg 206w\" sizes=\"auto, (max-width: 545px) 100vw, 545px\" \/><\/a><p id=\"caption-attachment-7979\" class=\"wp-caption-text\">Handwerkmagazin<\/p><\/div>\n","protected":false},"excerpt":{"rendered":"<p>Hier geht es zum Ergebnis meiner Studie \u00fcber die Internetpr\u00e4senz im deutschen Handwerk. Ein Klick auf die jeweilige Grafik, f\u00fchrt Sie zum Originalartikel. Deutsche Handwerkszeitung mittelstanddirekt der Volksbanken und Raiffeisenbanken SteadyNews Kreishandwerkerschaft R\u00fcgen-Strahlsund-Vorpommern handwerkmagazin<\/p>\n","protected":false},"author":2,"featured_media":0,"comment_status":"open","ping_status":"open","sticky":false,"template":"","format":"standard","meta":{"footnotes":""},"categories":[22,17,248],"tags":[31,1146,1238,1237,1236,2950,738],"class_list":["post-7895","post","type-post","status-publish","format-standard","hentry","category-social-media","category-strategie","category-veroeffentlichungen","tag-handwerk","tag-homepage","tag-internetpraesenz","tag-internetstudie","tag-mister-social-media","tag-social-media","tag-social-media-im-handwerk"],"_links":{"self":[{"href":"https:\/\/www.malerdeck.de\/blog\/wp-json\/wp\/v2\/posts\/7895","targetHints":{"allow":["GET"]}}],"collection":[{"href":"https:\/\/www.malerdeck.de\/blog\/wp-json\/wp\/v2\/posts"}],"about":[{"href":"https:\/\/www.malerdeck.de\/blog\/wp-json\/wp\/v2\/types\/post"}],"author":[{"embeddable":true,"href":"https:\/\/www.malerdeck.de\/blog\/wp-json\/wp\/v2\/users\/2"}],"replies":[{"embeddable":true,"href":"https:\/\/www.malerdeck.de\/blog\/wp-json\/wp\/v2\/comments?post=7895"}],"version-history":[{"count":8,"href":"https:\/\/www.malerdeck.de\/blog\/wp-json\/wp\/v2\/posts\/7895\/revisions"}],"predecessor-version":[{"id":7977,"href":"https:\/\/www.malerdeck.de\/blog\/wp-json\/wp\/v2\/posts\/7895\/revisions\/7977"}],"wp:attachment":[{"href":"https:\/\/www.malerdeck.de\/blog\/wp-json\/wp\/v2\/media?parent=7895"}],"wp:term":[{"taxonomy":"category","embeddable":true,"href":"https:\/\/www.malerdeck.de\/blog\/wp-json\/wp\/v2\/categories?post=7895"},{"taxonomy":"post_tag","embeddable":true,"href":"https:\/\/www.malerdeck.de\/blog\/wp-json\/wp\/v2\/tags?post=7895"}],"curies":[{"name":"wp","href":"https:\/\/api.w.org\/{rel}","templated":true}]}}