{"id":7861,"date":"2012-08-23T16:42:44","date_gmt":"2012-08-23T14:42:44","guid":{"rendered":"http:\/\/www.malerdeck.de\/blog\/?p=7861"},"modified":"2012-08-24T05:58:33","modified_gmt":"2012-08-24T03:58:33","slug":"franchise-zentrale-opti-maler-partner-vorbereitungen-fuer-social-media-workshop-abgeschlossen","status":"publish","type":"post","link":"https:\/\/www.malerdeck.de\/blog\/franchise-zentrale-opti-maler-partner-vorbereitungen-fuer-social-media-workshop-abgeschlossen","title":{"rendered":"Franchise-Zentrale Opti-Maler-Partner: Vorbereitungen f\u00fcr Social-Media-Workshop am 25.08. abgeschlossen"},"content":{"rendered":"<p>Am kommenden Samstag, findet der exklusive Workshop f\u00fcr \u201cOpti-Maler-Partner\u201d, zum wichtigen Thema\u00a0 Social Media, statt.<\/p>\n<p>Mit den beiden Experten, <a href=\"http:\/\/riesterer.org\/unternehmen\/ueber-uns\/\" target=\"_blank\">Marcus Riesterer und Klaus-Steffen Priemer<\/a>, trafen wir heute die abschlie\u00dfenden strategischen Vorbereitungen.<\/p>\n<div id=\"attachment_7863\" style=\"width: 555px\" class=\"wp-caption aligncenter\"><a href=\"http:\/\/www.malerdeck.de\/blog\/wp-content\/uploads\/2012\/08\/Seminarraum-Social-Media-malerdeck.jpg\"><img loading=\"lazy\" decoding=\"async\" aria-describedby=\"caption-attachment-7863\" class=\"size-full wp-image-7863\" title=\"Seminarraum Social Media malerdeck\" src=\"http:\/\/www.malerdeck.de\/blog\/wp-content\/uploads\/2012\/08\/Seminarraum-Social-Media-malerdeck.jpg\" alt=\"\" width=\"545\" height=\"426\" srcset=\"https:\/\/www.malerdeck.de\/blog\/wp-content\/uploads\/2012\/08\/Seminarraum-Social-Media-malerdeck.jpg 545w, https:\/\/www.malerdeck.de\/blog\/wp-content\/uploads\/2012\/08\/Seminarraum-Social-Media-malerdeck-300x234.jpg 300w\" sizes=\"auto, (max-width: 545px) 100vw, 545px\" \/><\/a><p id=\"caption-attachment-7863\" class=\"wp-caption-text\">Seminarraum Franchise-Zentrale Opti-Maler-Partner<\/p><\/div>\n<p>Wir bereiteten den Seminarraum vor und besprachen letzte Einzelheiten der Organisation, des Ablaufs von Inhalt und Abwicklung. Meine Sekret\u00e4rin, Frau Vogelmann, hat uns dabei tatkr\u00e4ftig unterst\u00fctzt.\u00a0 Daf\u00fcr vielen Dank. \ud83d\ude42<\/p>\n<p>Vielen Dank auch an meine liebe Liebe :-), die ebenfalls umfangreich in die Vorbereitungen eingebunden war und am Samstag f\u00fcr die schmackhafte Verpflegung sorgt. \ud83d\ude42<\/p>\n<div id=\"attachment_7871\" style=\"width: 555px\" class=\"wp-caption aligncenter\"><a href=\"http:\/\/www.malerdeck.de\/blog\/wp-content\/uploads\/2012\/08\/Seminar-Social-Media-malerdeck.jpg\"><img loading=\"lazy\" decoding=\"async\" aria-describedby=\"caption-attachment-7871\" class=\"size-full wp-image-7871\" title=\"Seminar Social Media malerdeck\" src=\"http:\/\/www.malerdeck.de\/blog\/wp-content\/uploads\/2012\/08\/Seminar-Social-Media-malerdeck.jpg\" alt=\"\" width=\"545\" height=\"402\" srcset=\"https:\/\/www.malerdeck.de\/blog\/wp-content\/uploads\/2012\/08\/Seminar-Social-Media-malerdeck.jpg 545w, https:\/\/www.malerdeck.de\/blog\/wp-content\/uploads\/2012\/08\/Seminar-Social-Media-malerdeck-300x221.jpg 300w\" sizes=\"auto, (max-width: 545px) 100vw, 545px\" \/><\/a><p id=\"caption-attachment-7871\" class=\"wp-caption-text\">Frau Vogelmann hat die Namensschilder f\u00fcr die Teilnehmer vorbereitet<\/p><\/div>\n<div id=\"attachment_7873\" style=\"width: 555px\" class=\"wp-caption aligncenter\"><a href=\"http:\/\/www.malerdeck.de\/blog\/wp-content\/uploads\/2012\/08\/Seminar-Social-Media-malerdeck-Opti-Maler-Partner-Franchise.jpg\"><img loading=\"lazy\" decoding=\"async\" aria-describedby=\"caption-attachment-7873\" class=\"size-full wp-image-7873 \" title=\"Seminar Social Media malerdeck Opti-Maler-Partner Franchise\" src=\"http:\/\/www.malerdeck.de\/blog\/wp-content\/uploads\/2012\/08\/Seminar-Social-Media-malerdeck-Opti-Maler-Partner-Franchise.jpg\" alt=\"\" width=\"545\" height=\"353\" srcset=\"https:\/\/www.malerdeck.de\/blog\/wp-content\/uploads\/2012\/08\/Seminar-Social-Media-malerdeck-Opti-Maler-Partner-Franchise.jpg 545w, https:\/\/www.malerdeck.de\/blog\/wp-content\/uploads\/2012\/08\/Seminar-Social-Media-malerdeck-Opti-Maler-Partner-Franchise-300x194.jpg 300w\" sizes=\"auto, (max-width: 545px) 100vw, 545px\" \/><\/a><p id=\"caption-attachment-7873\" class=\"wp-caption-text\">Die drei Social Media Musketiere (Priemer, Riesterer, Deck), nach getaner Arbeit<\/p><\/div>\n<p>Wir haben am Samstag ein volles Haus, kein Platz ist mehr frei. Die teilnehmenden Opti-Maler-Partner k\u00f6nnen sich auf eine gehaltvolle, lehrreiche und spannende Veranstaltung freuen.<\/p>\n<p>Denn hier wird das Wissen von wirklichen Experten\/Praktikern vermittelt, die selbst seit Jahren nachweislich\u00a0 sehr erfolgreich Social Media betreiben.<\/p>\n<p>Social Media Fachwissen, aus erster und sehr erfolgreicher Hand. \ud83d\ude09<\/p>\n","protected":false},"excerpt":{"rendered":"<p>Am kommenden Samstag, findet der exklusive Workshop f\u00fcr \u201cOpti-Maler-Partner\u201d, zum wichtigen Thema\u00a0 Social Media, statt. Mit den beiden Experten, Marcus Riesterer und Klaus-Steffen Priemer, trafen wir heute die abschlie\u00dfenden strategischen Vorbereitungen. Wir bereiteten den Seminarraum vor und besprachen letzte Einzelheiten der Organisation, des Ablaufs von Inhalt und Abwicklung. Meine Sekret\u00e4rin, Frau Vogelmann, hat uns dabei [&hellip;]<\/p>\n","protected":false},"author":2,"featured_media":0,"comment_status":"open","ping_status":"open","sticky":false,"template":"","format":"standard","meta":{"footnotes":""},"categories":[5,22,294],"tags":[1328,550,24,552,2950,1319],"class_list":["post-7861","post","type-post","status-publish","format-standard","hentry","category-franchise-maler","category-social-media","category-vortraege-beratung","tag-franchise-zentrale","tag-maler-franchise","tag-malerdeck","tag-opti-maler-partner","tag-social-media","tag-workshop"],"_links":{"self":[{"href":"https:\/\/www.malerdeck.de\/blog\/wp-json\/wp\/v2\/posts\/7861","targetHints":{"allow":["GET"]}}],"collection":[{"href":"https:\/\/www.malerdeck.de\/blog\/wp-json\/wp\/v2\/posts"}],"about":[{"href":"https:\/\/www.malerdeck.de\/blog\/wp-json\/wp\/v2\/types\/post"}],"author":[{"embeddable":true,"href":"https:\/\/www.malerdeck.de\/blog\/wp-json\/wp\/v2\/users\/2"}],"replies":[{"embeddable":true,"href":"https:\/\/www.malerdeck.de\/blog\/wp-json\/wp\/v2\/comments?post=7861"}],"version-history":[{"count":30,"href":"https:\/\/www.malerdeck.de\/blog\/wp-json\/wp\/v2\/posts\/7861\/revisions"}],"predecessor-version":[{"id":7884,"href":"https:\/\/www.malerdeck.de\/blog\/wp-json\/wp\/v2\/posts\/7861\/revisions\/7884"}],"wp:attachment":[{"href":"https:\/\/www.malerdeck.de\/blog\/wp-json\/wp\/v2\/media?parent=7861"}],"wp:term":[{"taxonomy":"category","embeddable":true,"href":"https:\/\/www.malerdeck.de\/blog\/wp-json\/wp\/v2\/categories?post=7861"},{"taxonomy":"post_tag","embeddable":true,"href":"https:\/\/www.malerdeck.de\/blog\/wp-json\/wp\/v2\/tags?post=7861"}],"curies":[{"name":"wp","href":"https:\/\/api.w.org\/{rel}","templated":true}]}}