{"id":6975,"date":"2010-06-14T16:09:12","date_gmt":"2010-06-14T14:09:12","guid":{"rendered":"http:\/\/www.malerdeck.de\/blog\/?p=6975"},"modified":"2012-07-23T12:54:15","modified_gmt":"2012-07-23T10:54:15","slug":"weiterempfehlungskaertchen-bei-der-rechnung","status":"publish","type":"post","link":"https:\/\/www.malerdeck.de\/blog\/weiterempfehlungskaertchen-bei-der-rechnung","title":{"rendered":"Weiterempfehlungsk\u00e4rtchen bei der Rechnung"},"content":{"rendered":"<p>Die pers\u00f6nliche Weiterempfehlung ist ein wichtiges Strategieinstrument bei malerdeck. Hier will ich m\u00f6glichst nichts dem Zufall \u00fcberlassen.<\/p>\n<div id=\"attachment_6976\" style=\"width: 422px\" class=\"wp-caption aligncenter\"><a href=\"http:\/\/www.malerdeck.de\/blog\/wp-content\/uploads\/2012\/07\/empfehlungskartchen.jpg\"><img loading=\"lazy\" decoding=\"async\" aria-describedby=\"caption-attachment-6976\" class=\"size-full wp-image-6976\" title=\"empfehlungskartchen\" src=\"http:\/\/www.malerdeck.de\/blog\/wp-content\/uploads\/2012\/07\/empfehlungskartchen.jpg\" alt=\"\" width=\"412\" height=\"214\" srcset=\"https:\/\/www.malerdeck.de\/blog\/wp-content\/uploads\/2012\/07\/empfehlungskartchen.jpg 412w, https:\/\/www.malerdeck.de\/blog\/wp-content\/uploads\/2012\/07\/empfehlungskartchen-300x155.jpg 300w\" sizes=\"auto, (max-width: 412px) 100vw, 412px\" \/><\/a><p id=\"caption-attachment-6976\" class=\"wp-caption-text\">Weiterempfehlungsk\u00e4rtchen malerdeck<\/p><\/div>\n<p style=\"text-align: justify;\">Schon bei Beendigung der Arbeiten beim Kunden, tritt f\u00fcr die Weiterempfehlung unser<a href=\"http:\/\/www.malerdeck.de\/blog\/aha-effekt-beim-kunden-baerchen-clemens-erzeugt-viel-sympathische-mundpropaganda\" target=\"_blank\"> B\u00e4rchen \u201cClemens\u201d<\/a> auf den Plan. Doch damit nicht genug. Auch in der Rechnung bitte ich den Kunden, uns aktiv weiter zu empfehlen.<\/p>\n<p style=\"text-align: justify;\">Folgender Text steht dazu in der Rechnung:<\/p>\n<blockquote>\n<p style=\"text-align: justify;\"><em>Bedanken m\u00f6chte ich mich bei dieser Gelegenheit f\u00fcr die gute Zusammenarbeit mit Ihnen. Wir waren gerne f\u00fcr Sie t\u00e4tig und freuen uns darauf, bei Ihnen bald wieder etwas versch\u00f6nern zu d\u00fcrfen. Sie wissen ja: Wir sind gerne Ihr \u201cOpti-Maler-Partner\u201d. <\/em><\/p>\n<p style=\"text-align: justify;\"><em><strong>Eine Bitte zum Schlu\u00df: Empfehlen Sie uns &#8211; mit den K\u00e4rtchen &#8211; bitte weiter. Vielen Dank!<\/strong><\/em><\/p>\n<\/blockquote>\n<p>Zur Rechnung kommen dann drei St\u00fcck des oben gezeigten\u00a0Empfehlungsk\u00e4rtchens.<\/p>\n<p>Nat\u00fcrlich wei\u00df ich nicht exakt, wie stark die K\u00e4rtchen verteilt werden. Aber: Steter Tropfen h\u00f6hlt auch hier den Stein. Und erst neulich sagte mir ein zufriedener Kunde, dass er bereits alle K\u00e4rtchen verteilt hat und er gerne noch welche zum Verteilen haben m\u00f6chte.<\/p>\n<p>Update am 26.08.2010: <a href=\"http:\/\/www.malerdeck.de\/blog\/mein-weiterempfehlungskaertchen-lag-bei-neuer-kundin-auf-dem-couchtisch\" target=\"_blank\">Heute so ein Empfehlungsk\u00e4rtchen bei einer neuen Kundin gesehen<\/a>.<\/p>\n","protected":false},"excerpt":{"rendered":"<p>Die pers\u00f6nliche Weiterempfehlung ist ein wichtiges Strategieinstrument bei malerdeck. Hier will ich m\u00f6glichst nichts dem Zufall \u00fcberlassen. Schon bei Beendigung der Arbeiten beim Kunden, tritt f\u00fcr die Weiterempfehlung unser B\u00e4rchen \u201cClemens\u201d auf den Plan. Doch damit nicht genug. Auch in der Rechnung bitte ich den Kunden, uns aktiv weiter zu empfehlen. Folgender Text steht dazu [&hellip;]<\/p>\n","protected":false},"author":2,"featured_media":0,"comment_status":"open","ping_status":"open","sticky":false,"template":"","format":"standard","meta":{"footnotes":""},"categories":[12,17],"tags":[1227,67,268,366],"class_list":["post-6975","post","type-post","status-publish","format-standard","hentry","category-organisation-und-unternehmensfuehrung","category-strategie","tag-empfehlungskaertchen","tag-mundpropaganda","tag-rechnung","tag-weiterempfehlung"],"_links":{"self":[{"href":"https:\/\/www.malerdeck.de\/blog\/wp-json\/wp\/v2\/posts\/6975","targetHints":{"allow":["GET"]}}],"collection":[{"href":"https:\/\/www.malerdeck.de\/blog\/wp-json\/wp\/v2\/posts"}],"about":[{"href":"https:\/\/www.malerdeck.de\/blog\/wp-json\/wp\/v2\/types\/post"}],"author":[{"embeddable":true,"href":"https:\/\/www.malerdeck.de\/blog\/wp-json\/wp\/v2\/users\/2"}],"replies":[{"embeddable":true,"href":"https:\/\/www.malerdeck.de\/blog\/wp-json\/wp\/v2\/comments?post=6975"}],"version-history":[{"count":8,"href":"https:\/\/www.malerdeck.de\/blog\/wp-json\/wp\/v2\/posts\/6975\/revisions"}],"predecessor-version":[{"id":7002,"href":"https:\/\/www.malerdeck.de\/blog\/wp-json\/wp\/v2\/posts\/6975\/revisions\/7002"}],"wp:attachment":[{"href":"https:\/\/www.malerdeck.de\/blog\/wp-json\/wp\/v2\/media?parent=6975"}],"wp:term":[{"taxonomy":"category","embeddable":true,"href":"https:\/\/www.malerdeck.de\/blog\/wp-json\/wp\/v2\/categories?post=6975"},{"taxonomy":"post_tag","embeddable":true,"href":"https:\/\/www.malerdeck.de\/blog\/wp-json\/wp\/v2\/tags?post=6975"}],"curies":[{"name":"wp","href":"https:\/\/api.w.org\/{rel}","templated":true}]}}