{"id":659,"date":"2011-06-10T11:27:03","date_gmt":"2011-06-10T09:27:03","guid":{"rendered":"http:\/\/www.malerdeck.de\/blog\/?p=659"},"modified":"2011-10-10T17:29:20","modified_gmt":"2011-10-10T15:29:20","slug":"klasse-lieferservice-von-schlecker","status":"publish","type":"post","link":"https:\/\/www.malerdeck.de\/blog\/klasse-lieferservice-von-schlecker","title":{"rendered":"Klasse Lieferservice von Schlecker"},"content":{"rendered":"<p>Vorgestern bestellte ich im Onlineshop von Schlecker einige Kaffee-Pads. Bereits\u00a0gestern war die Lieferung da.<\/p>\n<p>Solche \u201cKleinigkeiten\u201d des t\u00e4glichen Bedarfs, bestelle ich \u00f6fters bei Schlecker. Die Lieferung dauert nie l\u00e4nger als zwei Tage.<\/p>\n<div class=\"mceTemp mceIEcenter\" style=\"text-align: center;\">\n<dl id=\"attachment_660\" class=\"wp-caption aligncenter\" style=\"width: 552px;\">\n<dt class=\"wp-caption-dt\"><a href=\"http:\/\/www.malerdeck.de\/blog\/wp-content\/uploads\/2011\/10\/schlecker-spitzenservice-15062011.jpg\"><img loading=\"lazy\" decoding=\"async\" class=\"size-full wp-image-660\" title=\"Klasse Logistikleistung bei Schlecker\" src=\"http:\/\/www.malerdeck.de\/blog\/wp-content\/uploads\/2011\/10\/schlecker-spitzenservice-15062011.jpg\" alt=\"\" width=\"542\" height=\"519\" srcset=\"https:\/\/www.malerdeck.de\/blog\/wp-content\/uploads\/2011\/10\/schlecker-spitzenservice-15062011.jpg 542w, https:\/\/www.malerdeck.de\/blog\/wp-content\/uploads\/2011\/10\/schlecker-spitzenservice-15062011-300x287.jpg 300w\" sizes=\"auto, (max-width: 542px) 100vw, 542px\" \/><\/a><\/dt>\n<dd class=\"wp-caption-dd\">Klasse Logistikleistung bei Schlecker<\/dd>\n<\/dl>\n<\/div>\n<p>Da brauche ich nicht in der Gegend herumfahren, mir die Dinge im Laden m\u00fchselig zusammen zu suchen und danach noch nach Hause transportieren. Bequem online bestellen und am n\u00e4chsten Tag bekomme ich es nach Hause gebracht.<\/p>\n<div class=\"mceTemp mceIEcenter\" style=\"text-align: center;\">\n<dl id=\"attachment_661\" class=\"wp-caption aligncenter\" style=\"width: 552px;\">\n<dt class=\"wp-caption-dt\"><a href=\"http:\/\/www.malerdeck.de\/blog\/wp-content\/uploads\/2011\/10\/schlecker-service-sieben-tage-zeit-16062011.jpg\"><img loading=\"lazy\" decoding=\"async\" class=\"size-full wp-image-661\" title=\"Sieben Tage Zahlungsziel\" src=\"http:\/\/www.malerdeck.de\/blog\/wp-content\/uploads\/2011\/10\/schlecker-service-sieben-tage-zeit-16062011.jpg\" alt=\"\" width=\"542\" height=\"215\" srcset=\"https:\/\/www.malerdeck.de\/blog\/wp-content\/uploads\/2011\/10\/schlecker-service-sieben-tage-zeit-16062011.jpg 542w, https:\/\/www.malerdeck.de\/blog\/wp-content\/uploads\/2011\/10\/schlecker-service-sieben-tage-zeit-16062011-300x119.jpg 300w\" sizes=\"auto, (max-width: 542px) 100vw, 542px\" \/><\/a><\/dt>\n<dd class=\"wp-caption-dd\">Sieben Tage Zahlungsziel<\/dd>\n<\/dl>\n<\/div>\n<p>F\u00fcr diesen bequemen Superservice, sind \u20ac 1,99 ein l\u00e4cherlicher Preis, finde ich. Und mit dem Bezahlen habe ich auch noch sieben Tage Zeit. Ich bin von diesem Service begeistert.<\/p>\n","protected":false},"excerpt":{"rendered":"<p>Vorgestern bestellte ich im Onlineshop von Schlecker einige Kaffee-Pads. Bereits\u00a0gestern war die Lieferung da. Solche \u201cKleinigkeiten\u201d des t\u00e4glichen Bedarfs, bestelle ich \u00f6fters bei Schlecker. Die Lieferung dauert nie l\u00e4nger als zwei Tage. Klasse Logistikleistung bei Schlecker Da brauche ich nicht in der Gegend herumfahren, mir die Dinge im Laden m\u00fchselig zusammen zu suchen und danach [&hellip;]<\/p>\n","protected":false},"author":2,"featured_media":0,"comment_status":"open","ping_status":"open","sticky":false,"template":"","format":"standard","meta":{"footnotes":""},"categories":[1,9],"tags":[2946,65],"class_list":["post-659","post","type-post","status-publish","format-standard","hentry","category-allgemein","category-kundenservice","tag-kundenservice","tag-schlecker"],"_links":{"self":[{"href":"https:\/\/www.malerdeck.de\/blog\/wp-json\/wp\/v2\/posts\/659","targetHints":{"allow":["GET"]}}],"collection":[{"href":"https:\/\/www.malerdeck.de\/blog\/wp-json\/wp\/v2\/posts"}],"about":[{"href":"https:\/\/www.malerdeck.de\/blog\/wp-json\/wp\/v2\/types\/post"}],"author":[{"embeddable":true,"href":"https:\/\/www.malerdeck.de\/blog\/wp-json\/wp\/v2\/users\/2"}],"replies":[{"embeddable":true,"href":"https:\/\/www.malerdeck.de\/blog\/wp-json\/wp\/v2\/comments?post=659"}],"version-history":[{"count":8,"href":"https:\/\/www.malerdeck.de\/blog\/wp-json\/wp\/v2\/posts\/659\/revisions"}],"predecessor-version":[{"id":698,"href":"https:\/\/www.malerdeck.de\/blog\/wp-json\/wp\/v2\/posts\/659\/revisions\/698"}],"wp:attachment":[{"href":"https:\/\/www.malerdeck.de\/blog\/wp-json\/wp\/v2\/media?parent=659"}],"wp:term":[{"taxonomy":"category","embeddable":true,"href":"https:\/\/www.malerdeck.de\/blog\/wp-json\/wp\/v2\/categories?post=659"},{"taxonomy":"post_tag","embeddable":true,"href":"https:\/\/www.malerdeck.de\/blog\/wp-json\/wp\/v2\/tags?post=659"}],"curies":[{"name":"wp","href":"https:\/\/api.w.org\/{rel}","templated":true}]}}