{"id":5067,"date":"2012-04-24T05:30:34","date_gmt":"2012-04-24T03:30:34","guid":{"rendered":"http:\/\/www.malerdeck.de\/blog\/?p=5067"},"modified":"2012-04-24T05:30:34","modified_gmt":"2012-04-24T03:30:34","slug":"abgemahnter-azubi-freundschaftliches-gespraech-gefuehrt","status":"publish","type":"post","link":"https:\/\/www.malerdeck.de\/blog\/abgemahnter-azubi-freundschaftliches-gespraech-gefuehrt","title":{"rendered":"Abgemahnter Azubi: Freundschaftliches Gespr\u00e4ch gef\u00fchrt"},"content":{"rendered":"<p><a href=\"http:\/\/www.malerdeck.de\/blog\/wp-content\/uploads\/2012\/04\/Lehrling-Abmahnung1.jpg\"><img loading=\"lazy\" decoding=\"async\" class=\"alignright size-full wp-image-5068\" title=\"junger Mann mit Bewerbungsmappe\" src=\"http:\/\/www.malerdeck.de\/blog\/wp-content\/uploads\/2012\/04\/Lehrling-Abmahnung1.jpg\" alt=\"\" width=\"86\" height=\"144\" srcset=\"https:\/\/www.malerdeck.de\/blog\/wp-content\/uploads\/2012\/04\/Lehrling-Abmahnung1.jpg 244w, https:\/\/www.malerdeck.de\/blog\/wp-content\/uploads\/2012\/04\/Lehrling-Abmahnung1-180x300.jpg 180w\" sizes=\"auto, (max-width: 86px) 100vw, 86px\" \/><\/a>Gestern hatte ich noch ein Gespr\u00e4ch mit dem Azubi, den ich wegen seines Verhaltens <a href=\"http:\/\/www.malerdeck.de\/blog\/fortsetzung-warum-setzt-ein-azubi-durch-sein-verhalten-seinen-ausbildungsplatz-aufs-spiel\">abgemahnt <\/a>hatte. Als regelm\u00e4\u00dfiger Blogleser wusste er, was ihn erwartete. \ud83d\ude09<\/p>\n<p>Wir hatten ein offenes Gespr\u00e4ch und er war ob seines Fehlverhaltens ziemlich zerknirscht. Schlie\u00dflich war das nicht das erste Mal.<\/p>\n<p>Im Gespr\u00e4ch erinnerte ich den jungen Mann daran, dass ich allen Mitarbeiter\/innen 100%-ig vertraue. Alle Mitarbeiter\/innen werden von mir freundlich und wertsch\u00e4tzend behandelt. Wenn ich, wie jetzt geschehen, belogen werde, entt\u00e4uscht mich das sehr, machte ich ihm klar.<\/p>\n<p><a href=\"http:\/\/www.malerdeck.de\/blog\/wp-content\/uploads\/2012\/04\/Wahrheit-L%C3%BCge.jpg\"><img loading=\"lazy\" decoding=\"async\" class=\"alignleft size-full wp-image-5074\" title=\"Wahrheit L\u00fcge\" src=\"http:\/\/www.malerdeck.de\/blog\/wp-content\/uploads\/2012\/04\/Wahrheit-L%C3%BCge.jpg\" alt=\"\" width=\"231\" height=\"154\" \/><\/a>Zudem gibt es in einem Arbeitsverh\u00e4ltnis eben einzuhaltende Spielregeln. Unser Gespr\u00e4ch garnierte ich mit einigen Sprichw\u00f6rtern wie z.B. &#8222;Ehrlich w\u00e4hrt am l\u00e4ngsten&#8220;, &#8222;L\u00fcgen haben kurze Beine&#8220; und &#8222;Wer einmal l\u00fcgt, dem glaubt man nicht, und wenn er auch die Wahrheit spricht&#8220;.<\/p>\n<p>Es ist mir ein pers\u00f6nliches Anliegen, jungen Menschen in ihrer Ausbildung und auf ihrem Weg ins (Berufs-) Leben, eine m\u00f6glichst gute Basis zu geben. Deshalb dr\u00fccke ich auch schon einmal das eine oder andere Auge zu.<\/p>\n<p>Vereinbart habe ich mit dem jungen Mann, sich k\u00fcnftig &#8222;ganz normal&#8220; zu verhalten und seine Pflichten getreulich einzuhalten. Er hat es mir ganz fest versprochen. \ud83d\ude42<\/p>\n","protected":false},"excerpt":{"rendered":"<p>Gestern hatte ich noch ein Gespr\u00e4ch mit dem Azubi, den ich wegen seines Verhaltens abgemahnt hatte. Als regelm\u00e4\u00dfiger Blogleser wusste er, was ihn erwartete. \ud83d\ude09 Wir hatten ein offenes Gespr\u00e4ch und er war ob seines Fehlverhaltens ziemlich zerknirscht. Schlie\u00dflich war das nicht das erste Mal. Im Gespr\u00e4ch erinnerte ich den jungen Mann daran, dass ich [&hellip;]<\/p>\n","protected":false},"author":2,"featured_media":0,"comment_status":"open","ping_status":"open","sticky":false,"template":"","format":"standard","meta":{"footnotes":""},"categories":[10],"tags":[642,963,34,966,27,970],"class_list":["post-5067","post","type-post","status-publish","format-standard","hentry","category-lehrlinge","tag-abmahnung","tag-ausbildungsplatz","tag-azubi","tag-kuendigung","tag-lehrling","tag-mitarbeitergespraech"],"_links":{"self":[{"href":"https:\/\/www.malerdeck.de\/blog\/wp-json\/wp\/v2\/posts\/5067","targetHints":{"allow":["GET"]}}],"collection":[{"href":"https:\/\/www.malerdeck.de\/blog\/wp-json\/wp\/v2\/posts"}],"about":[{"href":"https:\/\/www.malerdeck.de\/blog\/wp-json\/wp\/v2\/types\/post"}],"author":[{"embeddable":true,"href":"https:\/\/www.malerdeck.de\/blog\/wp-json\/wp\/v2\/users\/2"}],"replies":[{"embeddable":true,"href":"https:\/\/www.malerdeck.de\/blog\/wp-json\/wp\/v2\/comments?post=5067"}],"version-history":[{"count":12,"href":"https:\/\/www.malerdeck.de\/blog\/wp-json\/wp\/v2\/posts\/5067\/revisions"}],"predecessor-version":[{"id":5081,"href":"https:\/\/www.malerdeck.de\/blog\/wp-json\/wp\/v2\/posts\/5067\/revisions\/5081"}],"wp:attachment":[{"href":"https:\/\/www.malerdeck.de\/blog\/wp-json\/wp\/v2\/media?parent=5067"}],"wp:term":[{"taxonomy":"category","embeddable":true,"href":"https:\/\/www.malerdeck.de\/blog\/wp-json\/wp\/v2\/categories?post=5067"},{"taxonomy":"post_tag","embeddable":true,"href":"https:\/\/www.malerdeck.de\/blog\/wp-json\/wp\/v2\/tags?post=5067"}],"curies":[{"name":"wp","href":"https:\/\/api.w.org\/{rel}","templated":true}]}}