{"id":5033,"date":"2012-04-20T10:18:36","date_gmt":"2012-04-20T08:18:36","guid":{"rendered":"http:\/\/www.malerdeck.de\/blog\/?p=5033"},"modified":"2012-04-24T05:33:17","modified_gmt":"2012-04-24T03:33:17","slug":"fortsetzung-warum-setzt-ein-azubi-durch-sein-verhalten-seinen-ausbildungsplatz-aufs-spiel","status":"publish","type":"post","link":"https:\/\/www.malerdeck.de\/blog\/fortsetzung-warum-setzt-ein-azubi-durch-sein-verhalten-seinen-ausbildungsplatz-aufs-spiel","title":{"rendered":"Fortsetzung: Warum setzt ein Azubi, durch sein Verhalten, seinen Ausbildungsplatz auf\u00b4s Spiel?"},"content":{"rendered":"<p>Gestern schrieb ich \u00fcber den Lehrling und <a href=\"http:\/\/www.malerdeck.de\/blog\/warum-setzt-ein-azubi-durch-sein-verhalten-seinen-ausbildungsplatz-aufs-spiel\">die Abmahnung,<\/a> die er erhielt.<\/p>\n<p>Beim seinem versp\u00e4teten Anruf am Montag teilte er mit, dass er gerade mit Kr\u00fccken vom Arzt komme, eine Tetanusspritze erhalten habe, bis Mittwoch arbeitsunf\u00e4hig geschrieben sei und die Bescheinigung gleich mit der Post an uns abschickt.<\/p>\n<p>Heute, Freitag, war jetzt die Arbeitsunf\u00e4higkeitsbescheinigung endlich bei der Post.<\/p>\n<p>Und siehe da, seine Einlassungen vom Montag, stellen sich jetzt komplett als Unwahrheiten heraus. Ausweislich der Bescheinigung, war der junge Mann erst am Dienstag beim Arzt. Was er am Montag erz\u00e4hlte, war komplett unwahr. Wie geht man mit so etwas um?<a href=\"http:\/\/www.malerdeck.de\/blog\/wp-content\/uploads\/2011\/12\/keine-lust-heute.jpg\"><img loading=\"lazy\" decoding=\"async\" class=\"size-medium wp-image-2362 alignright\" title=\"Traveler Digital Camera\" src=\"http:\/\/www.malerdeck.de\/blog\/wp-content\/uploads\/2011\/12\/keine-lust-heute-300x236.jpg\" alt=\"\" width=\"206\" height=\"164\" \/><\/a><\/p>\n<p>Zun\u00e4chst erhielt er f\u00fcr dieses Verhalten erneut eine Abmahnung.<\/p>\n<p>Ein solches Verhalten macht mich regelm\u00e4\u00dfig sprachlos, aber auch traurig. Die jetzt gemachten Erfahrungen, entt\u00e4uschen mich menschlich zutiefst. Leider musste ich \u00e4hnliches schon \u00f6fters\u00a0 erfahren.\u00a0 \ud83d\ude41<\/p>\n<p><em>Fortsetzung: <a href=\"http:\/\/www.malerdeck.de\/blog\/abgemahnter-azubi-freundschaftliches-gespraech-gefuehrt\">Das Gespr\u00e4ch<\/a> am 23. April<\/em><\/p>\n","protected":false},"excerpt":{"rendered":"<p>Gestern schrieb ich \u00fcber den Lehrling und die Abmahnung, die er erhielt. Beim seinem versp\u00e4teten Anruf am Montag teilte er mit, dass er gerade mit Kr\u00fccken vom Arzt komme, eine Tetanusspritze erhalten habe, bis Mittwoch arbeitsunf\u00e4hig geschrieben sei und die Bescheinigung gleich mit der Post an uns abschickt. Heute, Freitag, war jetzt die Arbeitsunf\u00e4higkeitsbescheinigung endlich [&hellip;]<\/p>\n","protected":false},"author":2,"featured_media":0,"comment_status":"open","ping_status":"open","sticky":false,"template":"","format":"standard","meta":{"footnotes":""},"categories":[10],"tags":[642,963,34,964,966,27,965,967],"class_list":["post-5033","post","type-post","status-publish","format-standard","hentry","category-lehrlinge","tag-abmahnung","tag-ausbildungsplatz","tag-azubi","tag-fehlen","tag-kuendigung","tag-lehrling","tag-unentschuldigt","tag-unwahrheit"],"_links":{"self":[{"href":"https:\/\/www.malerdeck.de\/blog\/wp-json\/wp\/v2\/posts\/5033","targetHints":{"allow":["GET"]}}],"collection":[{"href":"https:\/\/www.malerdeck.de\/blog\/wp-json\/wp\/v2\/posts"}],"about":[{"href":"https:\/\/www.malerdeck.de\/blog\/wp-json\/wp\/v2\/types\/post"}],"author":[{"embeddable":true,"href":"https:\/\/www.malerdeck.de\/blog\/wp-json\/wp\/v2\/users\/2"}],"replies":[{"embeddable":true,"href":"https:\/\/www.malerdeck.de\/blog\/wp-json\/wp\/v2\/comments?post=5033"}],"version-history":[{"count":18,"href":"https:\/\/www.malerdeck.de\/blog\/wp-json\/wp\/v2\/posts\/5033\/revisions"}],"predecessor-version":[{"id":5057,"href":"https:\/\/www.malerdeck.de\/blog\/wp-json\/wp\/v2\/posts\/5033\/revisions\/5057"}],"wp:attachment":[{"href":"https:\/\/www.malerdeck.de\/blog\/wp-json\/wp\/v2\/media?parent=5033"}],"wp:term":[{"taxonomy":"category","embeddable":true,"href":"https:\/\/www.malerdeck.de\/blog\/wp-json\/wp\/v2\/categories?post=5033"},{"taxonomy":"post_tag","embeddable":true,"href":"https:\/\/www.malerdeck.de\/blog\/wp-json\/wp\/v2\/tags?post=5033"}],"curies":[{"name":"wp","href":"https:\/\/api.w.org\/{rel}","templated":true}]}}