{"id":5023,"date":"2012-04-19T13:31:17","date_gmt":"2012-04-19T11:31:17","guid":{"rendered":"http:\/\/www.malerdeck.de\/blog\/?p=5023"},"modified":"2012-04-23T05:27:42","modified_gmt":"2012-04-23T03:27:42","slug":"warum-setzt-ein-azubi-durch-sein-verhalten-seinen-ausbildungsplatz-aufs-spiel","status":"publish","type":"post","link":"https:\/\/www.malerdeck.de\/blog\/warum-setzt-ein-azubi-durch-sein-verhalten-seinen-ausbildungsplatz-aufs-spiel","title":{"rendered":"Warum setzt ein Azubi, durch sein Verhalten, seinen Ausbildungsplatz auf\u00b4s Spiel?"},"content":{"rendered":"<p><a href=\"http:\/\/www.malerdeck.de\/blog\/wp-content\/uploads\/2012\/04\/Lehrling-Abmahnung.jpg\"><img loading=\"lazy\" decoding=\"async\" class=\"alignleft size-full wp-image-5055\" title=\"junger Mann mit Bewerbungsmappe\" src=\"http:\/\/www.malerdeck.de\/blog\/wp-content\/uploads\/2012\/04\/Lehrling-Abmahnung.jpg\" alt=\"\" width=\"244\" height=\"406\" srcset=\"https:\/\/www.malerdeck.de\/blog\/wp-content\/uploads\/2012\/04\/Lehrling-Abmahnung.jpg 244w, https:\/\/www.malerdeck.de\/blog\/wp-content\/uploads\/2012\/04\/Lehrling-Abmahnung-180x300.jpg 180w\" sizes=\"auto, (max-width: 244px) 100vw, 244px\" \/><\/a>Seit Jahrzehnten bilde ich Lehrlinge aus. Ein wenig Erfahrung habe ich also durchaus, im Umgang mit jungen Menschen. Nun z\u00e4hle ich zu den Menschen, die immer an das Gute im Menschen glauben. Mit Lehrlingen gehe ich gro\u00dfz\u00fcgig, nachsichtig und sehr geduldig um.<\/p>\n<p>Bei Fehlern oder Nachl\u00e4ssigkeiten, bekommt niemand den Kopf heruntergerissen. Wir reden gemeinsam \u00fcber die Situation, ich mache dem jungen Menschen sein Verhalten klar. Gleichzeitig ergeht die Aufforderung, das Verhalten positiv zu ver\u00e4ndern und sich an bestimmte Regeln zu halten.<\/p>\n<p>Manchmal fruchtet das leider nicht. Dann beginnt die n\u00e4chste Stufe, eine Abmahnung mit K\u00fcndigungsandrohung. Sozusagen der Weckruf oder der Schuss vor den Bug. Heute war &#8211; leider &#8211; eine solche Abmahnung f\u00e4llig.<\/p>\n<p>Der junge Mann hielt und h\u00e4lt sich einfach nicht an die Regeln eines geordneten Miteinanders.<\/p>\n<p>Nie werde ich verstehen, warum sich junge Menschen so verhalten und damit ihren Ausbildungsplatz riskieren. Zudem rede ich hier nicht von 14- oder 15-j\u00e4hrigen Kindern, sondern von jungen Erwachsenen, mit ca. 20\/21 Jahren.<\/p>\n<p>Mit dem jungen Mann werde ich noch einmal ein freundliches und ausf\u00fchrliches Gespr\u00e4ch haben. In der Hoffnung, er hat die Zeichen der Zeit verstanden.<\/p>\n<p><em>Erg\u00e4nzung, Freitag, 20.04., <a href=\"http:\/\/www.malerdeck.de\/blog\/fortsetzung-warum-setzt-ein-azubi-durch-sein-verhalten-seinen-ausbildungsplatz-aufs-spiel\">die Fortsetzung<\/a>.<\/em><\/p>\n","protected":false},"excerpt":{"rendered":"<p>Seit Jahrzehnten bilde ich Lehrlinge aus. Ein wenig Erfahrung habe ich also durchaus, im Umgang mit jungen Menschen. Nun z\u00e4hle ich zu den Menschen, die immer an das Gute im Menschen glauben. Mit Lehrlingen gehe ich gro\u00dfz\u00fcgig, nachsichtig und sehr geduldig um. Bei Fehlern oder Nachl\u00e4ssigkeiten, bekommt niemand den Kopf heruntergerissen. Wir reden gemeinsam \u00fcber [&hellip;]<\/p>\n","protected":false},"author":2,"featured_media":0,"comment_status":"open","ping_status":"open","sticky":false,"template":"","format":"standard","meta":{"footnotes":""},"categories":[10],"tags":[642,963,34,964,966,27,965],"class_list":["post-5023","post","type-post","status-publish","format-standard","hentry","category-lehrlinge","tag-abmahnung","tag-ausbildungsplatz","tag-azubi","tag-fehlen","tag-kuendigung","tag-lehrling","tag-unentschuldigt"],"_links":{"self":[{"href":"https:\/\/www.malerdeck.de\/blog\/wp-json\/wp\/v2\/posts\/5023","targetHints":{"allow":["GET"]}}],"collection":[{"href":"https:\/\/www.malerdeck.de\/blog\/wp-json\/wp\/v2\/posts"}],"about":[{"href":"https:\/\/www.malerdeck.de\/blog\/wp-json\/wp\/v2\/types\/post"}],"author":[{"embeddable":true,"href":"https:\/\/www.malerdeck.de\/blog\/wp-json\/wp\/v2\/users\/2"}],"replies":[{"embeddable":true,"href":"https:\/\/www.malerdeck.de\/blog\/wp-json\/wp\/v2\/comments?post=5023"}],"version-history":[{"count":11,"href":"https:\/\/www.malerdeck.de\/blog\/wp-json\/wp\/v2\/posts\/5023\/revisions"}],"predecessor-version":[{"id":5042,"href":"https:\/\/www.malerdeck.de\/blog\/wp-json\/wp\/v2\/posts\/5023\/revisions\/5042"}],"wp:attachment":[{"href":"https:\/\/www.malerdeck.de\/blog\/wp-json\/wp\/v2\/media?parent=5023"}],"wp:term":[{"taxonomy":"category","embeddable":true,"href":"https:\/\/www.malerdeck.de\/blog\/wp-json\/wp\/v2\/categories?post=5023"},{"taxonomy":"post_tag","embeddable":true,"href":"https:\/\/www.malerdeck.de\/blog\/wp-json\/wp\/v2\/tags?post=5023"}],"curies":[{"name":"wp","href":"https:\/\/api.w.org\/{rel}","templated":true}]}}