{"id":4997,"date":"2012-04-18T08:03:28","date_gmt":"2012-04-18T06:03:28","guid":{"rendered":"http:\/\/www.malerdeck.de\/blog\/?p=4997"},"modified":"2012-04-18T09:05:09","modified_gmt":"2012-04-18T07:05:09","slug":"fuer-eine-woche-schlechtes-wetter-muss-man-im-april-nicht-nach-mallorca-fliegen","status":"publish","type":"post","link":"https:\/\/www.malerdeck.de\/blog\/fuer-eine-woche-schlechtes-wetter-muss-man-im-april-nicht-nach-mallorca-fliegen","title":{"rendered":"F\u00fcr eine Woche schlechtes Wetter, muss man im April nicht nach Mallorca fliegen"},"content":{"rendered":"<p>F\u00fcr einen Kurzurlaub entschlossen wir uns, ein paar Tage nach Palma de Mallorca zu fliegen. Etwas ausspannen ist ab und an doch notwendig, auch wenn ich mein &#8222;mobiles B\u00fcro&#8220;\u00a0 im Gep\u00e4ck hatte.<\/p>\n<div class=\"mceTemp mceIEcenter\" style=\"text-align: center;\">\n<dl id=\"attachment_5000\" class=\"wp-caption aligncenter\" style=\"width: 554px;\">\n<dt class=\"wp-caption-dt\"><a href=\"http:\/\/www.malerdeck.de\/blog\/wp-content\/uploads\/2012\/04\/Start-nach-Mallorca.jpg\"><img loading=\"lazy\" decoding=\"async\" class=\"size-full wp-image-5000\" title=\"Start nach Mallorca\" src=\"http:\/\/www.malerdeck.de\/blog\/wp-content\/uploads\/2012\/04\/Start-nach-Mallorca.jpg\" alt=\"\" width=\"544\" height=\"341\" srcset=\"https:\/\/www.malerdeck.de\/blog\/wp-content\/uploads\/2012\/04\/Start-nach-Mallorca.jpg 544w, https:\/\/www.malerdeck.de\/blog\/wp-content\/uploads\/2012\/04\/Start-nach-Mallorca-300x188.jpg 300w\" sizes=\"auto, (max-width: 544px) 100vw, 544px\" \/><\/a><\/dt>\n<dd class=\"wp-caption-dd\">Start nach Mallorca<\/dd>\n<\/dl>\n<\/div>\n<p>Am sp\u00e4ten Nachmittag des 12. April, d\u00fcsten wir vom Baden Airpark (Flughafen Karlsruhe\/Baden-Baden), f\u00fcr sechs Tage nach Palma de Mallorca. Im Gep\u00e4ch nat\u00fcrlich die Hoffnung, auf warme und sonnige Tage in Palma. Um es gleich vorweg zu nehmen:<\/p>\n<div class=\"mceTemp mceIEcenter\" style=\"text-align: center;\">\n<dl id=\"attachment_5002\" class=\"wp-caption aligncenter\" style=\"width: 554px;\">\n<dt class=\"wp-caption-dt\"><a href=\"http:\/\/www.malerdeck.de\/blog\/wp-content\/uploads\/2012\/04\/Schei%C3%9Fwetter-Palma-de-Mallorca.jpg\"><img loading=\"lazy\" decoding=\"async\" class=\"size-full wp-image-5002\" title=\"Schei\u00dfwetter Palma de Mallorca\" src=\"http:\/\/www.malerdeck.de\/blog\/wp-content\/uploads\/2012\/04\/Schei%C3%9Fwetter-Palma-de-Mallorca.jpg\" alt=\"\" width=\"544\" height=\"375\" \/><\/a><\/dt>\n<dd class=\"wp-caption-dd\">Schei\u00dfwetter Palma de Mallorca<\/dd>\n<\/dl>\n<\/div>\n<p>Regen war unser st\u00e4ndiger Begleiter und unsere bevorzugte Kleidung waren Winterjacke und Schal.<\/p>\n<p>Bei dem Sauwetter, fiel mir meine morgendliche Arbeit an meinem mobilen B\u00fcro nat\u00fcrlich sehr viel leichter.<\/p>\n<div class=\"mceTemp mceIEcenter\" style=\"text-align: center;\">\n<dl id=\"attachment_5004\" class=\"wp-caption aligncenter\" style=\"width: 554px;\">\n<dt class=\"wp-caption-dt\"><a href=\"http:\/\/www.malerdeck.de\/blog\/wp-content\/uploads\/2012\/04\/mobiles-B%C3%BCro-Palma-de-Mallorca.jpg\"><img loading=\"lazy\" decoding=\"async\" class=\"size-full wp-image-5004\" title=\"mobiles B\u00fcro Palma de Mallorca\" src=\"http:\/\/www.malerdeck.de\/blog\/wp-content\/uploads\/2012\/04\/mobiles-B%C3%BCro-Palma-de-Mallorca.jpg\" alt=\"\" width=\"544\" height=\"390\" \/><\/a><\/dt>\n<dd class=\"wp-caption-dd\">Mein mobiles B\u00fcro, Palma de Mallorca, morgens um 6 Uhr<\/dd>\n<\/dl>\n<\/div>\n<p>Es ist aber bekanntlich nichts so schlecht, als dass es doch noch f\u00fcr etwas gut ist. Mein fr\u00fches Aufstehen, gepaart mit dem schlechten Wetter, bescherte mir den sch\u00f6nsten Regenbogen, den ich je gesehen habe.<\/p>\n<div class=\"mceTemp mceIEcenter\" style=\"text-align: center;\">\n<dl id=\"attachment_5006\" class=\"wp-caption aligncenter\" style=\"width: 554px;\">\n<dt class=\"wp-caption-dt\"><a href=\"http:\/\/www.malerdeck.de\/blog\/wp-content\/uploads\/2012\/04\/Palma-de-Mallorca-regenbogen.jpg\"><img loading=\"lazy\" decoding=\"async\" class=\"size-full wp-image-5006\" title=\"Palma de Mallorca regenbogen\" src=\"http:\/\/www.malerdeck.de\/blog\/wp-content\/uploads\/2012\/04\/Palma-de-Mallorca-regenbogen.jpg\" alt=\"\" width=\"544\" height=\"376\" srcset=\"https:\/\/www.malerdeck.de\/blog\/wp-content\/uploads\/2012\/04\/Palma-de-Mallorca-regenbogen.jpg 544w, https:\/\/www.malerdeck.de\/blog\/wp-content\/uploads\/2012\/04\/Palma-de-Mallorca-regenbogen-300x207.jpg 300w\" sizes=\"auto, (max-width: 544px) 100vw, 544px\" \/><\/a><\/dt>\n<dd class=\"wp-caption-dd\">Morgendlicher Regenbogen \u00fcber dem Meer<\/dd>\n<\/dl>\n<\/div>\n<p>Vom Fenster aus, konnte ich in der gerade endenden Morgend\u00e4mmerung, dieses grandiose Naturschauspiel beobachten.<\/p>\n<p>Bei genauem Hinsehen, erkennt man links noch einen zweiten Regenbogen \u00fcber dem Meer. Schon nach f\u00fcnf Minuten war alles vorbei und ich konnte mich wieder meiner Arbeit widmen. \ud83d\ude09<\/p>\n<p>Endlich verhie\u00df der Wetterbericht f\u00fcr den gestrigen Dienstag durchgehend Sonne. Also mieteten wir uns Fahrr\u00e4der, um die Insel etwas mit dem Rad zu erkunden.<\/p>\n<div class=\"mceTemp mceIEcenter\" style=\"text-align: center;\">\n<dl id=\"attachment_5008\" class=\"wp-caption aligncenter\" style=\"width: 554px;\">\n<dt class=\"wp-caption-dt\"><a href=\"http:\/\/www.malerdeck.de\/blog\/wp-content\/uploads\/2012\/04\/Mit-dem-Fahhrad-in-Palma-unterwegs.jpg\"><img loading=\"lazy\" decoding=\"async\" class=\"size-full wp-image-5008\" title=\"Mit dem Fahhrad in Palma unterwegs\" src=\"http:\/\/www.malerdeck.de\/blog\/wp-content\/uploads\/2012\/04\/Mit-dem-Fahhrad-in-Palma-unterwegs.jpg\" alt=\"\" width=\"544\" height=\"304\" srcset=\"https:\/\/www.malerdeck.de\/blog\/wp-content\/uploads\/2012\/04\/Mit-dem-Fahhrad-in-Palma-unterwegs.jpg 544w, https:\/\/www.malerdeck.de\/blog\/wp-content\/uploads\/2012\/04\/Mit-dem-Fahhrad-in-Palma-unterwegs-300x167.jpg 300w\" sizes=\"auto, (max-width: 544px) 100vw, 544px\" \/><\/a><\/dt>\n<dd class=\"wp-caption-dd\">16\u00b0 C, Playa de Palma, Dienstagmorgen.<\/dd>\n<\/dl>\n<\/div>\n<p>Mit gl\u00e4nzender Glatze und im eiskalten Wind, starteten wir morgens um ca. 9 Uhr.<\/p>\n<div class=\"mceTemp mceIEcenter\" style=\"text-align: center;\">\n<dl id=\"attachment_5009\" class=\"wp-caption aligncenter\" style=\"width: 554px;\">\n<dt class=\"wp-caption-dt\"><a href=\"http:\/\/www.malerdeck.de\/blog\/wp-content\/uploads\/2012\/04\/Palma-mit-dem-Fahrrad.jpg\"><img loading=\"lazy\" decoding=\"async\" class=\"size-full wp-image-5009\" title=\"Palma mit dem Fahrrad\" src=\"http:\/\/www.malerdeck.de\/blog\/wp-content\/uploads\/2012\/04\/Palma-mit-dem-Fahrrad.jpg\" alt=\"\" width=\"544\" height=\"306\" srcset=\"https:\/\/www.malerdeck.de\/blog\/wp-content\/uploads\/2012\/04\/Palma-mit-dem-Fahrrad.jpg 544w, https:\/\/www.malerdeck.de\/blog\/wp-content\/uploads\/2012\/04\/Palma-mit-dem-Fahrrad-300x168.jpg 300w\" sizes=\"auto, (max-width: 544px) 100vw, 544px\" \/><\/a><\/dt>\n<dd class=\"wp-caption-dd\">Palma mit dem Fahrrad, tolle Ausblicke<\/dd>\n<\/dl>\n<\/div>\n<p>So waren wir den ganzen Tag mit den R\u00e4dern unterwegs. Es war entspannend und erholsam. Wie \u00fcbrigens der gesamte Urlaub, trotz des schlechten Wetters.<\/p>\n<p>Und einen Maler traf ich nat\u00fcrlich auch noch! Am Montagmorgen aus dem Fahrstuhl kommend, bemerkte ich sofort geruchsm\u00e4\u00dfig: &#8222;Hier sind Malerarbeiten zugange!&#8220;<\/p>\n<p>Kaum ausgesprochen, bog er auch schon um die Ecke: Der mit Pinsel und Lackdose &#8222;bewaffnete&#8220; mallorcinische Maler.<\/p>\n<div class=\"mceTemp mceIEcenter\" style=\"text-align: center;\">\n<dl id=\"attachment_5014\" class=\"wp-caption aligncenter\" style=\"width: 554px;\">\n<dt class=\"wp-caption-dt\"><a href=\"http:\/\/www.malerdeck.de\/blog\/wp-content\/uploads\/2012\/04\/Maler-Palma-de-Mallorca.jpg\"><img loading=\"lazy\" decoding=\"async\" class=\"size-full wp-image-5014\" title=\"Maler Palma de Mallorca\" src=\"http:\/\/www.malerdeck.de\/blog\/wp-content\/uploads\/2012\/04\/Maler-Palma-de-Mallorca.jpg\" alt=\"\" width=\"544\" height=\"593\" srcset=\"https:\/\/www.malerdeck.de\/blog\/wp-content\/uploads\/2012\/04\/Maler-Palma-de-Mallorca.jpg 544w, https:\/\/www.malerdeck.de\/blog\/wp-content\/uploads\/2012\/04\/Maler-Palma-de-Mallorca-275x300.jpg 275w\" sizes=\"auto, (max-width: 544px) 100vw, 544px\" \/><\/a><\/dt>\n<dd class=\"wp-caption-dd\">Der mallorcinische Maler<\/dd>\n<\/dl>\n<\/div>\n<p>F\u00fcr eine Woche schlechtes und Wetter und ziemliche K\u00e4lte, muss man im April nicht unbedingt nach Mallorca fliegen. ;-(<\/p>\n<p>Abgesehen vom Wetter, hat es uns trotzdem gut gefallen. So treten wir heute um 14:25 Uhr, gut erholt und ausgeruht, unseren Heimflug an. Schlechteres Wetter kann uns in der Heimat ja wohl kaum erwarten. \ud83d\ude09<\/p>\n","protected":false},"excerpt":{"rendered":"<p>F\u00fcr einen Kurzurlaub entschlossen wir uns, ein paar Tage nach Palma de Mallorca zu fliegen. Etwas ausspannen ist ab und an doch notwendig, auch wenn ich mein &#8222;mobiles B\u00fcro&#8220;\u00a0 im Gep\u00e4ck hatte. Start nach Mallorca Am sp\u00e4ten Nachmittag des 12. April, d\u00fcsten wir vom Baden Airpark (Flughafen Karlsruhe\/Baden-Baden), f\u00fcr sechs Tage nach Palma de Mallorca. [&hellip;]<\/p>\n","protected":false},"author":2,"featured_media":0,"comment_status":"open","ping_status":"open","sticky":false,"template":"","format":"standard","meta":{"footnotes":""},"categories":[13],"tags":[962,555,960,961],"class_list":["post-4997","post","type-post","status-publish","format-standard","hentry","category-privates","tag-april","tag-kurzurlaub","tag-mallorca","tag-palma"],"_links":{"self":[{"href":"https:\/\/www.malerdeck.de\/blog\/wp-json\/wp\/v2\/posts\/4997","targetHints":{"allow":["GET"]}}],"collection":[{"href":"https:\/\/www.malerdeck.de\/blog\/wp-json\/wp\/v2\/posts"}],"about":[{"href":"https:\/\/www.malerdeck.de\/blog\/wp-json\/wp\/v2\/types\/post"}],"author":[{"embeddable":true,"href":"https:\/\/www.malerdeck.de\/blog\/wp-json\/wp\/v2\/users\/2"}],"replies":[{"embeddable":true,"href":"https:\/\/www.malerdeck.de\/blog\/wp-json\/wp\/v2\/comments?post=4997"}],"version-history":[{"count":17,"href":"https:\/\/www.malerdeck.de\/blog\/wp-json\/wp\/v2\/posts\/4997\/revisions"}],"predecessor-version":[{"id":5022,"href":"https:\/\/www.malerdeck.de\/blog\/wp-json\/wp\/v2\/posts\/4997\/revisions\/5022"}],"wp:attachment":[{"href":"https:\/\/www.malerdeck.de\/blog\/wp-json\/wp\/v2\/media?parent=4997"}],"wp:term":[{"taxonomy":"category","embeddable":true,"href":"https:\/\/www.malerdeck.de\/blog\/wp-json\/wp\/v2\/categories?post=4997"},{"taxonomy":"post_tag","embeddable":true,"href":"https:\/\/www.malerdeck.de\/blog\/wp-json\/wp\/v2\/tags?post=4997"}],"curies":[{"name":"wp","href":"https:\/\/api.w.org\/{rel}","templated":true}]}}