{"id":4622,"date":"2012-03-18T08:00:53","date_gmt":"2012-03-18T06:00:53","guid":{"rendered":"http:\/\/www.malerdeck.de\/blog\/?p=4622"},"modified":"2014-01-07T17:17:37","modified_gmt":"2014-01-07T15:17:37","slug":"ist-der-kunde-immer-koenig-nein-fuer-diese-kunden-arbeiten-wir-nicht-mehr","status":"publish","type":"post","link":"https:\/\/www.malerdeck.de\/blog\/ist-der-kunde-immer-koenig-nein-fuer-diese-kunden-arbeiten-wir-nicht-mehr","title":{"rendered":"Ist der Kunde IMMER K\u00f6nig? Nein! F\u00fcr diese Kunden arbeiten wir nicht mehr"},"content":{"rendered":"<p>Erstmals arbeiteten wir f\u00fcr dieses Ehepaar im M\u00e4rz 2011. Renoviert wurde seinerzeit der Flur und das Wohnzimmer. Das ausf\u00fchrende Team war froh, als die Arbeiten abgeschlossen waren. \ud83d\ude41<\/p>\n<p>Im Oktober 2011, war dann die Abstellkammer (1,20 m x 2,60 m) an der Reihe. Durch von uns nicht zu verantwortende und unvorhersehbare Umst\u00e4nde (z.B. musste Putz entfernt und wieder verputzt werden), zogen sich die Arbeiten l\u00e4nger hin, als das den Kunden und meinem Team lieb war. Aus technischen Gr\u00fcnden war das aber leider nicht zu \u00e4ndern.<\/p>\n<div id=\"attachment_4642\" style=\"width: 173px\" class=\"wp-caption alignleft\"><a href=\"http:\/\/www.malerdeck.de\/blog\/wp-content\/uploads\/2012\/03\/Kunden-Ehepaar-arrogant.jpg\"><img loading=\"lazy\" decoding=\"async\" aria-describedby=\"caption-attachment-4642\" class=\"size-full wp-image-4642\" title=\"Executive man and woman on a downtown roof\" alt=\"\" src=\"http:\/\/www.malerdeck.de\/blog\/wp-content\/uploads\/2012\/03\/Kunden-Ehepaar-arrogant.jpg\" width=\"163\" height=\"274\" \/><\/a><p id=\"caption-attachment-4642\" class=\"wp-caption-text\">Keine Wertsch\u00e4tzung<\/p><\/div>\n<p>Vielleicht durch diesen Umstand, wurde mein Team nicht besonders wertsch\u00e4tzend behandelt. Aber: Der Kunde ist K\u00f6nig!<\/p>\n<p>Die Behandlung durch die Dame des Hauses, war sehr geringsch\u00e4tzig, berichtete mir mein Team. Da mir ein wertsch\u00e4tzender Umgang wichtig ist, wollte ich schon zu diesem Zeitpunkt die weitere Zusammenarbeit mit diesen Kunden beenden.<\/p>\n<p>Mein Team hat mich aber davon abgehalten! &#8222;Chef, wir brauchen doch Auftr\u00e4ge. Im n\u00e4chsten Jahr soll das Schlafzimmer renoviert werden. Wir bei\u00dfen eben die Z\u00e4hne zusammen und stellen auf Durchzug.&#8220; Eine ausgesprochen noble Haltung, finde ich.<\/p>\n<p>Jetzt sollte tats\u00e4chlich das Schlafzimmer renoviert werden. Bei meinem Besuch in der letzten Woche, wurde mir die Geschichte der Abstellkammerrenovierung, aus Sicht der Kunden, intensiv geschildert und die Arbeitsausf\u00fchrung umfangreich moniert. F\u00fcr mich war die Arbeit in Ordnung. Zudem wurde seinerzeit von den Kunden eine m\u00e4ngelfreie Abnahme unterschrieben.<\/p>\n<p>Ohne etwas zu kommentieren, h\u00f6rte ich mir alles geduldig an. Die Arbeiten waren ordnungsgem\u00e4\u00df ausgef\u00fchrt und mein Team hat sich korrekt verhalten. Dar\u00fcber wollte ich jedoch nicht diskutieren, da man eine solche Diskussion bekanntlich nicht gewinnen kann. Denn: Der Kunde ist K\u00f6nig!<\/p>\n<p>Am Gespr\u00e4chsende dann die Bedingung der Kunden, dass das letzte Mitarbeiterteam bei den Kunden nicht mehr erw\u00fcnscht ist und deshalb ein anderes Team die Arbeiten ausf\u00fchren soll. Mein spontanes Gef\u00fchl sagte mir in diesem Moment, dass wir dort besser nicht mehr t\u00e4tig sein werden. Wollte die Sache aber noch einmal \u00fcberdenken und sagte deshalb nichts.<\/p>\n<p>\u00dcber die Angelegenheit schlief ich danach mehr als eine Nacht. Und mein Bauchgef\u00fchl sagte mir immer deutlicher, dass wir f\u00fcr diese Kunden nicht mehr arbeiten werden. Nat\u00fcrlich k\u00f6nnen wir uns unsere Kunden nicht aussuchen und sind \u00fcber jeden Kunden froh.<\/p>\n<p>Gleichwohl ist es f\u00fcr mich wichtig, menschlich und wertsch\u00e4tzend miteinander umzugehen. Das kann der Kunde von uns erwarten und das erwarte ich auch vom Kunden, gegen\u00fcber meinen Mitarbeiter\/innen. F\u00fcr meine Mitarbeiter\/innen habe ich eine F\u00fcrsorgepflicht und stelle mich auch vor das Team, wenn es gegen\u00fcber dem Kunden erforderlich ist.<\/p>\n<p>In diesem Fall war\/ist das so. Mein Bauchgef\u00fchl sagte mir, dass bei diesem gest\u00f6rten Verh\u00e4ltnis, kein vern\u00fcnftiges Miteinander mehr gegeben ist. Die Probleme sind vorprogrammiert. F\u00fcr beide Seiten ist es deshalb besser, wenn sich das Ehepaar ein anderes Malerunternehmen sucht. Sicher f\u00fcr beide Seiten eine stressfreie Situation.<\/p>\n<p>Am vergangenen Freitag, teilte ich das den Kunden mit diesem Schreiben mit.<\/p>\n<div id=\"attachment_20889\" style=\"width: 553px\" class=\"wp-caption aligncenter\"><a href=\"http:\/\/www.malerdeck.de\/blog\/wp-content\/uploads\/2012\/03\/keine-basis-f\u00fcr-eine-zusammenarbeit.jpg\"><img loading=\"lazy\" decoding=\"async\" aria-describedby=\"caption-attachment-20889\" class=\"size-full wp-image-20889\" alt=\"Mit diesen Kunden, keine Basis mehr f\u00fcr eine gedeihliche Zusammenarbeit\" src=\"http:\/\/www.malerdeck.de\/blog\/wp-content\/uploads\/2012\/03\/keine-basis-f\u00fcr-eine-zusammenarbeit.jpg\" width=\"543\" height=\"797\" srcset=\"https:\/\/www.malerdeck.de\/blog\/wp-content\/uploads\/2012\/03\/keine-basis-f\u00fcr-eine-zusammenarbeit.jpg 543w, https:\/\/www.malerdeck.de\/blog\/wp-content\/uploads\/2012\/03\/keine-basis-f\u00fcr-eine-zusammenarbeit-204x300.jpg 204w\" sizes=\"auto, (max-width: 543px) 100vw, 543px\" \/><\/a><p id=\"caption-attachment-20889\" class=\"wp-caption-text\">Mit diesen Kunden, keine Basis mehr f\u00fcr eine gedeihliche Zusammenarbeit<\/p><\/div>\n<p>Nachdem der Brief im Kasten war, hatte ich das sehr deutliche Gef\u00fchl, richtig gehandelt zu haben! \ud83d\ude42<\/p>\n","protected":false},"excerpt":{"rendered":"<p>Erstmals arbeiteten wir f\u00fcr dieses Ehepaar im M\u00e4rz 2011. Renoviert wurde seinerzeit der Flur und das Wohnzimmer. Das ausf\u00fchrende Team war froh, als die Arbeiten abgeschlossen waren. \ud83d\ude41 Im Oktober 2011, war dann die Abstellkammer (1,20 m x 2,60 m) an der Reihe. Durch von uns nicht zu verantwortende und unvorhersehbare Umst\u00e4nde (z.B. musste Putz [&hellip;]<\/p>\n","protected":false},"author":2,"featured_media":0,"comment_status":"open","ping_status":"open","sticky":false,"template":"","format":"standard","meta":{"footnotes":""},"categories":[17],"tags":[879,886,884,885,887,482],"class_list":["post-4622","post","type-post","status-publish","format-standard","hentry","category-strategie","tag-arrogant","tag-geringschaetzig","tag-koenig-kunde","tag-kunde-nicht-immer-koenig","tag-wertschaetzender-umgang","tag-wertschaetzung"],"_links":{"self":[{"href":"https:\/\/www.malerdeck.de\/blog\/wp-json\/wp\/v2\/posts\/4622","targetHints":{"allow":["GET"]}}],"collection":[{"href":"https:\/\/www.malerdeck.de\/blog\/wp-json\/wp\/v2\/posts"}],"about":[{"href":"https:\/\/www.malerdeck.de\/blog\/wp-json\/wp\/v2\/types\/post"}],"author":[{"embeddable":true,"href":"https:\/\/www.malerdeck.de\/blog\/wp-json\/wp\/v2\/users\/2"}],"replies":[{"embeddable":true,"href":"https:\/\/www.malerdeck.de\/blog\/wp-json\/wp\/v2\/comments?post=4622"}],"version-history":[{"count":25,"href":"https:\/\/www.malerdeck.de\/blog\/wp-json\/wp\/v2\/posts\/4622\/revisions"}],"predecessor-version":[{"id":20890,"href":"https:\/\/www.malerdeck.de\/blog\/wp-json\/wp\/v2\/posts\/4622\/revisions\/20890"}],"wp:attachment":[{"href":"https:\/\/www.malerdeck.de\/blog\/wp-json\/wp\/v2\/media?parent=4622"}],"wp:term":[{"taxonomy":"category","embeddable":true,"href":"https:\/\/www.malerdeck.de\/blog\/wp-json\/wp\/v2\/categories?post=4622"},{"taxonomy":"post_tag","embeddable":true,"href":"https:\/\/www.malerdeck.de\/blog\/wp-json\/wp\/v2\/tags?post=4622"}],"curies":[{"name":"wp","href":"https:\/\/api.w.org\/{rel}","templated":true}]}}