{"id":4111,"date":"2012-02-23T12:25:57","date_gmt":"2012-02-23T10:25:57","guid":{"rendered":"http:\/\/www.malerdeck.de\/blog\/?p=4111"},"modified":"2012-02-25T07:19:02","modified_gmt":"2012-02-25T05:19:02","slug":"malerdeck-mit-weitem-abstand-die-nummer-1-unter-den-malern-pageranking-laesst-auch-farbindustrie-hinter-sich","status":"publish","type":"post","link":"https:\/\/www.malerdeck.de\/blog\/malerdeck-mit-weitem-abstand-die-nummer-1-unter-den-malern-pageranking-laesst-auch-farbindustrie-hinter-sich","title":{"rendered":"malerdeck mit weitem Abstand die Nummer 1 unter den Malern (Pageranking), l\u00e4sst auch Farbindustrie hinter sich"},"content":{"rendered":"<p>Facebook ist wichtig, aber noch wichtiger ist das Pageranking der eigenen Webseite. Aber zuerst zu Facebook.<\/p>\n<p>Am 7. Februar, ver\u00f6ffentlichte Meistertipp eine Hitliste, der in Facebook vertretenen Malerfirmen. malerdeck war zu diesem Zeitpunkt &#8211; noch &#8211; auf Platz eins.<\/p>\n<div class=\"mceTemp mceIEcenter\" style=\"text-align: center;\">\n<dl id=\"attachment_4112\" class=\"wp-caption aligncenter\" style=\"width: 516px;\">\n<dt class=\"wp-caption-dt\"><a href=\"http:\/\/www.malerdeck.de\/blog\/wp-content\/uploads\/2012\/02\/Ranking-facebook-meistertipp-malerdeck.jpg\"><img loading=\"lazy\" decoding=\"async\" class=\"size-full wp-image-4112\" title=\"Ranking facebook meistertipp malerdeck\" src=\"http:\/\/www.malerdeck.de\/blog\/wp-content\/uploads\/2012\/02\/Ranking-facebook-meistertipp-malerdeck.jpg\" alt=\"\" width=\"506\" height=\"345\" srcset=\"https:\/\/www.malerdeck.de\/blog\/wp-content\/uploads\/2012\/02\/Ranking-facebook-meistertipp-malerdeck.jpg 506w, https:\/\/www.malerdeck.de\/blog\/wp-content\/uploads\/2012\/02\/Ranking-facebook-meistertipp-malerdeck-300x204.jpg 300w\" sizes=\"auto, (max-width: 506px) 100vw, 506px\" \/><\/a><\/dt>\n<dd class=\"wp-caption-dd\">Altes Ranking bei Meistertipp<\/dd>\n<\/dl>\n<\/div>\n<p>Seit dieser Zeit, ist der Kollege Malermeister Ahle, mit seinen &#8222;Likes&#8220; bei Facebook, auf und davon gezogen. Vielleicht erz\u00e4hlt er uns ja einmal seine Strategie, wie er dieses tolle und bemerkenswerte Ergebnis, in so kurzer Zeit, erreicht hat.<\/p>\n<div class=\"mceTemp mceIEcenter\" style=\"text-align: center;\">\n<dl id=\"attachment_4115\" class=\"wp-caption aligncenter\" style=\"width: 544px;\">\n<dt class=\"wp-caption-dt\"><a href=\"http:\/\/www.meistertipp.de\/aktuelles\/ranking\/maler-bei-facebook\" target=\"_blank\"><img loading=\"lazy\" decoding=\"async\" class=\"size-full wp-image-4115\" title=\"Meistertipp 1-5\" src=\"http:\/\/www.malerdeck.de\/blog\/wp-content\/uploads\/2012\/02\/Meistertipp-1-5.jpg\" alt=\"\" width=\"534\" height=\"510\" srcset=\"https:\/\/www.malerdeck.de\/blog\/wp-content\/uploads\/2012\/02\/Meistertipp-1-5.jpg 534w, https:\/\/www.malerdeck.de\/blog\/wp-content\/uploads\/2012\/02\/Meistertipp-1-5-300x286.jpg 300w\" sizes=\"auto, (max-width: 534px) 100vw, 534px\" \/><\/a><\/dt>\n<dd class=\"wp-caption-dd\">Zum Spitzenplatz: Herzlichen Gl\u00fcckwunsch an Malermeister Ahle<\/dd>\n<\/dl>\n<\/div>\n<p>Eine ganz andere Geschichte, ist allerdings das Pageranking der eigenen Homepage. Da habe ich mir einmal das Ranking der ersten f\u00fcnf Malerfirmen bei Facebook &#8211; \u00fcber <a href=\"http:\/\/www.alexa.com\/\" target=\"_blank\">www.alexa.com<\/a> &#8211; angesehen. Und das Ergebnis ist:<\/p>\n<h3 style=\"text-align: center;\"><span style=\"text-decoration: underline;\">malerdeck mit weitem Abstand die Nummer 1 \ud83d\ude42<br \/>\n<\/span><\/h3>\n<div class=\"mceTemp mceIEcenter\" style=\"text-align: center;\">\n<dl id=\"attachment_4122\" class=\"wp-caption aligncenter\" style=\"width: 552px;\">\n<dt class=\"wp-caption-dt\"><a href=\"http:\/\/www.malerdeck.de\/blog\/wp-content\/uploads\/2012\/02\/1-Alexa-malerdeck-pagerank.jpg\"><img loading=\"lazy\" decoding=\"async\" class=\"size-full wp-image-4122\" title=\"1 Alexa malerdeck pageranking\" src=\"http:\/\/www.malerdeck.de\/blog\/wp-content\/uploads\/2012\/02\/1-Alexa-malerdeck-pagerank.jpg\" alt=\"\" width=\"542\" height=\"287\" srcset=\"https:\/\/www.malerdeck.de\/blog\/wp-content\/uploads\/2012\/02\/1-Alexa-malerdeck-pagerank.jpg 542w, https:\/\/www.malerdeck.de\/blog\/wp-content\/uploads\/2012\/02\/1-Alexa-malerdeck-pagerank-300x158.jpg 300w\" sizes=\"auto, (max-width: 542px) 100vw, 542px\" \/><\/a><\/dt>\n<dd class=\"wp-caption-dd\">1. malerdeck, Ranking bei Alexa<\/dd>\n<\/dl>\n<\/div>\n<p>malerdeck liegt mit seiner Homepage weltweit auf Platz 290.271 und in Deutschland auf Platz 13.958. Ein beachtliches Ergebnis, finde ich.<\/p>\n<div class=\"mceTemp mceIEcenter\" style=\"text-align: center;\">\n<dl id=\"attachment_4123\" class=\"wp-caption aligncenter\" style=\"width: 552px;\">\n<dt class=\"wp-caption-dt\"><a href=\"http:\/\/www.malerdeck.de\/blog\/wp-content\/uploads\/2012\/02\/2-Alexa-geyer.jpg\"><img loading=\"lazy\" decoding=\"async\" class=\"size-full wp-image-4123\" title=\"2 Alexa geyer\" src=\"http:\/\/www.malerdeck.de\/blog\/wp-content\/uploads\/2012\/02\/2-Alexa-geyer.jpg\" alt=\"\" width=\"542\" height=\"277\" srcset=\"https:\/\/www.malerdeck.de\/blog\/wp-content\/uploads\/2012\/02\/2-Alexa-geyer.jpg 542w, https:\/\/www.malerdeck.de\/blog\/wp-content\/uploads\/2012\/02\/2-Alexa-geyer-300x153.jpg 300w\" sizes=\"auto, (max-width: 542px) 100vw, 542px\" \/><\/a><\/dt>\n<dd class=\"wp-caption-dd\">2. Malerische Wohnideen, Ranking bei Alexa<\/dd>\n<\/dl>\n<\/div>\n<div class=\"mceTemp mceIEcenter\" style=\"text-align: center;\">\n<dl id=\"attachment_4125\" class=\"wp-caption aligncenter\" style=\"width: 552px;\">\n<dt class=\"wp-caption-dt\"><a href=\"http:\/\/www.malerdeck.de\/blog\/wp-content\/uploads\/2012\/02\/3-Alexa-maler-heyse.jpg\"><img loading=\"lazy\" decoding=\"async\" class=\"size-full wp-image-4125\" title=\"3 Alexa maler heyse\" src=\"http:\/\/www.malerdeck.de\/blog\/wp-content\/uploads\/2012\/02\/3-Alexa-maler-heyse.jpg\" alt=\"\" width=\"542\" height=\"317\" srcset=\"https:\/\/www.malerdeck.de\/blog\/wp-content\/uploads\/2012\/02\/3-Alexa-maler-heyse.jpg 542w, https:\/\/www.malerdeck.de\/blog\/wp-content\/uploads\/2012\/02\/3-Alexa-maler-heyse-300x175.jpg 300w\" sizes=\"auto, (max-width: 542px) 100vw, 542px\" \/><\/a><\/dt>\n<dd class=\"wp-caption-dd\">3. Maler Hyse, Ranking bei Alexa<\/dd>\n<\/dl>\n<\/div>\n<div class=\"mceTemp mceIEcenter\" style=\"text-align: center;\">\n<dl id=\"attachment_4127\" class=\"wp-caption aligncenter\" style=\"width: 552px;\">\n<dt class=\"wp-caption-dt\"><a href=\"http:\/\/www.malerdeck.de\/blog\/wp-content\/uploads\/2012\/02\/4-Alex-ahle.jpg\"><img loading=\"lazy\" decoding=\"async\" class=\"size-full wp-image-4127\" title=\"4 Alex ahle\" src=\"http:\/\/www.malerdeck.de\/blog\/wp-content\/uploads\/2012\/02\/4-Alex-ahle.jpg\" alt=\"\" width=\"542\" height=\"276\" srcset=\"https:\/\/www.malerdeck.de\/blog\/wp-content\/uploads\/2012\/02\/4-Alex-ahle.jpg 542w, https:\/\/www.malerdeck.de\/blog\/wp-content\/uploads\/2012\/02\/4-Alex-ahle-300x152.jpg 300w\" sizes=\"auto, (max-width: 542px) 100vw, 542px\" \/><\/a><\/dt>\n<dd class=\"wp-caption-dd\">4.Malermeister Ahle, Ranking bei Alexa<\/dd>\n<\/dl>\n<\/div>\n<div class=\"mceTemp mceIEcenter\" style=\"text-align: center;\">\n<dl id=\"attachment_4128\" class=\"wp-caption aligncenter\" style=\"width: 552px;\">\n<dt class=\"wp-caption-dt\"><a href=\"http:\/\/www.malerdeck.de\/blog\/wp-content\/uploads\/2012\/02\/5-Alexa-hennes.jpg\"><img loading=\"lazy\" decoding=\"async\" class=\"size-full wp-image-4128\" title=\"5 Alexa hennes\" src=\"http:\/\/www.malerdeck.de\/blog\/wp-content\/uploads\/2012\/02\/5-Alexa-hennes.jpg\" alt=\"\" width=\"542\" height=\"253\" srcset=\"https:\/\/www.malerdeck.de\/blog\/wp-content\/uploads\/2012\/02\/5-Alexa-hennes.jpg 542w, https:\/\/www.malerdeck.de\/blog\/wp-content\/uploads\/2012\/02\/5-Alexa-hennes-300x140.jpg 300w\" sizes=\"auto, (max-width: 542px) 100vw, 542px\" \/><\/a><\/dt>\n<dd class=\"wp-caption-dd\">Kein messbares Ergebnis, Malerbetrieb Hennes, Ranking bei Alexa<\/dd>\n<\/dl>\n<\/div>\n<p>Zus\u00e4tzlich schaute ich mir &#8211; vergleichsweise &#8211; die in unserer Branche marktf\u00fchrenden Farbhersteller an. Alle liegen weit hinter malerdeck.<\/p>\n<div class=\"mceTemp mceIEcenter\" style=\"text-align: center;\">\n<dl id=\"attachment_4136\" class=\"wp-caption aligncenter\" style=\"width: 552px;\">\n<dt class=\"wp-caption-dt\"><a href=\"http:\/\/www.malerdeck.de\/blog\/wp-content\/uploads\/2012\/02\/alexa-caparol.jpg\"><img loading=\"lazy\" decoding=\"async\" class=\"size-full wp-image-4136\" title=\"alexa caparol\" src=\"http:\/\/www.malerdeck.de\/blog\/wp-content\/uploads\/2012\/02\/alexa-caparol.jpg\" alt=\"\" width=\"542\" height=\"305\" srcset=\"https:\/\/www.malerdeck.de\/blog\/wp-content\/uploads\/2012\/02\/alexa-caparol.jpg 542w, https:\/\/www.malerdeck.de\/blog\/wp-content\/uploads\/2012\/02\/alexa-caparol-300x168.jpg 300w\" sizes=\"auto, (max-width: 542px) 100vw, 542px\" \/><\/a><\/dt>\n<dd class=\"wp-caption-dd\">Caparol, Ranking bei Alexa<\/dd>\n<\/dl>\n<\/div>\n<div id=\"attachment_4137\" style=\"width: 552px\" class=\"wp-caption aligncenter\"><a href=\"http:\/\/www.malerdeck.de\/blog\/wp-content\/uploads\/2012\/02\/Alexa-Brillux.jpg\"><img loading=\"lazy\" decoding=\"async\" aria-describedby=\"caption-attachment-4137\" class=\"size-full wp-image-4137\" title=\"Alexa Brillux\" src=\"http:\/\/www.malerdeck.de\/blog\/wp-content\/uploads\/2012\/02\/Alexa-Brillux.jpg\" alt=\"\" width=\"542\" height=\"318\" srcset=\"https:\/\/www.malerdeck.de\/blog\/wp-content\/uploads\/2012\/02\/Alexa-Brillux.jpg 542w, https:\/\/www.malerdeck.de\/blog\/wp-content\/uploads\/2012\/02\/Alexa-Brillux-300x176.jpg 300w\" sizes=\"auto, (max-width: 542px) 100vw, 542px\" \/><\/a><p id=\"caption-attachment-4137\" class=\"wp-caption-text\">Brillux, Ranking bei Alexa<\/p><\/div>\n<div class=\"mceTemp mceIEcenter\" style=\"text-align: center;\">\n<dl id=\"attachment_4139\" class=\"wp-caption aligncenter\" style=\"width: 552px;\">\n<dt class=\"wp-caption-dt\"><a href=\"http:\/\/www.malerdeck.de\/blog\/wp-content\/uploads\/2012\/02\/Alexa-Sto-AG.jpg\"><img loading=\"lazy\" decoding=\"async\" class=\"size-full wp-image-4139\" title=\"Alexa Sto AG\" src=\"http:\/\/www.malerdeck.de\/blog\/wp-content\/uploads\/2012\/02\/Alexa-Sto-AG.jpg\" alt=\"\" width=\"542\" height=\"312\" srcset=\"https:\/\/www.malerdeck.de\/blog\/wp-content\/uploads\/2012\/02\/Alexa-Sto-AG.jpg 542w, https:\/\/www.malerdeck.de\/blog\/wp-content\/uploads\/2012\/02\/Alexa-Sto-AG-300x172.jpg 300w\" sizes=\"auto, (max-width: 542px) 100vw, 542px\" \/><\/a><\/dt>\n<dd class=\"wp-caption-dd\">Sto AG, Ranking bei Alexa<\/dd>\n<\/dl>\n<\/div>\n<div class=\"mceTemp mceIEcenter\" style=\"text-align: center;\">\n<dl id=\"attachment_4151\" class=\"wp-caption aligncenter\" style=\"width: 552px;\">\n<dt class=\"wp-caption-dt\"><a href=\"http:\/\/www.malerdeck.de\/blog\/wp-content\/uploads\/2012\/02\/Alexa-BAumit.jpg\"><img loading=\"lazy\" decoding=\"async\" class=\"size-full wp-image-4151\" title=\"Alexa BAumit\" src=\"http:\/\/www.malerdeck.de\/blog\/wp-content\/uploads\/2012\/02\/Alexa-BAumit.jpg\" alt=\"\" width=\"542\" height=\"288\" srcset=\"https:\/\/www.malerdeck.de\/blog\/wp-content\/uploads\/2012\/02\/Alexa-BAumit.jpg 542w, https:\/\/www.malerdeck.de\/blog\/wp-content\/uploads\/2012\/02\/Alexa-BAumit-300x159.jpg 300w\" sizes=\"auto, (max-width: 542px) 100vw, 542px\" \/><\/a><\/dt>\n<dd class=\"wp-caption-dd\">Baumit, Ranking Alexa<\/dd>\n<\/dl>\n<\/div>\n<div class=\"mceTemp mceIEcenter\" style=\"text-align: center;\">\n<dl id=\"attachment_4140\" class=\"wp-caption aligncenter\" style=\"width: 552px;\">\n<dt class=\"wp-caption-dt\"><a href=\"http:\/\/www.malerdeck.de\/blog\/wp-content\/uploads\/2012\/02\/Alexa-Herbol.jpg\"><img loading=\"lazy\" decoding=\"async\" class=\"size-full wp-image-4140\" title=\"Alexa Herbol\" src=\"http:\/\/www.malerdeck.de\/blog\/wp-content\/uploads\/2012\/02\/Alexa-Herbol.jpg\" alt=\"\" width=\"542\" height=\"325\" srcset=\"https:\/\/www.malerdeck.de\/blog\/wp-content\/uploads\/2012\/02\/Alexa-Herbol.jpg 542w, https:\/\/www.malerdeck.de\/blog\/wp-content\/uploads\/2012\/02\/Alexa-Herbol-300x179.jpg 300w\" sizes=\"auto, (max-width: 542px) 100vw, 542px\" \/><\/a><\/dt>\n<dd class=\"wp-caption-dd\">Herbol, Ranking bei Alexa<\/dd>\n<\/dl>\n<\/div>\n<div class=\"mceTemp mceIEcenter\" style=\"text-align: center;\">\n<dl id=\"attachment_4141\" class=\"wp-caption aligncenter\" style=\"width: 552px;\">\n<dt class=\"wp-caption-dt\"><a href=\"http:\/\/www.malerdeck.de\/blog\/wp-content\/uploads\/2012\/02\/Alexa-Sikkens.jpg\"><img loading=\"lazy\" decoding=\"async\" class=\"size-full wp-image-4141\" title=\"Alexa Sikkens\" src=\"http:\/\/www.malerdeck.de\/blog\/wp-content\/uploads\/2012\/02\/Alexa-Sikkens.jpg\" alt=\"\" width=\"542\" height=\"313\" srcset=\"https:\/\/www.malerdeck.de\/blog\/wp-content\/uploads\/2012\/02\/Alexa-Sikkens.jpg 542w, https:\/\/www.malerdeck.de\/blog\/wp-content\/uploads\/2012\/02\/Alexa-Sikkens-300x173.jpg 300w\" sizes=\"auto, (max-width: 542px) 100vw, 542px\" \/><\/a><\/dt>\n<dd class=\"wp-caption-dd\">Sikkens, Ranking bei Alexa<\/dd>\n<\/dl>\n<\/div>\n<p>Das hat mich dann noch zus\u00e4tzlich \u00fcberrascht, auch branchenf\u00fchrende (Farb-) Industrieunternehmen und Konzerne, so weit hinter mir zu lassen! \ud83d\ude42<\/p>\n<h3 style=\"text-align: center;\">Auch das ist eine Antwort auf die mir st\u00e4ndig gestellte Frage:<\/h3>\n<h3 style=\"text-align: center;\">&#8222;Und, was bringt Ihnen Social Media?&#8220;<\/h3>\n<p>Eine weitere Antwort auf diese Frage, mit handfesten Ergebnissen, k\u00f6nnen Sie hier lesen. &#8222;<a href=\"http:\/\/www.malerdeck.de\/blog\/der-beweis-durch-social-media-neue-zielgruppe-erobert-steigerung-um-132-prozentpunkte\" target=\"_blank\">Der Beweis: Durch Social Media, neue Zielgruppe erobert, Steigerung um 132 Prozentpunkte<\/a>&#8220;<\/p>\n<p>Offensichtlich geht das Thema &#8222;Social Media&#8220; noch an vielen unbemerkt vorbei!<\/p>\n","protected":false},"excerpt":{"rendered":"<p>Facebook ist wichtig, aber noch wichtiger ist das Pageranking der eigenen Webseite. Aber zuerst zu Facebook. Am 7. Februar, ver\u00f6ffentlichte Meistertipp eine Hitliste, der in Facebook vertretenen Malerfirmen. malerdeck war zu diesem Zeitpunkt &#8211; noch &#8211; auf Platz eins. Altes Ranking bei Meistertipp Seit dieser Zeit, ist der Kollege Malermeister Ahle, mit seinen &#8222;Likes&#8220; bei [&hellip;]<\/p>\n","protected":false},"author":2,"featured_media":0,"comment_status":"open","ping_status":"open","sticky":false,"template":"","format":"standard","meta":{"footnotes":""},"categories":[22,17],"tags":[795,722,723,24,794,724,725,2950],"class_list":["post-4111","post","type-post","status-publish","format-standard","hentry","category-social-media","category-strategie","tag-alexa","tag-hitliste","tag-maler-bei-facebook","tag-malerdeck","tag-pageranking","tag-platz-eins","tag-ranking","tag-social-media"],"_links":{"self":[{"href":"https:\/\/www.malerdeck.de\/blog\/wp-json\/wp\/v2\/posts\/4111","targetHints":{"allow":["GET"]}}],"collection":[{"href":"https:\/\/www.malerdeck.de\/blog\/wp-json\/wp\/v2\/posts"}],"about":[{"href":"https:\/\/www.malerdeck.de\/blog\/wp-json\/wp\/v2\/types\/post"}],"author":[{"embeddable":true,"href":"https:\/\/www.malerdeck.de\/blog\/wp-json\/wp\/v2\/users\/2"}],"replies":[{"embeddable":true,"href":"https:\/\/www.malerdeck.de\/blog\/wp-json\/wp\/v2\/comments?post=4111"}],"version-history":[{"count":29,"href":"https:\/\/www.malerdeck.de\/blog\/wp-json\/wp\/v2\/posts\/4111\/revisions"}],"predecessor-version":[{"id":4197,"href":"https:\/\/www.malerdeck.de\/blog\/wp-json\/wp\/v2\/posts\/4111\/revisions\/4197"}],"wp:attachment":[{"href":"https:\/\/www.malerdeck.de\/blog\/wp-json\/wp\/v2\/media?parent=4111"}],"wp:term":[{"taxonomy":"category","embeddable":true,"href":"https:\/\/www.malerdeck.de\/blog\/wp-json\/wp\/v2\/categories?post=4111"},{"taxonomy":"post_tag","embeddable":true,"href":"https:\/\/www.malerdeck.de\/blog\/wp-json\/wp\/v2\/tags?post=4111"}],"curies":[{"name":"wp","href":"https:\/\/api.w.org\/{rel}","templated":true}]}}