{"id":3717,"date":"2012-02-10T13:07:49","date_gmt":"2012-02-10T11:07:49","guid":{"rendered":"http:\/\/www.malerdeck.de\/blog\/?p=3717"},"modified":"2014-02-08T14:19:11","modified_gmt":"2014-02-08T12:19:11","slug":"mein-gestriger-vortrag-fuer-das-strategiecentrum-in-freiburg","status":"publish","type":"post","link":"https:\/\/www.malerdeck.de\/blog\/mein-gestriger-vortrag-fuer-das-strategiecentrum-in-freiburg","title":{"rendered":"Mein gestriger Vortrag &#8222;Social Media&#8220;, beim StrategieCentrum in Freiburg"},"content":{"rendered":"<p>Auf meiner Facebookseite, schrieb mir Peter K\u00e4pernick, Regionalleiter <a href=\"http:\/\/www.strategiecentrum-oberrhein.de\/freiburg\/strategiecentrum-freiburg.html\" target=\"_blank\">StrategieCentrum Freiburg,<\/a> bereits heute Morgen:<\/p>\n<div id=\"attachment_21673\" style=\"width: 552px\" class=\"wp-caption aligncenter\"><a href=\"http:\/\/www.malerdeck.de\/blog\/wp-content\/uploads\/2012\/02\/StrategieCentrum-Peter-K\u00e4pernick-1.jpg\"><img loading=\"lazy\" decoding=\"async\" aria-describedby=\"caption-attachment-21673\" class=\"size-full wp-image-21673\" alt=\"Vortrag in Freiburg\" src=\"http:\/\/www.malerdeck.de\/blog\/wp-content\/uploads\/2012\/02\/StrategieCentrum-Peter-K\u00e4pernick-1.jpg\" width=\"542\" height=\"192\" srcset=\"https:\/\/www.malerdeck.de\/blog\/wp-content\/uploads\/2012\/02\/StrategieCentrum-Peter-K\u00e4pernick-1.jpg 542w, https:\/\/www.malerdeck.de\/blog\/wp-content\/uploads\/2012\/02\/StrategieCentrum-Peter-K\u00e4pernick-1-300x106.jpg 300w\" sizes=\"auto, (max-width: 542px) 100vw, 542px\" \/><\/a><p id=\"caption-attachment-21673\" class=\"wp-caption-text\">Peter K\u00e4pernick, Regionalleiter StrategieCentrum Freiburg<\/p><\/div>\n<p style=\"text-align: left;\">Wie versprochen, schickte mir Peter K\u00e4pernik die Bilder per Email und schrieb dazu:<\/p>\n<blockquote>\n<p style=\"text-align: left;\"><em><strong>Sehr geehrter Herr Deck, danke Ihnen nochmals f\u00fcr den exzellenten Vortrag am gestrigen Abend.<\/strong><\/em> Von der Qualit\u00e4t war er dreiundzwanzigmal besser, als derjenige in Baden Baden.<\/p>\n<p style=\"text-align: left;\">Insbesondere der Vergleich zwischen Bowling und Flipper im Bezug auf die Twitter+Co (Blog) Geschichte zeigt deutlich, worum es eigentlich geht. Jetzt, glaube ich wenigstens, habe auch ich das Funktionieren verstanden&#8230;.<\/p>\n<p style=\"text-align: left;\">Gr\u00fc\u00dfe aus Freiburg Peter K\u00e4pernick<\/p>\n<\/blockquote>\n<p style=\"text-align: left;\">Lieber <a href=\"http:\/\/www.kaepernickundpartner.de\/\" target=\"_blank\">Peter K\u00e4pernik<\/a>, vielen Dank f\u00fcr die Bilder und Ihre &#8222;Blumen&#8220;.<\/p>\n<div id=\"attachment_3724\" style=\"width: 552px\" class=\"wp-caption aligncenter\"><a href=\"http:\/\/www.malerdeck.de\/blog\/wp-content\/uploads\/2012\/02\/StrategieCentrum-Strategie-Forum-Werner-Deck-1.jpg\"><img loading=\"lazy\" decoding=\"async\" aria-describedby=\"caption-attachment-3724\" class=\"size-full wp-image-3724\" title=\"StrategieCentrum Strategie Forum Werner Deck 1\" alt=\"\" src=\"http:\/\/www.malerdeck.de\/blog\/wp-content\/uploads\/2012\/02\/StrategieCentrum-Strategie-Forum-Werner-Deck-1.jpg\" width=\"542\" height=\"241\" srcset=\"https:\/\/www.malerdeck.de\/blog\/wp-content\/uploads\/2012\/02\/StrategieCentrum-Strategie-Forum-Werner-Deck-1.jpg 542w, https:\/\/www.malerdeck.de\/blog\/wp-content\/uploads\/2012\/02\/StrategieCentrum-Strategie-Forum-Werner-Deck-1-300x133.jpg 300w\" sizes=\"auto, (max-width: 542px) 100vw, 542px\" \/><\/a><p id=\"caption-attachment-3724\" class=\"wp-caption-text\">Werner Deck in Aktion<\/p><\/div>\n<div id=\"attachment_3725\" style=\"width: 552px\" class=\"wp-caption aligncenter\"><a href=\"http:\/\/www.malerdeck.de\/blog\/wp-content\/uploads\/2012\/02\/StrategieCentrum-Strategie-Forum-Werner-Deck-2.jpg\"><img loading=\"lazy\" decoding=\"async\" aria-describedby=\"caption-attachment-3725\" class=\"size-full wp-image-3725\" title=\"StrategieCentrum Strategie Forum Werner Deck 2\" alt=\"\" src=\"http:\/\/www.malerdeck.de\/blog\/wp-content\/uploads\/2012\/02\/StrategieCentrum-Strategie-Forum-Werner-Deck-2.jpg\" width=\"542\" height=\"248\" srcset=\"https:\/\/www.malerdeck.de\/blog\/wp-content\/uploads\/2012\/02\/StrategieCentrum-Strategie-Forum-Werner-Deck-2.jpg 542w, https:\/\/www.malerdeck.de\/blog\/wp-content\/uploads\/2012\/02\/StrategieCentrum-Strategie-Forum-Werner-Deck-2-300x137.jpg 300w\" sizes=\"auto, (max-width: 542px) 100vw, 542px\" \/><\/a><p id=\"caption-attachment-3725\" class=\"wp-caption-text\">Vortragsende, mit einer guten Flasche badischen Wein<\/p><\/div>\n<p>Noch auf der n\u00e4chtlichen Heimfahrt im Zug, verschickte ich an die Teilnehmer meine Vortragsfolien per Email.<\/p>\n<p>Fast zeitgleich mit den Bildern von <a href=\"http:\/\/www.kaepernickundpartner.de\/\" target=\"_blank\">Peter K\u00e4pernik<\/a>, erreichte mich diese Stimme von Markus D\u00f6rflinger, von <a href=\"http:\/\/www.telnet.de\/www.telnet.de\/index.html\" target=\"_blank\">TELNET<\/a>.<\/p>\n<div id=\"attachment_21674\" style=\"width: 479px\" class=\"wp-caption aligncenter\"><a href=\"http:\/\/www.malerdeck.de\/blog\/wp-content\/uploads\/2012\/02\/Markus-D\u00f6rflinger-Telnet.jpg\"><img loading=\"lazy\" decoding=\"async\" aria-describedby=\"caption-attachment-21674\" class=\"size-full wp-image-21674\" alt=\"Referenz Vortrag\" src=\"http:\/\/www.malerdeck.de\/blog\/wp-content\/uploads\/2012\/02\/Markus-D\u00f6rflinger-Telnet.jpg\" width=\"469\" height=\"397\" srcset=\"https:\/\/www.malerdeck.de\/blog\/wp-content\/uploads\/2012\/02\/Markus-D\u00f6rflinger-Telnet.jpg 469w, https:\/\/www.malerdeck.de\/blog\/wp-content\/uploads\/2012\/02\/Markus-D\u00f6rflinger-Telnet-300x253.jpg 300w\" sizes=\"auto, (max-width: 469px) 100vw, 469px\" \/><\/a><p id=\"caption-attachment-21674\" class=\"wp-caption-text\">Das schrieb Markus D\u00f6rflinger<\/p><\/div>\n<p style=\"text-align: left;\">Lieber Markus D\u00f6rflinger, es freut mich sehr, wenn es Ihnen gefallen hat.<\/p>\n<p style=\"text-align: left;\">Zudem war es auch f\u00fcr mich spannend und sehr angenehm, mit so aufgeschlossenen und dynamischen Unternehmerinnen und Unternehmern den Abend zu verbringen.<\/p>\n","protected":false},"excerpt":{"rendered":"<p>Auf meiner Facebookseite, schrieb mir Peter K\u00e4pernick, Regionalleiter StrategieCentrum Freiburg, bereits heute Morgen: Wie versprochen, schickte mir Peter K\u00e4pernik die Bilder per Email und schrieb dazu: Sehr geehrter Herr Deck, danke Ihnen nochmals f\u00fcr den exzellenten Vortrag am gestrigen Abend. Von der Qualit\u00e4t war er dreiundzwanzigmal besser, als derjenige in Baden Baden. Insbesondere der Vergleich [&hellip;]<\/p>\n","protected":false},"author":2,"featured_media":0,"comment_status":"open","ping_status":"open","sticky":false,"template":"","format":"standard","meta":{"footnotes":""},"categories":[294],"tags":[382,24,552,1216,2950,2949,295,578,384,575,323],"class_list":["post-3717","post","type-post","status-publish","format-standard","hentry","category-vortraege-beratung","tag-eks","tag-malerdeck","tag-opti-maler-partner","tag-redner","tag-social-media","tag-strategie","tag-strategiecentrum","tag-strategieforum","tag-vortrag","tag-web-2-0","tag-werner-deck"],"_links":{"self":[{"href":"https:\/\/www.malerdeck.de\/blog\/wp-json\/wp\/v2\/posts\/3717","targetHints":{"allow":["GET"]}}],"collection":[{"href":"https:\/\/www.malerdeck.de\/blog\/wp-json\/wp\/v2\/posts"}],"about":[{"href":"https:\/\/www.malerdeck.de\/blog\/wp-json\/wp\/v2\/types\/post"}],"author":[{"embeddable":true,"href":"https:\/\/www.malerdeck.de\/blog\/wp-json\/wp\/v2\/users\/2"}],"replies":[{"embeddable":true,"href":"https:\/\/www.malerdeck.de\/blog\/wp-json\/wp\/v2\/comments?post=3717"}],"version-history":[{"count":25,"href":"https:\/\/www.malerdeck.de\/blog\/wp-json\/wp\/v2\/posts\/3717\/revisions"}],"predecessor-version":[{"id":21675,"href":"https:\/\/www.malerdeck.de\/blog\/wp-json\/wp\/v2\/posts\/3717\/revisions\/21675"}],"wp:attachment":[{"href":"https:\/\/www.malerdeck.de\/blog\/wp-json\/wp\/v2\/media?parent=3717"}],"wp:term":[{"taxonomy":"category","embeddable":true,"href":"https:\/\/www.malerdeck.de\/blog\/wp-json\/wp\/v2\/categories?post=3717"},{"taxonomy":"post_tag","embeddable":true,"href":"https:\/\/www.malerdeck.de\/blog\/wp-json\/wp\/v2\/tags?post=3717"}],"curies":[{"name":"wp","href":"https:\/\/api.w.org\/{rel}","templated":true}]}}