{"id":3677,"date":"2012-02-08T19:54:02","date_gmt":"2012-02-08T17:54:02","guid":{"rendered":"http:\/\/www.malerdeck.de\/blog\/?p=3677"},"modified":"2012-08-18T14:40:12","modified_gmt":"2012-08-18T12:40:12","slug":"dialo-weblog-social-media-fuer-kmu-maler-deck-zeigt-wie-es-geht","status":"publish","type":"post","link":"https:\/\/www.malerdeck.de\/blog\/dialo-weblog-social-media-fuer-kmu-maler-deck-zeigt-wie-es-geht","title":{"rendered":"dialo Weblog: Social Media f\u00fcr KMU \u2013 Maler Deck zeigt wie es geht"},"content":{"rendered":"<p>&#8222;Er tr\u00e4gt den Titel \u201cMister Social Media des Handwerks&#8230;&#8220;, beginnt der heutige Blogbeitrag von <a href=\"http:\/\/www.dialo.de\" target=\"_blank\">www.dialo.de<\/a>, dem Online-Telefonbuch. Das geht mir nat\u00fcrlich runter wie das ber\u00fchmte \u00d6l.\u00a0 \ud83d\ude09<\/p>\n<p>Ein Klick auf die Grafik, bringt Sie zum Artikel auf dem Blog von dialo.de.<\/p>\n<div id=\"attachment_3678\" style=\"width: 552px\" class=\"wp-caption aligncenter\"><a href=\"http:\/\/www.dialo.de\/blog\/allgemein\/social-media-fuer-kmu-maler-deck-zeigt-wie-es-geht\/\" target=\"_blank\"><img loading=\"lazy\" decoding=\"async\" aria-describedby=\"caption-attachment-3678\" class=\"size-full wp-image-3678\" title=\"Social Media malerdeck zeigt wie es geht\" src=\"http:\/\/www.malerdeck.de\/blog\/wp-content\/uploads\/2012\/02\/Social-Media-malerdeck-zeigt-wie-es-geht.jpg\" alt=\"\" width=\"542\" height=\"1012\" srcset=\"https:\/\/www.malerdeck.de\/blog\/wp-content\/uploads\/2012\/02\/Social-Media-malerdeck-zeigt-wie-es-geht.jpg 542w, https:\/\/www.malerdeck.de\/blog\/wp-content\/uploads\/2012\/02\/Social-Media-malerdeck-zeigt-wie-es-geht-160x300.jpg 160w\" sizes=\"auto, (max-width: 542px) 100vw, 542px\" \/><\/a><p id=\"caption-attachment-3678\" class=\"wp-caption-text\">Social Media f\u00fcr KMU &#8211; malerdeck zeigt wie es geht<\/p><\/div>\n<p>Vielen Dank an das Dialo-Team, dass ich als Beispiel dienen durfte.<\/p>\n","protected":false},"excerpt":{"rendered":"<p>&#8222;Er tr\u00e4gt den Titel \u201cMister Social Media des Handwerks&#8230;&#8220;, beginnt der heutige Blogbeitrag von www.dialo.de, dem Online-Telefonbuch. Das geht mir nat\u00fcrlich runter wie das ber\u00fchmte \u00d6l.\u00a0 \ud83d\ude09 Ein Klick auf die Grafik, bringt Sie zum Artikel auf dem Blog von dialo.de. Vielen Dank an das Dialo-Team, dass ich als Beispiel dienen durfte.<\/p>\n","protected":false},"author":2,"featured_media":0,"comment_status":"open","ping_status":"open","sticky":false,"template":"","format":"standard","meta":{"footnotes":""},"categories":[22],"tags":[1306,739,388,736,611,1312,737],"class_list":["post-3677","post","type-post","status-publish","format-standard","hentry","category-social-media","tag-artikel-interview","tag-beispiel-fuer-social-media","tag-blogbeitrag","tag-dialo","tag-mister-social-media-des-handwerks","tag-msm","tag-social-media-fuer-kmu"],"_links":{"self":[{"href":"https:\/\/www.malerdeck.de\/blog\/wp-json\/wp\/v2\/posts\/3677","targetHints":{"allow":["GET"]}}],"collection":[{"href":"https:\/\/www.malerdeck.de\/blog\/wp-json\/wp\/v2\/posts"}],"about":[{"href":"https:\/\/www.malerdeck.de\/blog\/wp-json\/wp\/v2\/types\/post"}],"author":[{"embeddable":true,"href":"https:\/\/www.malerdeck.de\/blog\/wp-json\/wp\/v2\/users\/2"}],"replies":[{"embeddable":true,"href":"https:\/\/www.malerdeck.de\/blog\/wp-json\/wp\/v2\/comments?post=3677"}],"version-history":[{"count":5,"href":"https:\/\/www.malerdeck.de\/blog\/wp-json\/wp\/v2\/posts\/3677\/revisions"}],"predecessor-version":[{"id":7716,"href":"https:\/\/www.malerdeck.de\/blog\/wp-json\/wp\/v2\/posts\/3677\/revisions\/7716"}],"wp:attachment":[{"href":"https:\/\/www.malerdeck.de\/blog\/wp-json\/wp\/v2\/media?parent=3677"}],"wp:term":[{"taxonomy":"category","embeddable":true,"href":"https:\/\/www.malerdeck.de\/blog\/wp-json\/wp\/v2\/categories?post=3677"},{"taxonomy":"post_tag","embeddable":true,"href":"https:\/\/www.malerdeck.de\/blog\/wp-json\/wp\/v2\/tags?post=3677"}],"curies":[{"name":"wp","href":"https:\/\/api.w.org\/{rel}","templated":true}]}}