{"id":3124,"date":"2012-01-17T18:33:45","date_gmt":"2012-01-17T16:33:45","guid":{"rendered":"http:\/\/www.malerdeck.de\/blog\/?p=3124"},"modified":"2014-01-10T07:22:41","modified_gmt":"2014-01-10T05:22:41","slug":"meine-ehrenamtliche-dozententaetigkeit-an-der-akademie-fuer-betriebsmanagement","status":"publish","type":"post","link":"https:\/\/www.malerdeck.de\/blog\/meine-ehrenamtliche-dozententaetigkeit-an-der-akademie-fuer-betriebsmanagement","title":{"rendered":"Meine ehrenamtliche Dozentent\u00e4tigkeit, an der Akademie f\u00fcr Betriebsmanagement"},"content":{"rendered":"<p style=\"text-align: justify;\">Am Donnerstag dieser Woche, ist es wieder so weit. Einen guten halben Tag, unterrichte ich Studenten und Studentinnen der <a href=\"http:\/\/www.sfg.s.bw.schule.de\/index.php\/ak_startseite.html\" target=\"_blank\">Akademie f\u00fcr Betriebsmanagement<\/a> in Stuttgart.<\/p>\n<div id=\"attachment_20896\" style=\"width: 552px\" class=\"wp-caption aligncenter\"><a href=\"http:\/\/www.malerdeck.de\/blog\/wp-content\/uploads\/2013\/01\/akademie-f\u00fcr-betriebsmananagement.jpg\"><img loading=\"lazy\" decoding=\"async\" aria-describedby=\"caption-attachment-20896\" class=\"size-full wp-image-20896\" alt=\"Akademie f\u00fcr Betriebsmanagement, Schule f\u00fcr Farbe und Gestaltung, Stuttgart\" src=\"http:\/\/www.malerdeck.de\/blog\/wp-content\/uploads\/2013\/01\/akademie-f\u00fcr-betriebsmananagement.jpg\" width=\"542\" height=\"379\" srcset=\"https:\/\/www.malerdeck.de\/blog\/wp-content\/uploads\/2013\/01\/akademie-f\u00fcr-betriebsmananagement.jpg 542w, https:\/\/www.malerdeck.de\/blog\/wp-content\/uploads\/2013\/01\/akademie-f\u00fcr-betriebsmananagement-300x209.jpg 300w\" sizes=\"auto, (max-width: 542px) 100vw, 542px\" \/><\/a><p id=\"caption-attachment-20896\" class=\"wp-caption-text\">Akademie f\u00fcr Betriebsmanagement, Schule f\u00fcr Farbe und Gestaltung, Stuttgart<\/p><\/div>\n<p>Die jungen Menschen schlie\u00dfen das Studium als \u201cStaatlich gepr\u00fcfter Betriebsmanager &#8211; Fachrichtung Farbe\u201d und dem Meisterbrief als Maler und Lackierer ab.<\/p>\n<p style=\"text-align: justify;\">Mein Unterrichtsthema: <strong>\u201cMarktsegmentierung und Wettbewerbsstrategien\u201d<\/strong>. Damit leiste ich meinen kleinen Beitrag, um die Studenten f\u00fcr ihre k\u00fcnfige T\u00e4tigkeit fit zu machen.<\/p>\n<p style=\"text-align: justify;\">Dabei versuche ich, die f\u00fcr diese T\u00e4tigkeit wichtigen unternehmerischen Strategien und Verhaltensweisen zu vermitteln und die jungen Menschen daf\u00fcr zu sensibilisieren.<\/p>\n<p style=\"text-align: justify;\">Vergessen habe ich, wie lange ich das schon mache. 10 Jahre bestimmt, es k\u00f6nnten aber auch locker 20 Jahre sein. Diese ehrenamtliche Dozentent\u00e4tigkeit ist mir gleichzeitig Freude und Verpflichtung.<\/p>\n","protected":false},"excerpt":{"rendered":"<p>Am Donnerstag dieser Woche, ist es wieder so weit. Einen guten halben Tag, unterrichte ich Studenten und Studentinnen der Akademie f\u00fcr Betriebsmanagement in Stuttgart. Die jungen Menschen schlie\u00dfen das Studium als \u201cStaatlich gepr\u00fcfter Betriebsmanager &#8211; Fachrichtung Farbe\u201d und dem Meisterbrief als Maler und Lackierer ab. Mein Unterrichtsthema: \u201cMarktsegmentierung und Wettbewerbsstrategien\u201d. Damit leiste ich meinen kleinen [&hellip;]<\/p>\n","protected":false},"author":2,"featured_media":0,"comment_status":"open","ping_status":"open","sticky":false,"template":"","format":"standard","meta":{"footnotes":""},"categories":[16],"tags":[622,623,625,624,323],"class_list":["post-3124","post","type-post","status-publish","format-standard","hentry","category-soziales","tag-akademie-fuer-betriebsmanagement","tag-dozent","tag-schule-fuer-farbe-und-gestaltung","tag-stuttgart","tag-werner-deck"],"_links":{"self":[{"href":"https:\/\/www.malerdeck.de\/blog\/wp-json\/wp\/v2\/posts\/3124","targetHints":{"allow":["GET"]}}],"collection":[{"href":"https:\/\/www.malerdeck.de\/blog\/wp-json\/wp\/v2\/posts"}],"about":[{"href":"https:\/\/www.malerdeck.de\/blog\/wp-json\/wp\/v2\/types\/post"}],"author":[{"embeddable":true,"href":"https:\/\/www.malerdeck.de\/blog\/wp-json\/wp\/v2\/users\/2"}],"replies":[{"embeddable":true,"href":"https:\/\/www.malerdeck.de\/blog\/wp-json\/wp\/v2\/comments?post=3124"}],"version-history":[{"count":7,"href":"https:\/\/www.malerdeck.de\/blog\/wp-json\/wp\/v2\/posts\/3124\/revisions"}],"predecessor-version":[{"id":20906,"href":"https:\/\/www.malerdeck.de\/blog\/wp-json\/wp\/v2\/posts\/3124\/revisions\/20906"}],"wp:attachment":[{"href":"https:\/\/www.malerdeck.de\/blog\/wp-json\/wp\/v2\/media?parent=3124"}],"wp:term":[{"taxonomy":"category","embeddable":true,"href":"https:\/\/www.malerdeck.de\/blog\/wp-json\/wp\/v2\/categories?post=3124"},{"taxonomy":"post_tag","embeddable":true,"href":"https:\/\/www.malerdeck.de\/blog\/wp-json\/wp\/v2\/tags?post=3124"}],"curies":[{"name":"wp","href":"https:\/\/api.w.org\/{rel}","templated":true}]}}