{"id":3100,"date":"2012-01-17T10:57:45","date_gmt":"2012-01-17T08:57:45","guid":{"rendered":"http:\/\/www.malerdeck.de\/blog\/?p=3100"},"modified":"2012-05-31T21:21:10","modified_gmt":"2012-05-31T19:21:10","slug":"diese-dame-bedankt-sich-sehr-anruehrend-fuer-meine-gereimten-glueckwuensche-und-gibt-sie-sogar-weiter","status":"publish","type":"post","link":"https:\/\/www.malerdeck.de\/blog\/diese-dame-bedankt-sich-sehr-anruehrend-fuer-meine-gereimten-glueckwuensche-und-gibt-sie-sogar-weiter","title":{"rendered":"Diese Dame bedankt sich sehr anr\u00fchrend f\u00fcr meine gereimten Gl\u00fcckw\u00fcnsche und gibt sie sogar weiter"},"content":{"rendered":"<p>Es ist f\u00fcr mich immer sehr anr\u00fchrend, wie sehr sich die Menschen \u00fcber meine Reimgl\u00fcckw\u00fcnsche freuen. Dieser Tage bei der Post: Dieses liebe Dankesch\u00f6n einer \u00e4lteren Dame.<\/p>\n<div class=\"mceTemp mceIEcenter\" style=\"text-align: center;\">\n<dl id=\"attachment_3103\" class=\"wp-caption aligncenter\" style=\"width: 552px;\">\n<dt class=\"wp-caption-dt\"><a href=\"http:\/\/www.malerdeck.de\/blog\/wp-content\/uploads\/2012\/01\/Danke-f%C3%BCr-Gl%C3%BCckw%C3%BCnsche-geburtstagsreime.jpg\"><img loading=\"lazy\" decoding=\"async\" class=\"size-full wp-image-3103\" title=\"Danke f\u00fcr Gl\u00fcckw\u00fcnsche geburtstagsreime\" src=\"http:\/\/www.malerdeck.de\/blog\/wp-content\/uploads\/2012\/01\/Danke-f%C3%BCr-Gl%C3%BCckw%C3%BCnsche-geburtstagsreime.jpg\" alt=\"\" width=\"542\" height=\"586\" \/><\/a><\/dt>\n<dd class=\"wp-caption-dd\">Die Dame gibt meine Reimspr\u00fcche sogar weiter<\/dd>\n<\/dl>\n<\/div>\n<p>Auch das h\u00f6re ich oft, dass meine Reimspr\u00fcche so gut gefallen und deshalb weiter gegeben werden.\u00a0 Freude bereiten und zus\u00e4tzliche Mundpropaganda ausl\u00f6sen. Kann es etwas sch\u00f6neres geben?<\/p>\n<p>Wenn Sie meine Strategie der Geburtstagreime noch nicht kennen, k\u00f6nnen Sie sie hier nachlesen: <a href=\"http:\/\/www.malerdeck.de\/blog\/mundpropaganda-und-kundengewinnung-durch-gereimte-geburtstagsbriefe\" target=\"_blank\">Mundpropaganda und Kundengewinnung durch gereimte Geburtstagsbriefe<\/a>.<\/p>\n","protected":false},"excerpt":{"rendered":"<p>Es ist f\u00fcr mich immer sehr anr\u00fchrend, wie sehr sich die Menschen \u00fcber meine Reimgl\u00fcckw\u00fcnsche freuen. Dieser Tage bei der Post: Dieses liebe Dankesch\u00f6n einer \u00e4lteren Dame. Die Dame gibt meine Reimspr\u00fcche sogar weiter Auch das h\u00f6re ich oft, dass meine Reimspr\u00fcche so gut gefallen und deshalb weiter gegeben werden.\u00a0 Freude bereiten und zus\u00e4tzliche Mundpropaganda [&hellip;]<\/p>\n","protected":false},"author":2,"featured_media":0,"comment_status":"open","ping_status":"open","sticky":false,"template":"","format":"standard","meta":{"footnotes":""},"categories":[6,8,220],"tags":[239,92,169,237,619,313,312],"class_list":["post-3100","post","type-post","status-publish","format-standard","hentry","category-kunden-wertschaetzung","category-kundenreaktionen","category-werbung","tag-freude","tag-geburtstag","tag-geburtstagsmarketing","tag-geburtstagsreim","tag-glueckwuensche","tag-gratulation-zum-geburtstag","tag-gratulieren"],"_links":{"self":[{"href":"https:\/\/www.malerdeck.de\/blog\/wp-json\/wp\/v2\/posts\/3100","targetHints":{"allow":["GET"]}}],"collection":[{"href":"https:\/\/www.malerdeck.de\/blog\/wp-json\/wp\/v2\/posts"}],"about":[{"href":"https:\/\/www.malerdeck.de\/blog\/wp-json\/wp\/v2\/types\/post"}],"author":[{"embeddable":true,"href":"https:\/\/www.malerdeck.de\/blog\/wp-json\/wp\/v2\/users\/2"}],"replies":[{"embeddable":true,"href":"https:\/\/www.malerdeck.de\/blog\/wp-json\/wp\/v2\/comments?post=3100"}],"version-history":[{"count":7,"href":"https:\/\/www.malerdeck.de\/blog\/wp-json\/wp\/v2\/posts\/3100\/revisions"}],"predecessor-version":[{"id":5769,"href":"https:\/\/www.malerdeck.de\/blog\/wp-json\/wp\/v2\/posts\/3100\/revisions\/5769"}],"wp:attachment":[{"href":"https:\/\/www.malerdeck.de\/blog\/wp-json\/wp\/v2\/media?parent=3100"}],"wp:term":[{"taxonomy":"category","embeddable":true,"href":"https:\/\/www.malerdeck.de\/blog\/wp-json\/wp\/v2\/categories?post=3100"},{"taxonomy":"post_tag","embeddable":true,"href":"https:\/\/www.malerdeck.de\/blog\/wp-json\/wp\/v2\/tags?post=3100"}],"curies":[{"name":"wp","href":"https:\/\/api.w.org\/{rel}","templated":true}]}}