{"id":26456,"date":"2015-02-05T12:11:36","date_gmt":"2015-02-05T10:11:36","guid":{"rendered":"http:\/\/www.malerdeck.de\/blog\/?p=26456"},"modified":"2022-12-14T08:22:57","modified_gmt":"2022-12-14T06:22:57","slug":"bleibt-werner-deck-als-autor-und-schreibt-auch-silke-busch","status":"publish","type":"post","link":"https:\/\/www.malerdeck.de\/blog\/bleibt-werner-deck-als-autor-und-schreibt-auch-silke-busch","title":{"rendered":"Bleibt Werner Deck als Autor und schreibt auch Silke Busch?"},"content":{"rendered":"<div id=\"attachment_26458\" style=\"width: 128px\" class=\"wp-caption alignleft\"><a href=\"http:\/\/www.malerdeck.de\/blog\/wp-content\/uploads\/2015\/02\/Werner-Deck-Opti-Maler-Partner.jpg\"><img loading=\"lazy\" decoding=\"async\" aria-describedby=\"caption-attachment-26458\" class=\"wp-image-26458\" src=\"http:\/\/www.malerdeck.de\/blog\/wp-content\/uploads\/2015\/02\/Werner-Deck-Opti-Maler-Partner.jpg\" alt=\"Opti-Maler-Partner\" width=\"118\" height=\"118\" srcset=\"https:\/\/www.malerdeck.de\/blog\/wp-content\/uploads\/2015\/02\/Werner-Deck-Opti-Maler-Partner.jpg 300w, https:\/\/www.malerdeck.de\/blog\/wp-content\/uploads\/2015\/02\/Werner-Deck-Opti-Maler-Partner-150x150.jpg 150w, https:\/\/www.malerdeck.de\/blog\/wp-content\/uploads\/2015\/02\/Werner-Deck-Opti-Maler-Partner-299x300.jpg 299w, https:\/\/www.malerdeck.de\/blog\/wp-content\/uploads\/2015\/02\/Werner-Deck-Opti-Maler-Partner-144x144.jpg 144w\" sizes=\"auto, (max-width: 118px) 100vw, 118px\" \/><\/a><p id=\"caption-attachment-26458\" class=\"wp-caption-text\">Werner Deck<\/p><\/div>\n<p style=\"text-align: justify;\">Die mir oft gestellte Frage, ob Silke Busch k\u00fcnftig auch auf dem Blog schreibt und Social Media ebenfalls weiterf\u00fchrt, habe ich <a href=\"http:\/\/www.malerdeck.de\/blog\/schreibt-silke-busch-auch-auf-dem-blog-und-fuehrt-social-media-kuenftig-weiter\">hier ausf\u00fchrlich beantwortet<\/a>.<\/p>\n<p style=\"text-align: justify;\">Silke Busch begleitend, schreibe ich auf diesem Blog noch weiter, allerdings nur noch sporadisch.<\/p>\n<p style=\"text-align: justify;\">Weiter schreibe ich meine Beitr\u00e4ge, engagiert und in &#8222;alter Frische&#8220; \ud83d\ude09 , k\u00fcnftig hier, siehe Feld unten:<\/p>\n<p style=\"text-align: justify;\"><span style=\"color: #ffffff;\">.<\/span><\/p>\n<blockquote>\n<p style=\"text-align: center;\">\u2022 Blog meines Franchise-Systems &#8222;<a href=\"https:\/\/www.werner-deck.de\/blog\/\" target=\"_blank\" rel=\"noopener\">Opti-Maler-Partner<\/a>&#8222;<\/p>\n<p style=\"text-align: center;\">\u2022 Facebookseite Franchise-System &#8222;<a href=\"https:\/\/www.facebook.com\/Opti.Maler.Partner\" target=\"_blank\" rel=\"noopener\">Opti-Maler-Partner<\/a>&#8222;<\/p>\n<\/blockquote>\n<p style=\"text-align: center;\"><a href=\"https:\/\/wernerdeck.de\/blog\/\" target=\"_blank\" rel=\"noopener\">Nach meinem endg\u00fcltigen (Un-) Ruhestand, k\u00f6nnen Sie mir auf meinem neuen privaten Blog folgen.<\/a><a href=\"https:\/\/wernerdeck.de\/blog\/\" target=\"_blank\" rel=\"noopener\"><img loading=\"lazy\" decoding=\"async\" class=\"aligncenter wp-image-26986\" src=\"http:\/\/www.malerdeck.de\/blog\/wp-content\/uploads\/2015\/02\/privater-Blog.jpg\" alt=\"\" width=\"539\" height=\"134\" srcset=\"https:\/\/www.malerdeck.de\/blog\/wp-content\/uploads\/2015\/02\/privater-Blog.jpg 700w, https:\/\/www.malerdeck.de\/blog\/wp-content\/uploads\/2015\/02\/privater-Blog-300x75.jpg 300w\" sizes=\"auto, (max-width: 539px) 100vw, 539px\" \/><\/a><\/p>\n","protected":false},"excerpt":{"rendered":"<p>Die mir oft gestellte Frage, ob Silke Busch k\u00fcnftig auch auf dem Blog schreibt und Social Media ebenfalls weiterf\u00fchrt, habe ich hier ausf\u00fchrlich beantwortet. Silke Busch begleitend, schreibe ich auf diesem Blog noch weiter, allerdings nur noch sporadisch. Weiter schreibe ich meine Beitr\u00e4ge, engagiert und in &#8222;alter Frische&#8220; \ud83d\ude09 , k\u00fcnftig hier, siehe Feld unten: [&hellip;]<\/p>\n","protected":false},"author":2,"featured_media":0,"comment_status":"open","ping_status":"open","sticky":true,"template":"","format":"standard","meta":{"footnotes":""},"categories":[22],"tags":[23,2950],"class_list":["post-26456","post","type-post","status-publish","format-standard","hentry","category-social-media","tag-blog","tag-social-media"],"_links":{"self":[{"href":"https:\/\/www.malerdeck.de\/blog\/wp-json\/wp\/v2\/posts\/26456","targetHints":{"allow":["GET"]}}],"collection":[{"href":"https:\/\/www.malerdeck.de\/blog\/wp-json\/wp\/v2\/posts"}],"about":[{"href":"https:\/\/www.malerdeck.de\/blog\/wp-json\/wp\/v2\/types\/post"}],"author":[{"embeddable":true,"href":"https:\/\/www.malerdeck.de\/blog\/wp-json\/wp\/v2\/users\/2"}],"replies":[{"embeddable":true,"href":"https:\/\/www.malerdeck.de\/blog\/wp-json\/wp\/v2\/comments?post=26456"}],"version-history":[{"count":23,"href":"https:\/\/www.malerdeck.de\/blog\/wp-json\/wp\/v2\/posts\/26456\/revisions"}],"predecessor-version":[{"id":26988,"href":"https:\/\/www.malerdeck.de\/blog\/wp-json\/wp\/v2\/posts\/26456\/revisions\/26988"}],"wp:attachment":[{"href":"https:\/\/www.malerdeck.de\/blog\/wp-json\/wp\/v2\/media?parent=26456"}],"wp:term":[{"taxonomy":"category","embeddable":true,"href":"https:\/\/www.malerdeck.de\/blog\/wp-json\/wp\/v2\/categories?post=26456"},{"taxonomy":"post_tag","embeddable":true,"href":"https:\/\/www.malerdeck.de\/blog\/wp-json\/wp\/v2\/tags?post=26456"}],"curies":[{"name":"wp","href":"https:\/\/api.w.org\/{rel}","templated":true}]}}