{"id":25839,"date":"2014-11-19T09:26:28","date_gmt":"2014-11-19T07:26:28","guid":{"rendered":"http:\/\/www.malerdeck.de\/blog\/?p=25839"},"modified":"2014-11-19T09:48:12","modified_gmt":"2014-11-19T07:48:12","slug":"doppelt-haelt-besser-der-alte-und-die-neue-heute-der-tageszeitung","status":"publish","type":"post","link":"https:\/\/www.malerdeck.de\/blog\/doppelt-haelt-besser-der-alte-und-die-neue-heute-der-tageszeitung","title":{"rendered":"Doppelt h\u00e4lt besser! Der &#8222;ALTE&#8220; und die &#8222;NEUE&#8220; heute in der Tageszeitung"},"content":{"rendered":"<p>So informieren wir u.a. \u00fcber das &#8222;neue Gesicht&#8220; an der Spitze von malerdeck. \ud83d\ude42 .<\/p>\n<div id=\"attachment_25840\" style=\"width: 563px\" class=\"wp-caption aligncenter\"><a href=\"http:\/\/www.malerdeck.de\/blog\/wp-content\/uploads\/2014\/11\/heute-in-zeitung.jpg\"><img loading=\"lazy\" decoding=\"async\" aria-describedby=\"caption-attachment-25840\" class=\"wp-image-25840\" src=\"http:\/\/www.malerdeck.de\/blog\/wp-content\/uploads\/2014\/11\/heute-in-zeitung.jpg\" alt=\"Betriebs\u00fcbergabe malerdeck\" width=\"553\" height=\"311\" srcset=\"https:\/\/www.malerdeck.de\/blog\/wp-content\/uploads\/2014\/11\/heute-in-zeitung.jpg 1000w, https:\/\/www.malerdeck.de\/blog\/wp-content\/uploads\/2014\/11\/heute-in-zeitung-300x168.jpg 300w, https:\/\/www.malerdeck.de\/blog\/wp-content\/uploads\/2014\/11\/heute-in-zeitung-900x506.jpg 900w\" sizes=\"auto, (max-width: 553px) 100vw, 553px\" \/><\/a><p id=\"caption-attachment-25840\" class=\"wp-caption-text\">Das neue Gesicht, die neue Chefin von malerdeck: Silke Busch<\/p><\/div>\n<p>F\u00fcr diese Kampagne erhielten wir \u00fcbrigens bereits sehr viele positive R\u00fcckmeldungen. \ud83d\ude42<\/p>\n","protected":false},"excerpt":{"rendered":"<p>So informieren wir u.a. \u00fcber das &#8222;neue Gesicht&#8220; an der Spitze von malerdeck. \ud83d\ude42 . F\u00fcr diese Kampagne erhielten wir \u00fcbrigens bereits sehr viele positive R\u00fcckmeldungen. \ud83d\ude42<\/p>\n","protected":false},"author":2,"featured_media":0,"comment_status":"open","ping_status":"open","sticky":false,"template":"","format":"standard","meta":{"footnotes":""},"categories":[11,12],"tags":[2893,2891,2892],"class_list":["post-25839","post","type-post","status-publish","format-standard","hentry","category-mitarbeiter","category-organisation-und-unternehmensfuehrung","tag-betriebsuebergabe","tag-nachfolge","tag-nachfolgerin"],"_links":{"self":[{"href":"https:\/\/www.malerdeck.de\/blog\/wp-json\/wp\/v2\/posts\/25839","targetHints":{"allow":["GET"]}}],"collection":[{"href":"https:\/\/www.malerdeck.de\/blog\/wp-json\/wp\/v2\/posts"}],"about":[{"href":"https:\/\/www.malerdeck.de\/blog\/wp-json\/wp\/v2\/types\/post"}],"author":[{"embeddable":true,"href":"https:\/\/www.malerdeck.de\/blog\/wp-json\/wp\/v2\/users\/2"}],"replies":[{"embeddable":true,"href":"https:\/\/www.malerdeck.de\/blog\/wp-json\/wp\/v2\/comments?post=25839"}],"version-history":[{"count":5,"href":"https:\/\/www.malerdeck.de\/blog\/wp-json\/wp\/v2\/posts\/25839\/revisions"}],"predecessor-version":[{"id":25848,"href":"https:\/\/www.malerdeck.de\/blog\/wp-json\/wp\/v2\/posts\/25839\/revisions\/25848"}],"wp:attachment":[{"href":"https:\/\/www.malerdeck.de\/blog\/wp-json\/wp\/v2\/media?parent=25839"}],"wp:term":[{"taxonomy":"category","embeddable":true,"href":"https:\/\/www.malerdeck.de\/blog\/wp-json\/wp\/v2\/categories?post=25839"},{"taxonomy":"post_tag","embeddable":true,"href":"https:\/\/www.malerdeck.de\/blog\/wp-json\/wp\/v2\/tags?post=25839"}],"curies":[{"name":"wp","href":"https:\/\/api.w.org\/{rel}","templated":true}]}}