{"id":25137,"date":"2014-09-25T15:36:32","date_gmt":"2014-09-25T13:36:32","guid":{"rendered":"http:\/\/www.malerdeck.de\/blog\/?p=25137"},"modified":"2014-09-25T15:36:32","modified_gmt":"2014-09-25T13:36:32","slug":"kunde-laesst-sich-vom-fachmann-beraten-kauft-danach-das-material-im-baumarkt-und-will-das-erforderliche-wekzeug-vom-fachmann-haben","status":"publish","type":"post","link":"https:\/\/www.malerdeck.de\/blog\/kunde-laesst-sich-vom-fachmann-beraten-kauft-danach-das-material-im-baumarkt-und-will-das-erforderliche-wekzeug-vom-fachmann-haben","title":{"rendered":"Vom Fachmann beraten und Angebot erhalten. Material im Baumarkt gekauft, Werkzeug vom Fachmann leihen wollen"},"content":{"rendered":"<p>Das ist wieder einmal eine unglaubliche Geschichte, wie unverfroren manche Menschen sind. Erz\u00e4hlt hat sie mir heute Morgen ein Kollege. Ein &#8222;Kunde&#8220; lie\u00df sich umfangreich \u00fcber Laminatverlegung beraten. Dazu erstellte der Kollege noch ein Angebot.<\/p>\n<p>Nach einiger Zeit tauchte der &#8222;Kunde&#8220; wieder auf. Er hatte das Laminat billig im Baumarkt gekauft und wollte sich jetzt alle zur Laminatverlegung erforderlichen Werkzeuge &#8211; kostenlos &#8211; von meinem verdutzten Handwerkskollegen leihen.<\/p>\n<div id=\"attachment_25143\" style=\"width: 436px\" class=\"wp-caption aligncenter\"><a href=\"http:\/\/www.malerdeck.de\/blog\/wp-content\/uploads\/2014\/09\/Laminatwerkzeug-Fotolia_66189848_XS.jpg\"><img loading=\"lazy\" decoding=\"async\" aria-describedby=\"caption-attachment-25143\" class=\"size-full wp-image-25143\" src=\"http:\/\/www.malerdeck.de\/blog\/wp-content\/uploads\/2014\/09\/Laminatwerkzeug-Fotolia_66189848_XS.jpg\" alt=\"Laminat im Baumarkt gekauft\" width=\"426\" height=\"285\" srcset=\"https:\/\/www.malerdeck.de\/blog\/wp-content\/uploads\/2014\/09\/Laminatwerkzeug-Fotolia_66189848_XS.jpg 426w, https:\/\/www.malerdeck.de\/blog\/wp-content\/uploads\/2014\/09\/Laminatwerkzeug-Fotolia_66189848_XS-300x200.jpg 300w\" sizes=\"auto, (max-width: 426px) 100vw, 426px\" \/><\/a><p id=\"caption-attachment-25143\" class=\"wp-caption-text\">Werkzeug f\u00fcr die Laminatverlegung leihen<\/p><\/div>\n<p>Mein Kollege empfahl ihm, sich das Wekzeug im Baumarkt zu leihen und setzte ihm den Stuhl vor die T\u00fcr.<\/p>\n<p>Hallo, gehts noch? \ud83d\ude41<\/p>\n<p>&nbsp;<\/p>\n","protected":false},"excerpt":{"rendered":"<p>Das ist wieder einmal eine unglaubliche Geschichte, wie unverfroren manche Menschen sind. Erz\u00e4hlt hat sie mir heute Morgen ein Kollege. Ein &#8222;Kunde&#8220; lie\u00df sich umfangreich \u00fcber Laminatverlegung beraten. Dazu erstellte der Kollege noch ein Angebot. Nach einiger Zeit tauchte der &#8222;Kunde&#8220; wieder auf. Er hatte das Laminat billig im Baumarkt gekauft und wollte sich jetzt [&hellip;]<\/p>\n","protected":false},"author":2,"featured_media":0,"comment_status":"open","ping_status":"open","sticky":false,"template":"","format":"standard","meta":{"footnotes":""},"categories":[1,14],"tags":[398,1392,2861],"class_list":["post-25137","post","type-post","status-publish","format-standard","hentry","category-allgemein","category-schraeges","tag-baumarkt","tag-laminat","tag-unverfroren"],"_links":{"self":[{"href":"https:\/\/www.malerdeck.de\/blog\/wp-json\/wp\/v2\/posts\/25137","targetHints":{"allow":["GET"]}}],"collection":[{"href":"https:\/\/www.malerdeck.de\/blog\/wp-json\/wp\/v2\/posts"}],"about":[{"href":"https:\/\/www.malerdeck.de\/blog\/wp-json\/wp\/v2\/types\/post"}],"author":[{"embeddable":true,"href":"https:\/\/www.malerdeck.de\/blog\/wp-json\/wp\/v2\/users\/2"}],"replies":[{"embeddable":true,"href":"https:\/\/www.malerdeck.de\/blog\/wp-json\/wp\/v2\/comments?post=25137"}],"version-history":[{"count":8,"href":"https:\/\/www.malerdeck.de\/blog\/wp-json\/wp\/v2\/posts\/25137\/revisions"}],"predecessor-version":[{"id":25146,"href":"https:\/\/www.malerdeck.de\/blog\/wp-json\/wp\/v2\/posts\/25137\/revisions\/25146"}],"wp:attachment":[{"href":"https:\/\/www.malerdeck.de\/blog\/wp-json\/wp\/v2\/media?parent=25137"}],"wp:term":[{"taxonomy":"category","embeddable":true,"href":"https:\/\/www.malerdeck.de\/blog\/wp-json\/wp\/v2\/categories?post=25137"},{"taxonomy":"post_tag","embeddable":true,"href":"https:\/\/www.malerdeck.de\/blog\/wp-json\/wp\/v2\/tags?post=25137"}],"curies":[{"name":"wp","href":"https:\/\/api.w.org\/{rel}","templated":true}]}}