{"id":24894,"date":"2014-09-10T09:46:52","date_gmt":"2014-09-10T07:46:52","guid":{"rendered":"http:\/\/www.malerdeck.de\/blog\/?p=24894"},"modified":"2014-09-10T09:58:51","modified_gmt":"2014-09-10T07:58:51","slug":"gluecklich-ist-wer-vergisst-stressbewaeltigung-durch-vergessen-wie-sie-mit-versaeumnissen-umgehen-koennen","status":"publish","type":"post","link":"https:\/\/www.malerdeck.de\/blog\/gluecklich-ist-wer-vergisst-stressbewaeltigung-durch-vergessen-wie-sie-mit-versaeumnissen-umgehen-koennen","title":{"rendered":"Gl\u00fccklich ist, wer vergisst. Stressbew\u00e4ltigung durch Vergessen: Wie Sie mit Vers\u00e4umnissen umgehen k\u00f6nnen"},"content":{"rendered":"<div id=\"attachment_8235\" style=\"width: 99px\" class=\"wp-caption alignleft\"><a href=\"http:\/\/www.malerdeck.de\/blog\/wp-content\/uploads\/2012\/09\/Verzweiflung.jpg\"><img loading=\"lazy\" decoding=\"async\" aria-describedby=\"caption-attachment-8235\" class=\" wp-image-8235\" src=\"http:\/\/www.malerdeck.de\/blog\/wp-content\/uploads\/2012\/09\/Verzweiflung.jpg\" alt=\"Burnout oder Depression?\" width=\"89\" height=\"134\" srcset=\"https:\/\/www.malerdeck.de\/blog\/wp-content\/uploads\/2012\/09\/Verzweiflung.jpg 283w, https:\/\/www.malerdeck.de\/blog\/wp-content\/uploads\/2012\/09\/Verzweiflung-200x300.jpg 200w\" sizes=\"auto, (max-width: 89px) 100vw, 89px\" \/><\/a><p id=\"caption-attachment-8235\" class=\"wp-caption-text\">H\u00e4tte ich doch damals&#8230;<\/p><\/div>\n<p style=\"text-align: justify;\">\u201eH\u00e4tte ich doch damals &#8230;\u201c Einen solchen oder \u00e4hnlichen Satz haben Sie sicher auch schon einmal formuliert. Ob im Beruf, in der Liebe oder in der Gesundheit \u2013 immer wieder gibt es Dinge, die Sie wohl gern r\u00fcckg\u00e4ngig machen w\u00fcrden. Vieles jedoch l\u00e4sst sich nicht mehr \u00e4ndern.<\/p>\n<p style=\"text-align: justify;\">Im Normalfall \u00e4rgern wir uns \u00fcber solche Vers\u00e4umnisse, begleitet von Wut, Trauer oder Wehmut. In der Operette \u201eWiener Blut\u201c hei\u00dft es ganz richtig: \u201eGl\u00fccklich ist, wer vergisst, was nicht mehr zu \u00e4ndern ist.\u201c<\/p>\n<p style=\"text-align: justify;\">Aber wie kommen Sie zu dieser gl\u00fccklichen Einstellung, die auch eine wichtige Grundlage der Stressbew\u00e4ltigung ist?<\/p>\n<p style=\"text-align: justify;\"><strong>Vers\u00e4umnisse k\u00f6nnen krank machen<\/strong><\/p>\n<p style=\"text-align: justify;\">Viele Menschen leiden darunter, dass die Gedanken an das, was sie vers\u00e4umt haben, sie einfach nicht loslassen. Das Gef\u00fchl, etwas sehr Wichtiges unwiederbringlich verpasst zu haben, kann verbittern und zu einer un\u00fcberwindbaren Barriere zur Stressbew\u00e4ltigung werden. In extremen F\u00e4llen sprechen Psychologen von einer Verbitterungsst\u00f6rung.<\/p>\n<div id=\"attachment_24904\" style=\"width: 121px\" class=\"wp-caption alignright\"><a href=\"http:\/\/www.malerdeck.de\/blog\/wp-content\/uploads\/2014\/09\/skeptische-Kundin.jpg\"><img loading=\"lazy\" decoding=\"async\" aria-describedby=\"caption-attachment-24904\" class=\"wp-image-24904\" src=\"http:\/\/www.malerdeck.de\/blog\/wp-content\/uploads\/2014\/09\/skeptische-Kundin.jpg\" alt=\"warum habe ich das nicht fr\u00fcher gemacht\" width=\"111\" height=\"125\" srcset=\"https:\/\/www.malerdeck.de\/blog\/wp-content\/uploads\/2014\/09\/skeptische-Kundin.jpg 367w, https:\/\/www.malerdeck.de\/blog\/wp-content\/uploads\/2014\/09\/skeptische-Kundin-265x300.jpg 265w\" sizes=\"auto, (max-width: 111px) 100vw, 111px\" \/><\/a><p id=\"caption-attachment-24904\" class=\"wp-caption-text\">Kariere geopfert?<\/p><\/div>\n<p style=\"text-align: justify;\">Ein typisches Beispiel: Ein Frau mit guter Ausbildung opfert eine m\u00f6gliche Karriere ihrem Mann und der Familie. Nach 20 Jahren aber \u2013 die Kinder sind schon au\u00dfer Haus \u2013 wird sie von ihrem Mann wegen einer j\u00fcngeren Frau verlassen.<\/p>\n<p style=\"text-align: justify;\">Sie steht mit leeren H\u00e4nden da und kommt nicht mehr dar\u00fcber hinweg, dass sie ihre Karriere aufgegeben hat. Laut verschiedenen Untersuchungen schleppen bis zu 80 % aller erwachsenen Bundesb\u00fcrger eine kleine Verbitterung mit sich herum, die sie nicht loswerden k\u00f6nnen.<\/p>\n<p style=\"text-align: justify;\"><strong>Zu welcher Gruppe geh\u00f6ren Sie?<\/strong><\/p>\n<p style=\"text-align: justify;\">Denken Sie mindestens alle 2 Tage an die immer gleiche Situation, in der etwas schief gelaufen ist? Und liegt dieses Ereignis l\u00e4nger als 1 Jahr zur\u00fcck? Wenn ja, dann leiden Sie an einer leichten Verbitterungsst\u00f6rung.<\/p>\n<p style=\"text-align: justify;\">Wenn Sie mindestens 1-mal pro Tag an ein Vers\u00e4umnis denken und sich dabei niedergeschlagen f\u00fchlen, handelt es sich nach der medizinischen Definition um eine Verbitterung mittleren Ausma\u00dfes.<\/p>\n<div id=\"attachment_7411\" style=\"width: 112px\" class=\"wp-caption alignleft\"><a href=\"http:\/\/www.malerdeck.de\/blog\/wp-content\/uploads\/2012\/08\/unter-Stress.jpg\"><img loading=\"lazy\" decoding=\"async\" aria-describedby=\"caption-attachment-7411\" class=\"wp-image-7411\" src=\"http:\/\/www.malerdeck.de\/blog\/wp-content\/uploads\/2012\/08\/unter-Stress.jpg\" alt=\"ich muss immer daran denken\" width=\"102\" height=\"136\" srcset=\"https:\/\/www.malerdeck.de\/blog\/wp-content\/uploads\/2012\/08\/unter-Stress.jpg 300w, https:\/\/www.malerdeck.de\/blog\/wp-content\/uploads\/2012\/08\/unter-Stress-225x300.jpg 225w\" sizes=\"auto, (max-width: 102px) 100vw, 102px\" \/><\/a><p id=\"caption-attachment-7411\" class=\"wp-caption-text\">Negative Gef\u00fchle?<\/p><\/div>\n<p style=\"text-align: justify;\">M\u00fcssen Sie fast st\u00fcndlich an etwas denken, was starke negative Gef\u00fchle in Ihnen ausl\u00f6st und behindern Sie diese Gef\u00fchle bei ihren allt\u00e4glichen Verpflichtungen, sind Sie Opfer einer schweren Verbitterungsst\u00f6rung. Der Gro\u00dfteil der Betroffenen z\u00e4hlt zur 1. Gruppe.<\/p>\n<p style=\"text-align: justify;\">In diesem Fall bed\u00fcrfen Sie keiner fachlichen Hilfe, sondern k\u00f6nnen selber daf\u00fcr sorgen, dass Ihre negativen Gedanken immer seltener und weniger intensiv auftauchen. Daf\u00fcr gibt es 5 Grundregeln, von Fachleuten \u201ekognitive Umstrukturierung\u201c genannt.<\/p>\n<p><strong>Wie Sie l\u00e4stige Erinnerungen loswerden<\/strong><\/p>\n<p><strong>Relativieren.<\/strong> Jede so genannte Fehlentscheidung hat auch eine positive Seite. Die Verbitterung aber l\u00e4sst Sie immer nur an das Negative denken. Beispiel verpatztes Bewerbungsgespr\u00e4ch: Weil Sie den Job nicht bekommen haben, sind Ihnen neue M\u00f6glichkeiten zu neuen Arbeitgebern er\u00f6ffnet worden. Ein Satz, den Sie immer vor Augen haben sollten: Jedes Ende ist immer auch ein Neubeginn.<\/p>\n<p><strong>Umbewerten.<\/strong> Oft entsteht das Gef\u00fchl der Verbitterung durch eine einseitige Wertung. Beispiel: Sie haben es damals verpasst, den Traummann bzw. die Traumfrau anzusprechen. Dann machen Sie sich deutlich: Es gibt keine Traumm\u00e4nner und Traumfrauen. Auch Ihr Traumpartner h\u00e4tte Schw\u00e4chen.<\/p>\n<p><strong>Keine Schuld zuschreiben.<\/strong> Sie haben meistens keine alleinige Schuld an dem, was Sie an Gelegenheiten vermasselt haben, auch wenn Sie im Lauf der Verbitterung immer st\u00e4rker auf Ihren eigenen Anteil sehen. Es gibt immer objektive Gr\u00fcnde, warum Sie in der entsprechenden Situation so und nicht anders handeln konnten. Beispiel: Sie haben Geld in einem Fonds angelegt, der sich als Betrug herausstellte. Den entscheidenden Teil der Schuld tragen nicht Sie mit Ihrem Leichtsinn, sondern die Betr\u00fcger!<\/p>\n<div id=\"attachment_22901\" style=\"width: 116px\" class=\"wp-caption alignright\"><a href=\"http:\/\/www.malerdeck.de\/blog\/wp-content\/uploads\/2014\/05\/Geheimnisse-einer-gl\u00fccklichen-Ehe.jpg\"><img loading=\"lazy\" decoding=\"async\" aria-describedby=\"caption-attachment-22901\" class=\" wp-image-22901\" src=\"http:\/\/www.malerdeck.de\/blog\/wp-content\/uploads\/2014\/05\/Geheimnisse-einer-gl\u00fccklichen-Ehe.jpg\" alt=\"aserg\" width=\"106\" height=\"129\" srcset=\"https:\/\/www.malerdeck.de\/blog\/wp-content\/uploads\/2014\/05\/Geheimnisse-einer-gl\u00fccklichen-Ehe.jpg 271w, https:\/\/www.malerdeck.de\/blog\/wp-content\/uploads\/2014\/05\/Geheimnisse-einer-gl\u00fccklichen-Ehe-247x300.jpg 247w\" sizes=\"auto, (max-width: 106px) 100vw, 106px\" \/><\/a><p id=\"caption-attachment-22901\" class=\"wp-caption-text\">Gl\u00fccklich sein<\/p><\/div>\n<p><strong>Kr\u00e4nkung nicht auf die Person beziehen.<\/strong> Wenn Sie abgewiesen oder schlecht behandelt wurden, beziehen Sie das auf sich: \u201eEinem anderen w\u00e4re das nicht passiert.\u201c Doch das stimmt fast nie. Sie haben nicht versagt, und Ihnen ist auch nicht als Person eine Kr\u00e4nkung zugef\u00fcgt worden. Sie sind durch die Ereignisse nicht entwertet worden.<\/p>\n<p><strong>Akzeptieren.<\/strong> Das Leben gibt und nimmt. Erst wenn Sie diese Tatsache akzeptieren, werden Sie sich von den l\u00e4stigen Gedanken befreien k\u00f6nnen. Denken Sie also, wenn Sie durch Gedanken an Vers\u00e4umtes bel\u00e4stigt werden, dass Sie auch Ja sagen k\u00f6nnen zu dem Vers\u00e4umnis. Nur durch dieses Ja zur Vergangenheit k\u00f6nnen Sie auch Ja zur Zukunft sagen.<\/p>\n<p>Autor: Werner Tiki K\u00fcstenmacher<\/p>\n<p><em>Mit freundlicher Genehmigung des Orgenda Verlag. Quelle: <a href=\"http:\/\/www.orgenda.de\/newsletter\/anmeldung\/?aff=ORG_KOP_Deck\" target=\"_blank\">simplify-Newsletter<\/a> und <a href=\"http:\/\/www.simplify.de\/\" target=\"_blank\">simplify-Homepage<\/a>.<\/em><\/p>\n<p>Dazu passt doch sehr gut das Lied aus der &#8222;Fledermaus&#8220; von Johann Strau\u00df: &#8222;Gl\u00fccklich ist wer vergisst.&#8220;<\/p>\n<p><iframe loading=\"lazy\" title=\"1962 Die Fledermaus 03 Gl\u00fccklich ist wer vergisst mit Margot Eskens\" width=\"500\" height=\"375\" src=\"https:\/\/www.youtube.com\/embed\/QEoWZ5gfXW8?feature=oembed\" frameborder=\"0\" allow=\"accelerometer; autoplay; clipboard-write; encrypted-media; gyroscope; picture-in-picture; web-share\" referrerpolicy=\"strict-origin-when-cross-origin\" allowfullscreen><\/iframe><\/p>\n","protected":false},"excerpt":{"rendered":"<p>\u201eH\u00e4tte ich doch damals &#8230;\u201c Einen solchen oder \u00e4hnlichen Satz haben Sie sicher auch schon einmal formuliert. Ob im Beruf, in der Liebe oder in der Gesundheit \u2013 immer wieder gibt es Dinge, die Sie wohl gern r\u00fcckg\u00e4ngig machen w\u00fcrden. Vieles jedoch l\u00e4sst sich nicht mehr \u00e4ndern. Im Normalfall \u00e4rgern wir uns \u00fcber solche Vers\u00e4umnisse, [&hellip;]<\/p>\n","protected":false},"author":2,"featured_media":0,"comment_status":"open","ping_status":"open","sticky":false,"template":"","format":"standard","meta":{"footnotes":""},"categories":[15],"tags":[1321,1322,28,106],"class_list":["post-24894","post","type-post","status-publish","format-standard","hentry","category-simplify-tipps","tag-glueck","tag-gluecklich","tag-simplify","tag-vergessen"],"_links":{"self":[{"href":"https:\/\/www.malerdeck.de\/blog\/wp-json\/wp\/v2\/posts\/24894","targetHints":{"allow":["GET"]}}],"collection":[{"href":"https:\/\/www.malerdeck.de\/blog\/wp-json\/wp\/v2\/posts"}],"about":[{"href":"https:\/\/www.malerdeck.de\/blog\/wp-json\/wp\/v2\/types\/post"}],"author":[{"embeddable":true,"href":"https:\/\/www.malerdeck.de\/blog\/wp-json\/wp\/v2\/users\/2"}],"replies":[{"embeddable":true,"href":"https:\/\/www.malerdeck.de\/blog\/wp-json\/wp\/v2\/comments?post=24894"}],"version-history":[{"count":18,"href":"https:\/\/www.malerdeck.de\/blog\/wp-json\/wp\/v2\/posts\/24894\/revisions"}],"predecessor-version":[{"id":24913,"href":"https:\/\/www.malerdeck.de\/blog\/wp-json\/wp\/v2\/posts\/24894\/revisions\/24913"}],"wp:attachment":[{"href":"https:\/\/www.malerdeck.de\/blog\/wp-json\/wp\/v2\/media?parent=24894"}],"wp:term":[{"taxonomy":"category","embeddable":true,"href":"https:\/\/www.malerdeck.de\/blog\/wp-json\/wp\/v2\/categories?post=24894"},{"taxonomy":"post_tag","embeddable":true,"href":"https:\/\/www.malerdeck.de\/blog\/wp-json\/wp\/v2\/tags?post=24894"}],"curies":[{"name":"wp","href":"https:\/\/api.w.org\/{rel}","templated":true}]}}