{"id":24772,"date":"2014-09-08T09:57:26","date_gmt":"2014-09-08T07:57:26","guid":{"rendered":"http:\/\/www.malerdeck.de\/blog\/?p=24772"},"modified":"2014-09-08T15:55:27","modified_gmt":"2014-09-08T13:55:27","slug":"donauradweg-vierte-etappe-von-sigmaringen-wieder-nach-karlsruhe","status":"publish","type":"post","link":"https:\/\/www.malerdeck.de\/blog\/donauradweg-vierte-etappe-von-sigmaringen-wieder-nach-karlsruhe","title":{"rendered":"Donauradweg: Vierte Etappe, von Sigmaringen wieder zur\u00fcck nach Karlsruhe"},"content":{"rendered":"<p><a href=\"http:\/\/www.malerdeck.de\/blog\/donauradweg-dritte-etappe-von-beuron-nach-siegmaringen\">Das war die dritte Etappe<\/a>.<\/p>\n<div id=\"attachment_24774\" style=\"width: 562px\" class=\"wp-caption aligncenter\"><a href=\"http:\/\/www.malerdeck.de\/blog\/wp-content\/uploads\/2014\/09\/Fr\u00fchst\u00fcck-mit-sonne.jpg\"><img loading=\"lazy\" decoding=\"async\" aria-describedby=\"caption-attachment-24774\" class=\"size-full wp-image-24774\" src=\"http:\/\/www.malerdeck.de\/blog\/wp-content\/uploads\/2014\/09\/Fr\u00fchst\u00fcck-mit-sonne.jpg\" alt=\"die sonne schien\" width=\"552\" height=\"245\" srcset=\"https:\/\/www.malerdeck.de\/blog\/wp-content\/uploads\/2014\/09\/Fr\u00fchst\u00fcck-mit-sonne.jpg 552w, https:\/\/www.malerdeck.de\/blog\/wp-content\/uploads\/2014\/09\/Fr\u00fchst\u00fcck-mit-sonne-300x133.jpg 300w\" sizes=\"auto, (max-width: 552px) 100vw, 552px\" \/><\/a><p id=\"caption-attachment-24774\" class=\"wp-caption-text\">Beim Fr\u00fchst\u00fcck zeigte sich schon etwas die Sonne. Nach dem Fr\u00fchst\u00fcck im Hotel auschecken und an die R\u00e4der. Ich war schon warm angezogen<\/p><\/div>\n<div id=\"attachment_24775\" style=\"width: 562px\" class=\"wp-caption aligncenter\"><a href=\"http:\/\/www.malerdeck.de\/blog\/wp-content\/uploads\/2014\/09\/umziehen-vor-losfahren.jpg\"><img loading=\"lazy\" decoding=\"async\" aria-describedby=\"caption-attachment-24775\" class=\"size-full wp-image-24775\" src=\"http:\/\/www.malerdeck.de\/blog\/wp-content\/uploads\/2014\/09\/umziehen-vor-losfahren.jpg\" alt=\"luftigere kleidung wegen der sonne\" width=\"552\" height=\"245\" srcset=\"https:\/\/www.malerdeck.de\/blog\/wp-content\/uploads\/2014\/09\/umziehen-vor-losfahren.jpg 552w, https:\/\/www.malerdeck.de\/blog\/wp-content\/uploads\/2014\/09\/umziehen-vor-losfahren-300x133.jpg 300w\" sizes=\"auto, (max-width: 552px) 100vw, 552px\" \/><\/a><p id=\"caption-attachment-24775\" class=\"wp-caption-text\">Da die Sonne schon kr\u00e4ftig schien, war zuerst einmal umziehen angesagt<\/p><\/div>\n<div id=\"attachment_24776\" style=\"width: 562px\" class=\"wp-caption aligncenter\"><a href=\"http:\/\/www.malerdeck.de\/blog\/wp-content\/uploads\/2014\/09\/tolles-wetter.jpg\"><img loading=\"lazy\" decoding=\"async\" aria-describedby=\"caption-attachment-24776\" class=\"size-full wp-image-24776\" src=\"http:\/\/www.malerdeck.de\/blog\/wp-content\/uploads\/2014\/09\/tolles-wetter.jpg\" alt=\"es war ein sch\u00f6ner tag\" width=\"552\" height=\"256\" srcset=\"https:\/\/www.malerdeck.de\/blog\/wp-content\/uploads\/2014\/09\/tolles-wetter.jpg 552w, https:\/\/www.malerdeck.de\/blog\/wp-content\/uploads\/2014\/09\/tolles-wetter-300x139.jpg 300w\" sizes=\"auto, (max-width: 552px) 100vw, 552px\" \/><\/a><p id=\"caption-attachment-24776\" class=\"wp-caption-text\">Herrliches Radfahren bei wunderbarem Wetter in einer tollen Landschaft<\/p><\/div>\n<div id=\"attachment_24777\" style=\"width: 562px\" class=\"wp-caption aligncenter\"><a href=\"http:\/\/www.malerdeck.de\/blog\/wp-content\/uploads\/2014\/09\/Nikolauskirche-scheer.jpg\"><img loading=\"lazy\" decoding=\"async\" aria-describedby=\"caption-attachment-24777\" class=\"size-full wp-image-24777\" src=\"http:\/\/www.malerdeck.de\/blog\/wp-content\/uploads\/2014\/09\/Nikolauskirche-scheer.jpg\" alt=\" katholisches Kirchengeb\u00e4ude in der Stadt Scheer \" width=\"552\" height=\"255\" srcset=\"https:\/\/www.malerdeck.de\/blog\/wp-content\/uploads\/2014\/09\/Nikolauskirche-scheer.jpg 552w, https:\/\/www.malerdeck.de\/blog\/wp-content\/uploads\/2014\/09\/Nikolauskirche-scheer-300x138.jpg 300w\" sizes=\"auto, (max-width: 552px) 100vw, 552px\" \/><\/a><p id=\"caption-attachment-24777\" class=\"wp-caption-text\">Zur Pfarrkirche St. Nikolaus in Scheer, mussten wir unsere Fahrr\u00e4der wieder einmal kr\u00e4ftig den Berg hoch schieben<\/p><\/div>\n<div id=\"attachment_24778\" style=\"width: 562px\" class=\"wp-caption aligncenter\"><a href=\"http:\/\/www.malerdeck.de\/blog\/wp-content\/uploads\/2014\/09\/Nikolauskirche-in-scheer.jpg\"><img loading=\"lazy\" decoding=\"async\" aria-describedby=\"caption-attachment-24778\" class=\"wp-image-24778 size-full\" src=\"http:\/\/www.malerdeck.de\/blog\/wp-content\/uploads\/2014\/09\/Nikolauskirche-in-scheer.jpg\" alt=\"Die Kirche mit gotischen Astkreuz wurde im 14. Jahrhundert auf einem der letzten Kalkfelsen des Wei\u00dfjura, bevor die Donau in einer weiten Schleife die Schw\u00e4bische Alb verl\u00e4sst, erbaut\" width=\"552\" height=\"209\" srcset=\"https:\/\/www.malerdeck.de\/blog\/wp-content\/uploads\/2014\/09\/Nikolauskirche-in-scheer.jpg 552w, https:\/\/www.malerdeck.de\/blog\/wp-content\/uploads\/2014\/09\/Nikolauskirche-in-scheer-300x113.jpg 300w\" sizes=\"auto, (max-width: 552px) 100vw, 552px\" \/><\/a><p id=\"caption-attachment-24778\" class=\"wp-caption-text\">Die Kirche mit gotischen Astkreuz wurde im 14. Jahrhundert erbaut. Die St. Nikolauskirche besitzt bedeutende Kunstsch\u00e4tze<\/p><\/div>\n<div id=\"attachment_24779\" style=\"width: 562px\" class=\"wp-caption aligncenter\"><a href=\"http:\/\/www.malerdeck.de\/blog\/wp-content\/uploads\/2014\/09\/eingang-schloss-scheer.jpg\"><img loading=\"lazy\" decoding=\"async\" aria-describedby=\"caption-attachment-24779\" class=\"size-full wp-image-24779\" src=\"http:\/\/www.malerdeck.de\/blog\/wp-content\/uploads\/2014\/09\/eingang-schloss-scheer.jpg\" alt=\"nicht weit weg, war das schloss\" width=\"552\" height=\"242\" srcset=\"https:\/\/www.malerdeck.de\/blog\/wp-content\/uploads\/2014\/09\/eingang-schloss-scheer.jpg 552w, https:\/\/www.malerdeck.de\/blog\/wp-content\/uploads\/2014\/09\/eingang-schloss-scheer-300x131.jpg 300w\" sizes=\"auto, (max-width: 552px) 100vw, 552px\" \/><\/a><p id=\"caption-attachment-24779\" class=\"wp-caption-text\">Von der Kirche, ging es einige Hundert Meter weiter, hin\u00fcber zum Schloss Scheer<\/p><\/div>\n<div id=\"attachment_24781\" style=\"width: 562px\" class=\"wp-caption aligncenter\"><a href=\"http:\/\/www.malerdeck.de\/blog\/wp-content\/uploads\/2014\/09\/innenhof-schloss-scheer.jpg\"><img loading=\"lazy\" decoding=\"async\" aria-describedby=\"caption-attachment-24781\" class=\"size-full wp-image-24781\" src=\"http:\/\/www.malerdeck.de\/blog\/wp-content\/uploads\/2014\/09\/innenhof-schloss-scheer.jpg\" alt=\"wenig aufregegendes war zu sehen\" width=\"552\" height=\"291\" srcset=\"https:\/\/www.malerdeck.de\/blog\/wp-content\/uploads\/2014\/09\/innenhof-schloss-scheer.jpg 552w, https:\/\/www.malerdeck.de\/blog\/wp-content\/uploads\/2014\/09\/innenhof-schloss-scheer-300x158.jpg 300w\" sizes=\"auto, (max-width: 552px) 100vw, 552px\" \/><\/a><p id=\"caption-attachment-24781\" class=\"wp-caption-text\">Au\u00dfer rot-wei\u00df angemalten T\u00fcren, gab es im Schlosshof nicht viel zu sehen<\/p><\/div>\n<div id=\"attachment_24783\" style=\"width: 562px\" class=\"wp-caption aligncenter\"><a href=\"http:\/\/www.malerdeck.de\/blog\/wp-content\/uploads\/2014\/09\/zum-bahnhof-scheer.jpg\"><img loading=\"lazy\" decoding=\"async\" aria-describedby=\"caption-attachment-24783\" class=\"size-full wp-image-24783\" src=\"http:\/\/www.malerdeck.de\/blog\/wp-content\/uploads\/2014\/09\/zum-bahnhof-scheer.jpg\" alt=\"die Lokf\u00fchrer streikten\" width=\"552\" height=\"294\" srcset=\"https:\/\/www.malerdeck.de\/blog\/wp-content\/uploads\/2014\/09\/zum-bahnhof-scheer.jpg 552w, https:\/\/www.malerdeck.de\/blog\/wp-content\/uploads\/2014\/09\/zum-bahnhof-scheer-300x159.jpg 300w\" sizes=\"auto, (max-width: 552px) 100vw, 552px\" \/><\/a><p id=\"caption-attachment-24783\" class=\"wp-caption-text\">Es war der Tag des Streiks der Lokf\u00fchrer. Wie kommen wir zur\u00fcck? Deshalb wollte Peter unbedingt zum Bahnhof, um Infos zu erhalten. Peter zeigte an, in welche Richtung wir fahren mussten<\/p><\/div>\n<div id=\"attachment_24792\" style=\"width: 562px\" class=\"wp-caption aligncenter\"><a href=\"http:\/\/www.malerdeck.de\/blog\/wp-content\/uploads\/2014\/09\/gaggli-nudeln-Bahnhof-scheer.jpg\"><img loading=\"lazy\" decoding=\"async\" aria-describedby=\"caption-attachment-24792\" class=\"size-full wp-image-24792\" src=\"http:\/\/www.malerdeck.de\/blog\/wp-content\/uploads\/2014\/09\/gaggli-nudeln-Bahnhof-scheer.jpg\" alt=\"zum Bahnhof mit dem Fahrrad\" width=\"552\" height=\"341\" srcset=\"https:\/\/www.malerdeck.de\/blog\/wp-content\/uploads\/2014\/09\/gaggli-nudeln-Bahnhof-scheer.jpg 552w, https:\/\/www.malerdeck.de\/blog\/wp-content\/uploads\/2014\/09\/gaggli-nudeln-Bahnhof-scheer-300x185.jpg 300w\" sizes=\"auto, (max-width: 552px) 100vw, 552px\" \/><\/a><p id=\"caption-attachment-24792\" class=\"wp-caption-text\">Auf dem Weg zum Bahnhof, kamen wir am Herstellungsort der bekannten Gaggli-Nudeln vorbei<\/p><\/div>\n<div id=\"attachment_24793\" style=\"width: 562px\" class=\"wp-caption aligncenter\"><a href=\"http:\/\/www.malerdeck.de\/blog\/wp-content\/uploads\/2014\/09\/nichts-wie-rein-in-den-zug.jpg\"><img loading=\"lazy\" decoding=\"async\" aria-describedby=\"caption-attachment-24793\" class=\"wp-image-24793 size-full\" src=\"http:\/\/www.malerdeck.de\/blog\/wp-content\/uploads\/2014\/09\/nichts-wie-rein-in-den-zug.jpg\" alt=\"die Lokf\u00fchrer streikten\" width=\"552\" height=\"414\" srcset=\"https:\/\/www.malerdeck.de\/blog\/wp-content\/uploads\/2014\/09\/nichts-wie-rein-in-den-zug.jpg 552w, https:\/\/www.malerdeck.de\/blog\/wp-content\/uploads\/2014\/09\/nichts-wie-rein-in-den-zug-300x225.jpg 300w\" sizes=\"auto, (max-width: 552px) 100vw, 552px\" \/><\/a><p id=\"caption-attachment-24793\" class=\"wp-caption-text\">Jetzt wurde es hektisch. Peter kam mit der Nachricht aus dem Bahnhof, dass in drei Minuten ein Zug nach Donaueschingen f\u00e4hrt. Also nichts wie losgehetzt, allerdings ohne Fahrkarte<\/p><\/div>\n<div id=\"attachment_24797\" style=\"width: 562px\" class=\"wp-caption aligncenter\"><a href=\"http:\/\/www.malerdeck.de\/blog\/wp-content\/uploads\/2014\/09\/hektik-im-Zug.jpg\"><img loading=\"lazy\" decoding=\"async\" aria-describedby=\"caption-attachment-24797\" class=\"size-full wp-image-24797\" src=\"http:\/\/www.malerdeck.de\/blog\/wp-content\/uploads\/2014\/09\/hektik-im-Zug.jpg\" alt=\"ohne fahrkarte im Zug\" width=\"552\" height=\"237\" srcset=\"https:\/\/www.malerdeck.de\/blog\/wp-content\/uploads\/2014\/09\/hektik-im-Zug.jpg 552w, https:\/\/www.malerdeck.de\/blog\/wp-content\/uploads\/2014\/09\/hektik-im-Zug-300x128.jpg 300w\" sizes=\"auto, (max-width: 552px) 100vw, 552px\" \/><\/a><p id=\"caption-attachment-24797\" class=\"wp-caption-text\">Im Zug entdeckte Peter ein Schild. Danach muss man, wird man ohne Fahrkarte angetroffen, den doppelten Fahrpreis bezahlen. Jetzt wurde es wirklich hektisch! Man sieht es an den Bildern<\/p><\/div>\n<p style=\"text-align: justify;\">Per Laptop versuchte ich \u00fcber mein Konto bei der DB eine Fahrkarte zu buchen. Leider erfolglos, denn ich hatte keinen Empfang. Peter schaute sich andauernd \u00e4ngstlich nach dem eventuell kontrollierenden Schaffner um. Bevor ein solcher erscheinen konnte, verlie\u00dfen wir in Hausen im Tal, ziemlich schnell, unkontrolliert und ohne Strafe, den Zug.<\/p>\n<div id=\"attachment_24798\" style=\"width: 562px\" class=\"wp-caption aligncenter\"><a href=\"http:\/\/www.malerdeck.de\/blog\/wp-content\/uploads\/2014\/09\/hausen-im-tal.jpg\"><img loading=\"lazy\" decoding=\"async\" aria-describedby=\"caption-attachment-24798\" class=\"size-full wp-image-24798\" src=\"http:\/\/www.malerdeck.de\/blog\/wp-content\/uploads\/2014\/09\/hausen-im-tal.jpg\" alt=\"beschwerliche weiterfahrt\" width=\"552\" height=\"274\" srcset=\"https:\/\/www.malerdeck.de\/blog\/wp-content\/uploads\/2014\/09\/hausen-im-tal.jpg 552w, https:\/\/www.malerdeck.de\/blog\/wp-content\/uploads\/2014\/09\/hausen-im-tal-300x148.jpg 300w\" sizes=\"auto, (max-width: 552px) 100vw, 552px\" \/><\/a><p id=\"caption-attachment-24798\" class=\"wp-caption-text\">Da sa\u00dfen wir nun am Bahnhof Hausen im Tal und hatten ebenfalls keinen Netzempfang, um eine Fahrkarte zu buchen. Einen Fahrkartenautomaten gab es auch nicht<\/p><\/div>\n<div id=\"attachment_24799\" style=\"width: 562px\" class=\"wp-caption aligncenter\"><a href=\"http:\/\/www.malerdeck.de\/blog\/wp-content\/uploads\/2014\/09\/fr\u00f6hliches-radeln.jpg\"><img loading=\"lazy\" decoding=\"async\" aria-describedby=\"caption-attachment-24799\" class=\"size-full wp-image-24799\" src=\"http:\/\/www.malerdeck.de\/blog\/wp-content\/uploads\/2014\/09\/fr\u00f6hliches-radeln.jpg\" alt=\"radfahren statt zugfahren\" width=\"552\" height=\"315\" srcset=\"https:\/\/www.malerdeck.de\/blog\/wp-content\/uploads\/2014\/09\/fr\u00f6hliches-radeln.jpg 552w, https:\/\/www.malerdeck.de\/blog\/wp-content\/uploads\/2014\/09\/fr\u00f6hliches-radeln-300x171.jpg 300w\" sizes=\"auto, (max-width: 552px) 100vw, 552px\" \/><\/a><p id=\"caption-attachment-24799\" class=\"wp-caption-text\">So beschlossen wir bei sonnigem Wetter fr\u00f6hlich, bis nach Beuron durchs sch\u00f6ne Donautal zur\u00fcck zu radeln<\/p><\/div>\n<div id=\"attachment_24800\" style=\"width: 562px\" class=\"wp-caption aligncenter\"><a href=\"http:\/\/www.malerdeck.de\/blog\/wp-content\/uploads\/2014\/09\/K\u00fche-wundern-sich.jpg\"><img loading=\"lazy\" decoding=\"async\" aria-describedby=\"caption-attachment-24800\" class=\"size-full wp-image-24800\" src=\"http:\/\/www.malerdeck.de\/blog\/wp-content\/uploads\/2014\/09\/K\u00fche-wundern-sich.jpg\" alt=\"auf der fahrt k\u00fche getroffen\" width=\"552\" height=\"216\" srcset=\"https:\/\/www.malerdeck.de\/blog\/wp-content\/uploads\/2014\/09\/K\u00fche-wundern-sich.jpg 552w, https:\/\/www.malerdeck.de\/blog\/wp-content\/uploads\/2014\/09\/K\u00fche-wundern-sich-300x117.jpg 300w\" sizes=\"auto, (max-width: 552px) 100vw, 552px\" \/><\/a><p id=\"caption-attachment-24800\" class=\"wp-caption-text\">Vorbei an sich wundernden K\u00fchen&#8230;<\/p><\/div>\n<div id=\"attachment_24801\" style=\"width: 562px\" class=\"wp-caption aligncenter\"><a href=\"http:\/\/www.malerdeck.de\/blog\/wp-content\/uploads\/2014\/09\/fahrkartenautomat.jpg\"><img loading=\"lazy\" decoding=\"async\" aria-describedby=\"caption-attachment-24801\" class=\"size-full wp-image-24801\" src=\"http:\/\/www.malerdeck.de\/blog\/wp-content\/uploads\/2014\/09\/fahrkartenautomat.jpg\" alt=\"am Automat Fahrkarten gekauft\" width=\"552\" height=\"328\" srcset=\"https:\/\/www.malerdeck.de\/blog\/wp-content\/uploads\/2014\/09\/fahrkartenautomat.jpg 552w, https:\/\/www.malerdeck.de\/blog\/wp-content\/uploads\/2014\/09\/fahrkartenautomat-300x178.jpg 300w\" sizes=\"auto, (max-width: 552px) 100vw, 552px\" \/><\/a><p id=\"caption-attachment-24801\" class=\"wp-caption-text\">&#8230; kauften wir uns, nach unserer Ankunft in Beuron, zuerst einmal am Automat eine Fahrkarte. Nur noch ca. 20 Minuten Zeit bis zur Abfahrt, suchten wir ein nahes Restaurant<\/p><\/div>\n<div id=\"attachment_24802\" style=\"width: 562px\" class=\"wp-caption aligncenter\"><a href=\"http:\/\/www.malerdeck.de\/blog\/wp-content\/uploads\/2014\/09\/schnelles-essen.jpg\"><img loading=\"lazy\" decoding=\"async\" aria-describedby=\"caption-attachment-24802\" class=\"size-full wp-image-24802\" src=\"http:\/\/www.malerdeck.de\/blog\/wp-content\/uploads\/2014\/09\/schnelles-essen.jpg\" alt=\"schnelles essen und trinken war angesagt\" width=\"552\" height=\"229\" srcset=\"https:\/\/www.malerdeck.de\/blog\/wp-content\/uploads\/2014\/09\/schnelles-essen.jpg 552w, https:\/\/www.malerdeck.de\/blog\/wp-content\/uploads\/2014\/09\/schnelles-essen-300x124.jpg 300w\" sizes=\"auto, (max-width: 552px) 100vw, 552px\" \/><\/a><p id=\"caption-attachment-24802\" class=\"wp-caption-text\">Um 13:51 ging unser Zug. Deshalb &#8222;verschlangen&#8220; wir blitzschnell ein paar knackige Wiener<\/p><\/div>\n<div id=\"attachment_24803\" style=\"width: 562px\" class=\"wp-caption aligncenter\"><a href=\"http:\/\/www.malerdeck.de\/blog\/wp-content\/uploads\/2014\/09\/drangvolle-enge.jpg\"><img loading=\"lazy\" decoding=\"async\" aria-describedby=\"caption-attachment-24803\" class=\"size-full wp-image-24803\" src=\"http:\/\/www.malerdeck.de\/blog\/wp-content\/uploads\/2014\/09\/drangvolle-enge.jpg\" alt=\"fast kein platz f\u00fcr unsere fahrr\u00e4der\" width=\"552\" height=\"297\" srcset=\"https:\/\/www.malerdeck.de\/blog\/wp-content\/uploads\/2014\/09\/drangvolle-enge.jpg 552w, https:\/\/www.malerdeck.de\/blog\/wp-content\/uploads\/2014\/09\/drangvolle-enge-300x161.jpg 300w\" sizes=\"auto, (max-width: 552px) 100vw, 552px\" \/><\/a><p id=\"caption-attachment-24803\" class=\"wp-caption-text\">Wir hatten Gl\u00fcck, unsere Fahrr\u00e4der passten noch gerade so rein. In Donaueschingen mussten wir nach Karlsruhe umsteigen<\/p><\/div>\n<div id=\"attachment_24806\" style=\"width: 562px\" class=\"wp-caption aligncenter\"><a href=\"http:\/\/www.malerdeck.de\/blog\/wp-content\/uploads\/2014\/09\/umsteigen.jpg\"><img loading=\"lazy\" decoding=\"async\" aria-describedby=\"caption-attachment-24806\" class=\"size-full wp-image-24806\" src=\"http:\/\/www.malerdeck.de\/blog\/wp-content\/uploads\/2014\/09\/umsteigen.jpg\" alt=\"das Umsteigen war ganz sch\u00f6n anstrengend\" width=\"552\" height=\"268\" srcset=\"https:\/\/www.malerdeck.de\/blog\/wp-content\/uploads\/2014\/09\/umsteigen.jpg 552w, https:\/\/www.malerdeck.de\/blog\/wp-content\/uploads\/2014\/09\/umsteigen-300x145.jpg 300w\" sizes=\"auto, (max-width: 552px) 100vw, 552px\" \/><\/a><p id=\"caption-attachment-24806\" class=\"wp-caption-text\">Zum Umsteigen in Donaueschingen hatten wir uns sehr sputen, denn viel Zeit blieb uns nicht<\/p><\/div>\n<div id=\"attachment_24807\" style=\"width: 562px\" class=\"wp-caption aligncenter\"><a href=\"http:\/\/www.malerdeck.de\/blog\/wp-content\/uploads\/2014\/09\/endlich-karlsruhe.jpg\"><img loading=\"lazy\" decoding=\"async\" aria-describedby=\"caption-attachment-24807\" class=\"size-full wp-image-24807\" src=\"http:\/\/www.malerdeck.de\/blog\/wp-content\/uploads\/2014\/09\/endlich-karlsruhe.jpg\" alt=\"Ankunft in Karlsruhe\" width=\"552\" height=\"454\" srcset=\"https:\/\/www.malerdeck.de\/blog\/wp-content\/uploads\/2014\/09\/endlich-karlsruhe.jpg 552w, https:\/\/www.malerdeck.de\/blog\/wp-content\/uploads\/2014\/09\/endlich-karlsruhe-300x246.jpg 300w\" sizes=\"auto, (max-width: 552px) 100vw, 552px\" \/><\/a><p id=\"caption-attachment-24807\" class=\"wp-caption-text\">Bald geschafft<\/p><\/div>\n<div id=\"attachment_24808\" style=\"width: 562px\" class=\"wp-caption aligncenter\"><a href=\"http:\/\/www.malerdeck.de\/blog\/wp-content\/uploads\/2014\/09\/Fahrradnavi-Karlsruhe.jpg\"><img loading=\"lazy\" decoding=\"async\" aria-describedby=\"caption-attachment-24808\" class=\"size-full wp-image-24808\" src=\"http:\/\/www.malerdeck.de\/blog\/wp-content\/uploads\/2014\/09\/Fahrradnavi-Karlsruhe.jpg\" alt=\"Wegstrecke im Navi eingegeben\" width=\"552\" height=\"289\" srcset=\"https:\/\/www.malerdeck.de\/blog\/wp-content\/uploads\/2014\/09\/Fahrradnavi-Karlsruhe.jpg 552w, https:\/\/www.malerdeck.de\/blog\/wp-content\/uploads\/2014\/09\/Fahrradnavi-Karlsruhe-300x157.jpg 300w\" sizes=\"auto, (max-width: 552px) 100vw, 552px\" \/><\/a><p id=\"caption-attachment-24808\" class=\"wp-caption-text\">Miitten in Karlsruhe trennten sich unsere Wege und jeder fuhr zu sich nach Hause<\/p><\/div>\n<div id=\"attachment_24809\" style=\"width: 562px\" class=\"wp-caption aligncenter\"><a href=\"http:\/\/www.malerdeck.de\/blog\/wp-content\/uploads\/2014\/09\/wieder-daheim.jpg\"><img loading=\"lazy\" decoding=\"async\" aria-describedby=\"caption-attachment-24809\" class=\"size-full wp-image-24809\" src=\"http:\/\/www.malerdeck.de\/blog\/wp-content\/uploads\/2014\/09\/wieder-daheim.jpg\" alt=\"gut zu Hause angekommen\" width=\"552\" height=\"354\" srcset=\"https:\/\/www.malerdeck.de\/blog\/wp-content\/uploads\/2014\/09\/wieder-daheim.jpg 552w, https:\/\/www.malerdeck.de\/blog\/wp-content\/uploads\/2014\/09\/wieder-daheim-300x192.jpg 300w\" sizes=\"auto, (max-width: 552px) 100vw, 552px\" \/><\/a><p id=\"caption-attachment-24809\" class=\"wp-caption-text\">So kam ich gl\u00fccklich wieder daheim an und hatte mit Peter eine tolle Zeit, w\u00e4hrend unserer gemeinsamen Radtour im Donautal<\/p><\/div>\n<p style=\"text-align: justify;\">Insgesamt fuhr ich ca. 150 km. Wir wollten ja auch nicht die Tour de France gewinnen, sondern gem\u00fctlich durchs Donautal radeln und uns dabei auch einiges ansehen.<\/p>\n<p style=\"text-align: justify;\">Es war sehr erholsam und hat uns viel Spa\u00df gemacht. Mal sehen, wohin uns unsere n\u00e4chste Radtour f\u00fchrt. \ud83d\ude42<\/p>\n","protected":false},"excerpt":{"rendered":"<p>Das war die dritte Etappe. Per Laptop versuchte ich \u00fcber mein Konto bei der DB eine Fahrkarte zu buchen. Leider erfolglos, denn ich hatte keinen Empfang. Peter schaute sich andauernd \u00e4ngstlich nach dem eventuell kontrollierenden Schaffner um. Bevor ein solcher erscheinen konnte, verlie\u00dfen wir in Hausen im Tal, ziemlich schnell, unkontrolliert und ohne Strafe, den [&hellip;]<\/p>\n","protected":false},"author":2,"featured_media":0,"comment_status":"open","ping_status":"open","sticky":false,"template":"","format":"standard","meta":{"footnotes":""},"categories":[13],"tags":[2825,2348],"class_list":["post-24772","post","type-post","status-publish","format-standard","hentry","category-privates","tag-donauradweg","tag-fahrrad"],"_links":{"self":[{"href":"https:\/\/www.malerdeck.de\/blog\/wp-json\/wp\/v2\/posts\/24772","targetHints":{"allow":["GET"]}}],"collection":[{"href":"https:\/\/www.malerdeck.de\/blog\/wp-json\/wp\/v2\/posts"}],"about":[{"href":"https:\/\/www.malerdeck.de\/blog\/wp-json\/wp\/v2\/types\/post"}],"author":[{"embeddable":true,"href":"https:\/\/www.malerdeck.de\/blog\/wp-json\/wp\/v2\/users\/2"}],"replies":[{"embeddable":true,"href":"https:\/\/www.malerdeck.de\/blog\/wp-json\/wp\/v2\/comments?post=24772"}],"version-history":[{"count":22,"href":"https:\/\/www.malerdeck.de\/blog\/wp-json\/wp\/v2\/posts\/24772\/revisions"}],"predecessor-version":[{"id":24854,"href":"https:\/\/www.malerdeck.de\/blog\/wp-json\/wp\/v2\/posts\/24772\/revisions\/24854"}],"wp:attachment":[{"href":"https:\/\/www.malerdeck.de\/blog\/wp-json\/wp\/v2\/media?parent=24772"}],"wp:term":[{"taxonomy":"category","embeddable":true,"href":"https:\/\/www.malerdeck.de\/blog\/wp-json\/wp\/v2\/categories?post=24772"},{"taxonomy":"post_tag","embeddable":true,"href":"https:\/\/www.malerdeck.de\/blog\/wp-json\/wp\/v2\/tags?post=24772"}],"curies":[{"name":"wp","href":"https:\/\/api.w.org\/{rel}","templated":true}]}}