{"id":24680,"date":"2014-09-02T09:03:52","date_gmt":"2014-09-02T07:03:52","guid":{"rendered":"http:\/\/www.malerdeck.de\/blog\/?p=24680"},"modified":"2014-09-02T09:03:52","modified_gmt":"2014-09-02T07:03:52","slug":"auf-dem-weg-zum-frankfurter-flughafen-meinen-freund-peter-brasilien-sao-paulo-abholen","status":"publish","type":"post","link":"https:\/\/www.malerdeck.de\/blog\/auf-dem-weg-zum-frankfurter-flughafen-meinen-freund-peter-brasilien-sao-paulo-abholen","title":{"rendered":"Auf dem Weg zum Frankfurter Flughafen, meinen Freund Peter aus Brasilien, Sao Paulo, abholen"},"content":{"rendered":"<p style=\"text-align: justify;\">Me\u00een bester Freund ist in Brasilien mit einer Brasilianerin verheiratet. Hat aber in Karlsruhe noch ein Domizil und ist \u00f6fters im Jahr hier. Seine Frau Maria kann erst etwas sp\u00e4ter nachkommen. Ab Mittwoch gehen wir auf Radtour. \ud83d\ude42<\/p>\n<div id=\"attachment_24681\" style=\"width: 562px\" class=\"wp-caption aligncenter\"><a href=\"http:\/\/www.malerdeck.de\/blog\/wp-content\/uploads\/2014\/09\/peter-abholen.jpg\"><img loading=\"lazy\" decoding=\"async\" aria-describedby=\"caption-attachment-24681\" class=\"size-full wp-image-24681\" src=\"http:\/\/www.malerdeck.de\/blog\/wp-content\/uploads\/2014\/09\/peter-abholen.jpg\" alt=\"mein Freund aus brasilien\" width=\"552\" height=\"558\" srcset=\"https:\/\/www.malerdeck.de\/blog\/wp-content\/uploads\/2014\/09\/peter-abholen.jpg 552w, https:\/\/www.malerdeck.de\/blog\/wp-content\/uploads\/2014\/09\/peter-abholen-296x300.jpg 296w\" sizes=\"auto, (max-width: 552px) 100vw, 552px\" \/><\/a><p id=\"caption-attachment-24681\" class=\"wp-caption-text\">Die Maschine aus Sao Paolo landet heute um 11:15 Uhr<\/p><\/div>\n","protected":false},"excerpt":{"rendered":"<p>Me\u00een bester Freund ist in Brasilien mit einer Brasilianerin verheiratet. Hat aber in Karlsruhe noch ein Domizil und ist \u00f6fters im Jahr hier. Seine Frau Maria kann erst etwas sp\u00e4ter nachkommen. Ab Mittwoch gehen wir auf Radtour. \ud83d\ude42<\/p>\n","protected":false},"author":2,"featured_media":0,"comment_status":"open","ping_status":"open","sticky":false,"template":"","format":"standard","meta":{"footnotes":""},"categories":[13],"tags":[393,1530,2824,53],"class_list":["post-24680","post","type-post","status-publish","format-standard","hentry","category-privates","tag-brasilien","tag-freund","tag-peter","tag-radtour"],"_links":{"self":[{"href":"https:\/\/www.malerdeck.de\/blog\/wp-json\/wp\/v2\/posts\/24680","targetHints":{"allow":["GET"]}}],"collection":[{"href":"https:\/\/www.malerdeck.de\/blog\/wp-json\/wp\/v2\/posts"}],"about":[{"href":"https:\/\/www.malerdeck.de\/blog\/wp-json\/wp\/v2\/types\/post"}],"author":[{"embeddable":true,"href":"https:\/\/www.malerdeck.de\/blog\/wp-json\/wp\/v2\/users\/2"}],"replies":[{"embeddable":true,"href":"https:\/\/www.malerdeck.de\/blog\/wp-json\/wp\/v2\/comments?post=24680"}],"version-history":[{"count":2,"href":"https:\/\/www.malerdeck.de\/blog\/wp-json\/wp\/v2\/posts\/24680\/revisions"}],"predecessor-version":[{"id":24683,"href":"https:\/\/www.malerdeck.de\/blog\/wp-json\/wp\/v2\/posts\/24680\/revisions\/24683"}],"wp:attachment":[{"href":"https:\/\/www.malerdeck.de\/blog\/wp-json\/wp\/v2\/media?parent=24680"}],"wp:term":[{"taxonomy":"category","embeddable":true,"href":"https:\/\/www.malerdeck.de\/blog\/wp-json\/wp\/v2\/categories?post=24680"},{"taxonomy":"post_tag","embeddable":true,"href":"https:\/\/www.malerdeck.de\/blog\/wp-json\/wp\/v2\/tags?post=24680"}],"curies":[{"name":"wp","href":"https:\/\/api.w.org\/{rel}","templated":true}]}}