{"id":23983,"date":"2014-08-08T13:44:43","date_gmt":"2014-08-08T11:44:43","guid":{"rendered":"http:\/\/www.malerdeck.de\/blog\/?p=23983"},"modified":"2014-08-08T13:45:57","modified_gmt":"2014-08-08T11:45:57","slug":"die-dame-wedelte-mit-meiner-zeitungsanzeige-und-freute-sich-mich-zu-sehen","status":"publish","type":"post","link":"https:\/\/www.malerdeck.de\/blog\/die-dame-wedelte-mit-meiner-zeitungsanzeige-und-freute-sich-mich-zu-sehen","title":{"rendered":"Die Dame wedelte mit meiner Zeitungsanzeige und freute sich, mich zu sehen. Eine Aura wurde mir auch best\u00e4tigt ;-)"},"content":{"rendered":"<p style=\"text-align: justify;\">Gestern und heute hatte ich ein lustiges Erlebnis. Am 6. August rief die Sekret\u00e4rin eines Unternehmens an, es seien einige B\u00fcror\u00e4ume zu renovieren und sie h\u00e4tte gerne ein Angebot. Am gestrigen Donnerstag, war ich um 10 Uhr vor Ort.<\/p>\n<p style=\"text-align: justify;\">Die Dame empfing mich freudenstrahlend, wedelte mit der ausgeschnittenen Zeitungsanzeige und freute sich: &#8222;Sie sehen genau so sympathisch aus, wie auf dem Bild in der Zeitung.&#8220; Wer h\u00f6rt das nicht gerne? \ud83d\ude42 Ich jedenfalls schon!<\/p>\n<div id=\"attachment_23985\" style=\"width: 563px\" class=\"wp-caption aligncenter\"><a href=\"http:\/\/www.malerdeck.de\/blog\/wp-content\/uploads\/2014\/08\/Zeitungsanzeige-gewedelt.jpg\"><img loading=\"lazy\" decoding=\"async\" aria-describedby=\"caption-attachment-23985\" class=\"wp-image-23985\" src=\"http:\/\/www.malerdeck.de\/blog\/wp-content\/uploads\/2014\/08\/Zeitungsanzeige-gewedelt.jpg\" alt=\"Die zeitungsanzeige gef\u00e4llt mir\" width=\"553\" height=\"410\" srcset=\"https:\/\/www.malerdeck.de\/blog\/wp-content\/uploads\/2014\/08\/Zeitungsanzeige-gewedelt.jpg 1155w, https:\/\/www.malerdeck.de\/blog\/wp-content\/uploads\/2014\/08\/Zeitungsanzeige-gewedelt-300x222.jpg 300w, https:\/\/www.malerdeck.de\/blog\/wp-content\/uploads\/2014\/08\/Zeitungsanzeige-gewedelt-1024x758.jpg 1024w, https:\/\/www.malerdeck.de\/blog\/wp-content\/uploads\/2014\/08\/Zeitungsanzeige-gewedelt-900x667.jpg 900w\" sizes=\"auto, (max-width: 553px) 100vw, 553px\" \/><\/a><p id=\"caption-attachment-23985\" class=\"wp-caption-text\">Sie sehen genau so sympathisch aus, wie auf dem Bild in der Zeitung<\/p><\/div>\n<p style=\"text-align: justify;\">Ab Montag ist die Sekret\u00e4rin zwei Wochen in Urlaub. Deshalb bat sie mich, ihr das Angebot noch heute per Email zu schicken, damit sie es noch vor Ihrem Urlaub an die ca. 200 km entfernte Unternehmenszentrale schicken kann. Heute um 11:45 Uhr schickte ich der Dame das Angebot. Verspochen ist verspochen!<\/p>\n<p>Im Angebotstext gibt es den <a href=\"http:\/\/www.malerdeck.de\/blog\/tag\/kundenlob\" target=\"_blank\">Link zu unseren erstklassigen Kundenreferenzen<\/a>, dazu diesen Zeitungsartikel als PDF.<\/p>\n<div id=\"attachment_19394\" style=\"width: 530px\" class=\"wp-caption aligncenter\"><a href=\"http:\/\/www.malerdeck.de\/blog\/wp-content\/uploads\/2011\/05\/kurier-malerdeck-kunde-ist-k\u00f6nig.jpg\"><img loading=\"lazy\" decoding=\"async\" aria-describedby=\"caption-attachment-19394\" class=\"size-full wp-image-19394\" src=\"http:\/\/www.malerdeck.de\/blog\/wp-content\/uploads\/2011\/05\/kurier-malerdeck-kunde-ist-k\u00f6nig.jpg\" alt=\"Bei malerdeck ist der Kunde wirklich K\u00f6nig\" width=\"520\" height=\"838\" srcset=\"https:\/\/www.malerdeck.de\/blog\/wp-content\/uploads\/2011\/05\/kurier-malerdeck-kunde-ist-k\u00f6nig.jpg 520w, https:\/\/www.malerdeck.de\/blog\/wp-content\/uploads\/2011\/05\/kurier-malerdeck-kunde-ist-k\u00f6nig-186x300.jpg 186w\" sizes=\"auto, (max-width: 520px) 100vw, 520px\" \/><\/a><p id=\"caption-attachment-19394\" class=\"wp-caption-text\">Bei malerdeck ist der Kunde wirklich K\u00f6nig<\/p><\/div>\n<p>Kurz nach 12 Uhr rief ich die Dame vorhin an um nachzufragen, ob sie die Email erhalten hat. Originaltext der Dame:<\/p>\n<p style=\"text-align: justify;\">&#8222;Sie sind ein Schatz! Und ich habe mir alles ganz\u00a0 genau durchgelesen, toll. Das Bundesverdienstkreuz f\u00fcr Ihre sozialen Aktivit\u00e4ten, das sp\u00fcrt man Ihnen an. Sie haben eine tolle Aura!&#8220; Selbstverst\u00e4ndlich bin auch ich f\u00fcr Komplimente empf\u00e4nglich und freue mich dar\u00fcber. \ud83d\ude42 Gut zu wissen, dass ich auch eine Aura habe. \ud83d\ude09<\/p>\n<p style=\"text-align: justify;\">Die Angelegenheit liegt jetzt in der Zentrale und nach ihrem Urlaub will sich diese nette Dame sofort bei mir melden.<\/p>\n","protected":false},"excerpt":{"rendered":"<p>Gestern und heute hatte ich ein lustiges Erlebnis. Am 6. August rief die Sekret\u00e4rin eines Unternehmens an, es seien einige B\u00fcror\u00e4ume zu renovieren und sie h\u00e4tte gerne ein Angebot. Am gestrigen Donnerstag, war ich um 10 Uhr vor Ort. Die Dame empfing mich freudenstrahlend, wedelte mit der ausgeschnittenen Zeitungsanzeige und freute sich: &#8222;Sie sehen genau [&hellip;]<\/p>\n","protected":false},"author":2,"featured_media":0,"comment_status":"open","ping_status":"open","sticky":false,"template":"","format":"standard","meta":{"footnotes":""},"categories":[8,220],"tags":[2773,235,1953,1349],"class_list":["post-23983","post","type-post","status-publish","format-standard","hentry","category-kundenreaktionen","category-werbung","tag-aura","tag-bild","tag-sympathisch","tag-zeitungsanzeige"],"_links":{"self":[{"href":"https:\/\/www.malerdeck.de\/blog\/wp-json\/wp\/v2\/posts\/23983","targetHints":{"allow":["GET"]}}],"collection":[{"href":"https:\/\/www.malerdeck.de\/blog\/wp-json\/wp\/v2\/posts"}],"about":[{"href":"https:\/\/www.malerdeck.de\/blog\/wp-json\/wp\/v2\/types\/post"}],"author":[{"embeddable":true,"href":"https:\/\/www.malerdeck.de\/blog\/wp-json\/wp\/v2\/users\/2"}],"replies":[{"embeddable":true,"href":"https:\/\/www.malerdeck.de\/blog\/wp-json\/wp\/v2\/comments?post=23983"}],"version-history":[{"count":14,"href":"https:\/\/www.malerdeck.de\/blog\/wp-json\/wp\/v2\/posts\/23983\/revisions"}],"predecessor-version":[{"id":23998,"href":"https:\/\/www.malerdeck.de\/blog\/wp-json\/wp\/v2\/posts\/23983\/revisions\/23998"}],"wp:attachment":[{"href":"https:\/\/www.malerdeck.de\/blog\/wp-json\/wp\/v2\/media?parent=23983"}],"wp:term":[{"taxonomy":"category","embeddable":true,"href":"https:\/\/www.malerdeck.de\/blog\/wp-json\/wp\/v2\/categories?post=23983"},{"taxonomy":"post_tag","embeddable":true,"href":"https:\/\/www.malerdeck.de\/blog\/wp-json\/wp\/v2\/tags?post=23983"}],"curies":[{"name":"wp","href":"https:\/\/api.w.org\/{rel}","templated":true}]}}