{"id":23951,"date":"2014-08-06T08:59:13","date_gmt":"2014-08-06T06:59:13","guid":{"rendered":"http:\/\/www.malerdeck.de\/blog\/?p=23951"},"modified":"2014-08-06T08:59:13","modified_gmt":"2014-08-06T06:59:13","slug":"wir-erhalten-den-auftrag-weil-der-wettbewerb-sich-wieder-einmal-nicht-meldet-gut-fuer-uns","status":"publish","type":"post","link":"https:\/\/www.malerdeck.de\/blog\/wir-erhalten-den-auftrag-weil-der-wettbewerb-sich-wieder-einmal-nicht-meldet-gut-fuer-uns","title":{"rendered":"Der Wettbewerb meldet sich wieder einmal nicht beim Kunden. Gut f\u00fcr uns! Den lukrativen Auftrag erh\u00e4lt malerdeck"},"content":{"rendered":"<div id=\"attachment_23961\" style=\"width: 198px\" class=\"wp-caption alignleft\"><a href=\"http:\/\/www.malerdeck.de\/blog\/wp-content\/uploads\/2014\/08\/wohnungsrenovierung-durch-malerdeck.jpg\"><img loading=\"lazy\" decoding=\"async\" aria-describedby=\"caption-attachment-23961\" class=\" wp-image-23961\" src=\"http:\/\/www.malerdeck.de\/blog\/wp-content\/uploads\/2014\/08\/wohnungsrenovierung-durch-malerdeck.jpg\" alt=\"Wettbewerb kommt nicht\" width=\"188\" height=\"104\" \/><\/a><p id=\"caption-attachment-23961\" class=\"wp-caption-text\">Umfangreiche Renovierung<\/p><\/div>\n<p style=\"text-align: justify;\">Am 23. Juli hatte ich einen Kundentermin. Es ging um die Komplettrenovierung einer gro\u00dfen Wohnung. Akribisch nahm ich alle W\u00fcnsche und Leistungen des Kunden auf und beriet den Kunden umfangreich nach seinen W\u00fcnschen.<\/p>\n<p style=\"text-align: justify;\">Beim Abschied sagte mir der Kunde einen Satz, den nicht nur ich, sondern sicher sehr viele meiner Handwerkskollegen schon oft geh\u00f6rt haben:<\/p>\n<p style=\"text-align: center;\"><strong> &#8222;Sie verstehen sicher, dass ich mir noch ein Vergleichsangebot einhole!&#8220;<\/strong><\/p>\n<p style=\"text-align: justify;\">Meine regelm\u00e4\u00dfige Antwort darauf lautet, mit einem \u00fcberzeugenden L\u00e4cheln:<\/p>\n<p style=\"text-align: center;\"><strong>&#8222;Das k\u00f6nnen Sie sich sparen, denn wir sind unvergleichbar gut.&#8220;<\/strong><\/p>\n<div id=\"attachment_23968\" style=\"width: 172px\" class=\"wp-caption alignright\"><a href=\"http:\/\/www.malerdeck.de\/blog\/wp-content\/uploads\/2014\/08\/Aler-Mann-schl\u00e4ft.jpg\"><img loading=\"lazy\" decoding=\"async\" aria-describedby=\"caption-attachment-23968\" class=\" wp-image-23968\" src=\"http:\/\/www.malerdeck.de\/blog\/wp-content\/uploads\/2014\/08\/Aler-Mann-schl\u00e4ft.jpg\" alt=\"Es kommt kein Handwerker\" width=\"162\" height=\"125\" srcset=\"https:\/\/www.malerdeck.de\/blog\/wp-content\/uploads\/2014\/08\/Aler-Mann-schl\u00e4ft.jpg 545w, https:\/\/www.malerdeck.de\/blog\/wp-content\/uploads\/2014\/08\/Aler-Mann-schl\u00e4ft-300x232.jpg 300w\" sizes=\"auto, (max-width: 162px) 100vw, 162px\" \/><\/a><p id=\"caption-attachment-23968\" class=\"wp-caption-text\">Der Wettbewerb schl\u00e4ft tief<\/p><\/div>\n<p style=\"text-align: justify;\">Wie fast immer, entspann sich auch hier noch ein kleiner sympathischer Dialog und ich verabschiedete mich mit dem Versprechen, dass mein Angebot in wenigen Tagen vorliegen wird.<\/p>\n<p style=\"text-align: justify;\">Wenige Tage sp\u00e4ter verschickte ich das Angebot an den Kunden. Gestern rief der Kunde an und erteilte den Auftrag. Am 3. September soll begonnen werden. Spannend war wieder einmal die Gr\u00fcnde zu erfahren, warum der Kunde den Auftrag an uns erteilte. Originalton Kunde:<\/p>\n<blockquote>\n<p style=\"text-align: justify;\">&#8222;Ihr Angebot war sehr ausf\u00fchrlich und pr\u00e4zise. Den Wettbewerber rief ich mehrfach an, aber der hat es offensichtlich nicht notwendig. Er hat sich nie bei mir gemeldet.<\/p>\n<p style=\"text-align: justify;\">\u00dcber Ihr Unternehmen habe ich, wo ich mich umh\u00f6rte, nur Bestes geh\u00f6rt, Ihre Referenzen sind erstklassig. Die Termineinhaltung und die Qualit\u00e4t der Arbeiten sind mir sehr wichtig. Deshalb erteile ich Ihnen den Auftrag.&#8220;<\/p>\n<\/blockquote>\n<p style=\"text-align: justify;\">Das freut mich selbstverst\u00e4ndlich. \ud83d\ude42 Aber ist das denn zu fassen? Der Wettbewerb meldet sich nicht, unglaublich. Das h\u00f6re ich nicht zum ersten Mal.<\/p>\n<p style=\"text-align: justify;\">Mir soll\u00b4s recht sein. Soll der Wettbewerb ruhig weiterschlafen.<\/p>\n<div id=\"attachment_9368\" style=\"width: 553px\" class=\"wp-caption aligncenter\"><a href=\"http:\/\/www.malerdeck.de\/blog\/wp-content\/uploads\/2012\/10\/Schlafen.jpg\"><img loading=\"lazy\" decoding=\"async\" aria-describedby=\"caption-attachment-9368\" class=\"wp-image-9368 size-full\" src=\"http:\/\/www.malerdeck.de\/blog\/wp-content\/uploads\/2012\/10\/Schlafen.jpg\" alt=\"nicht kommen\" width=\"543\" height=\"453\" srcset=\"https:\/\/www.malerdeck.de\/blog\/wp-content\/uploads\/2012\/10\/Schlafen.jpg 543w, https:\/\/www.malerdeck.de\/blog\/wp-content\/uploads\/2012\/10\/Schlafen-300x250.jpg 300w\" sizes=\"auto, (max-width: 543px) 100vw, 543px\" \/><\/a><p id=\"caption-attachment-9368\" class=\"wp-caption-text\">Guter Schlaf ist wichtig\u00a0 \ud83d\ude09<\/p><\/div>\n<p style=\"text-align: justify;\">\n","protected":false},"excerpt":{"rendered":"<p>Am 23. Juli hatte ich einen Kundentermin. Es ging um die Komplettrenovierung einer gro\u00dfen Wohnung. Akribisch nahm ich alle W\u00fcnsche und Leistungen des Kunden auf und beriet den Kunden umfangreich nach seinen W\u00fcnschen. Beim Abschied sagte mir der Kunde einen Satz, den nicht nur ich, sondern sicher sehr viele meiner Handwerkskollegen schon oft geh\u00f6rt haben: [&hellip;]<\/p>\n","protected":false},"author":2,"featured_media":0,"comment_status":"open","ping_status":"open","sticky":false,"template":"","format":"standard","meta":{"footnotes":""},"categories":[8,37],"tags":[1270,190,2952],"class_list":["post-23951","post","type-post","status-publish","format-standard","hentry","category-kundenreaktionen","category-wettbewerber","tag-unzuverlaessig","tag-wettbewerb","tag-wettbewerber"],"_links":{"self":[{"href":"https:\/\/www.malerdeck.de\/blog\/wp-json\/wp\/v2\/posts\/23951","targetHints":{"allow":["GET"]}}],"collection":[{"href":"https:\/\/www.malerdeck.de\/blog\/wp-json\/wp\/v2\/posts"}],"about":[{"href":"https:\/\/www.malerdeck.de\/blog\/wp-json\/wp\/v2\/types\/post"}],"author":[{"embeddable":true,"href":"https:\/\/www.malerdeck.de\/blog\/wp-json\/wp\/v2\/users\/2"}],"replies":[{"embeddable":true,"href":"https:\/\/www.malerdeck.de\/blog\/wp-json\/wp\/v2\/comments?post=23951"}],"version-history":[{"count":19,"href":"https:\/\/www.malerdeck.de\/blog\/wp-json\/wp\/v2\/posts\/23951\/revisions"}],"predecessor-version":[{"id":23972,"href":"https:\/\/www.malerdeck.de\/blog\/wp-json\/wp\/v2\/posts\/23951\/revisions\/23972"}],"wp:attachment":[{"href":"https:\/\/www.malerdeck.de\/blog\/wp-json\/wp\/v2\/media?parent=23951"}],"wp:term":[{"taxonomy":"category","embeddable":true,"href":"https:\/\/www.malerdeck.de\/blog\/wp-json\/wp\/v2\/categories?post=23951"},{"taxonomy":"post_tag","embeddable":true,"href":"https:\/\/www.malerdeck.de\/blog\/wp-json\/wp\/v2\/tags?post=23951"}],"curies":[{"name":"wp","href":"https:\/\/api.w.org\/{rel}","templated":true}]}}