{"id":23621,"date":"2014-07-25T10:53:08","date_gmt":"2014-07-25T08:53:08","guid":{"rendered":"http:\/\/www.malerdeck.de\/blog\/?p=23621"},"modified":"2014-07-27T06:36:41","modified_gmt":"2014-07-27T04:36:41","slug":"telefonische-erreichbarkeit","status":"publish","type":"post","link":"https:\/\/www.malerdeck.de\/blog\/telefonische-erreichbarkeit","title":{"rendered":"Achtung: Telefonische Erreichbarkeit"},"content":{"rendered":"<h2 style=\"text-align: justify;\">KabelBW hat uns pl\u00f6tzlich und willk\u00fcrlich unsere angestammte Telefonnummer gel\u00f6scht. Bis zur Kl\u00e4rung, nutzen Sie bitte diese Nummer:<\/h2>\n<h1 style=\"text-align: center;\"><strong>0157 &#8211; 830 537 45<\/strong><\/h1>\n<p style=\"text-align: justify;\"><a href=\"http:\/\/www.malerdeck.de\/blog\/offener-brief-die-geschaeftsfuehrung-von-kabelbw-ueber-ihre-unfaehigkeit-weinte-ich-eben-traenen-der-verzweiflung-meine-existenz-und-die-meiner-mitarbeiter-steht-auf-dem-spiel\" target=\"_blank\">Die unglaubliche Geschichte des uns\u00e4glichen &#8222;Kundenservice&#8220; von KabelBW, k\u00f6nnen Sie mit einem Klick hier nachlesen<\/a>.<\/p>\n<p style=\"text-align: justify;\">Es funktioniert wieder alles!<\/p>\n","protected":false},"excerpt":{"rendered":"<p>KabelBW hat uns pl\u00f6tzlich und willk\u00fcrlich unsere angestammte Telefonnummer gel\u00f6scht. Bis zur Kl\u00e4rung, nutzen Sie bitte diese Nummer: 0157 &#8211; 830 537 45 Die unglaubliche Geschichte des uns\u00e4glichen &#8222;Kundenservice&#8220; von KabelBW, k\u00f6nnen Sie mit einem Klick hier nachlesen. Es funktioniert wieder alles!<\/p>\n","protected":false},"author":2,"featured_media":0,"comment_status":"open","ping_status":"open","sticky":false,"template":"","format":"standard","meta":{"footnotes":""},"categories":[4,14],"tags":[2539,2739],"class_list":["post-23621","post","type-post","status-publish","format-standard","hentry","category-der-buerokratie-wahnsinn","category-schraeges","tag-kabel-bw","tag-kabelbw"],"_links":{"self":[{"href":"https:\/\/www.malerdeck.de\/blog\/wp-json\/wp\/v2\/posts\/23621","targetHints":{"allow":["GET"]}}],"collection":[{"href":"https:\/\/www.malerdeck.de\/blog\/wp-json\/wp\/v2\/posts"}],"about":[{"href":"https:\/\/www.malerdeck.de\/blog\/wp-json\/wp\/v2\/types\/post"}],"author":[{"embeddable":true,"href":"https:\/\/www.malerdeck.de\/blog\/wp-json\/wp\/v2\/users\/2"}],"replies":[{"embeddable":true,"href":"https:\/\/www.malerdeck.de\/blog\/wp-json\/wp\/v2\/comments?post=23621"}],"version-history":[{"count":6,"href":"https:\/\/www.malerdeck.de\/blog\/wp-json\/wp\/v2\/posts\/23621\/revisions"}],"predecessor-version":[{"id":23676,"href":"https:\/\/www.malerdeck.de\/blog\/wp-json\/wp\/v2\/posts\/23621\/revisions\/23676"}],"wp:attachment":[{"href":"https:\/\/www.malerdeck.de\/blog\/wp-json\/wp\/v2\/media?parent=23621"}],"wp:term":[{"taxonomy":"category","embeddable":true,"href":"https:\/\/www.malerdeck.de\/blog\/wp-json\/wp\/v2\/categories?post=23621"},{"taxonomy":"post_tag","embeddable":true,"href":"https:\/\/www.malerdeck.de\/blog\/wp-json\/wp\/v2\/tags?post=23621"}],"curies":[{"name":"wp","href":"https:\/\/api.w.org\/{rel}","templated":true}]}}