{"id":23456,"date":"2014-07-14T13:41:49","date_gmt":"2014-07-14T11:41:49","guid":{"rendered":"http:\/\/www.malerdeck.de\/blog\/?p=23456"},"modified":"2014-07-14T17:43:50","modified_gmt":"2014-07-14T15:43:50","slug":"die-caritas-und-das-ministerium-fuer-finanzen-und-wirtschaft-baden-wuerttemberg-verleihen-den-titel-sozial-engagiert-2014","status":"publish","type":"post","link":"https:\/\/www.malerdeck.de\/blog\/die-caritas-und-das-ministerium-fuer-finanzen-und-wirtschaft-baden-wuerttemberg-verleihen-den-titel-sozial-engagiert-2014","title":{"rendered":"Caritas und Ministerium f\u00fcr Finanzen und Wirtschaft Baden-W\u00fcrttemberg verleihen den Titel: SOZIAL ENGAGIERT 2014"},"content":{"rendered":"<p style=\"text-align: justify;\">Die Caritas und das Ministerium f\u00fcr Finanzen und Wirtschaft Baden-W\u00fcrttemberg verleihen malerdeck gmbh den Titel:<\/p>\n<p style=\"text-align: center;\">SOZIAL ENGAGIERT 2014<\/p>\n<p style=\"text-align: justify;\">Dar\u00fcber freuen wir uns nat\u00fcrlich. \ud83d\ude42<\/p>\n<div id=\"attachment_23460\" style=\"width: 562px\" class=\"wp-caption aligncenter\"><a href=\"http:\/\/www.malerdeck.de\/blog\/wp-content\/uploads\/2014\/07\/lea-sozial-engagiert.jpg\"><img loading=\"lazy\" decoding=\"async\" aria-describedby=\"caption-attachment-23460\" class=\"size-full wp-image-23460\" src=\"http:\/\/www.malerdeck.de\/blog\/wp-content\/uploads\/2014\/07\/lea-sozial-engagiert.jpg\" alt=\"malerdeck mit sozialem Engagement\" width=\"552\" height=\"742\" srcset=\"https:\/\/www.malerdeck.de\/blog\/wp-content\/uploads\/2014\/07\/lea-sozial-engagiert.jpg 552w, https:\/\/www.malerdeck.de\/blog\/wp-content\/uploads\/2014\/07\/lea-sozial-engagiert-223x300.jpg 223w\" sizes=\"auto, (max-width: 552px) 100vw, 552px\" \/><\/a><p id=\"caption-attachment-23460\" class=\"wp-caption-text\">Titel: SOZIAL ENGAGIERT 2014<\/p><\/div>\n","protected":false},"excerpt":{"rendered":"<p>Die Caritas und das Ministerium f\u00fcr Finanzen und Wirtschaft Baden-W\u00fcrttemberg verleihen malerdeck gmbh den Titel: SOZIAL ENGAGIERT 2014 Dar\u00fcber freuen wir uns nat\u00fcrlich. \ud83d\ude42<\/p>\n","protected":false},"author":2,"featured_media":0,"comment_status":"open","ping_status":"open","sticky":false,"template":"","format":"standard","meta":{"footnotes":""},"categories":[16],"tags":[1939,2228,2227,1337,2226,2737,101,631],"class_list":["post-23456","post","type-post","status-publish","format-standard","hentry","category-soziales","tag-anerkennung","tag-engagement","tag-lea","tag-leistung","tag-mittelstandspreis","tag-sozial-engagiert","tag-soziales-2","tag-soziales-engagement"],"_links":{"self":[{"href":"https:\/\/www.malerdeck.de\/blog\/wp-json\/wp\/v2\/posts\/23456","targetHints":{"allow":["GET"]}}],"collection":[{"href":"https:\/\/www.malerdeck.de\/blog\/wp-json\/wp\/v2\/posts"}],"about":[{"href":"https:\/\/www.malerdeck.de\/blog\/wp-json\/wp\/v2\/types\/post"}],"author":[{"embeddable":true,"href":"https:\/\/www.malerdeck.de\/blog\/wp-json\/wp\/v2\/users\/2"}],"replies":[{"embeddable":true,"href":"https:\/\/www.malerdeck.de\/blog\/wp-json\/wp\/v2\/comments?post=23456"}],"version-history":[{"count":4,"href":"https:\/\/www.malerdeck.de\/blog\/wp-json\/wp\/v2\/posts\/23456\/revisions"}],"predecessor-version":[{"id":23461,"href":"https:\/\/www.malerdeck.de\/blog\/wp-json\/wp\/v2\/posts\/23456\/revisions\/23461"}],"wp:attachment":[{"href":"https:\/\/www.malerdeck.de\/blog\/wp-json\/wp\/v2\/media?parent=23456"}],"wp:term":[{"taxonomy":"category","embeddable":true,"href":"https:\/\/www.malerdeck.de\/blog\/wp-json\/wp\/v2\/categories?post=23456"},{"taxonomy":"post_tag","embeddable":true,"href":"https:\/\/www.malerdeck.de\/blog\/wp-json\/wp\/v2\/tags?post=23456"}],"curies":[{"name":"wp","href":"https:\/\/api.w.org\/{rel}","templated":true}]}}