{"id":22968,"date":"2014-06-03T16:58:04","date_gmt":"2014-06-03T14:58:04","guid":{"rendered":"http:\/\/www.malerdeck.de\/blog\/?p=22968"},"modified":"2014-06-03T16:58:04","modified_gmt":"2014-06-03T14:58:04","slug":"die-ideen-und-krativitaet-meiner-mitarbeiterinnen-ist-einfach-genial","status":"publish","type":"post","link":"https:\/\/www.malerdeck.de\/blog\/die-ideen-und-krativitaet-meiner-mitarbeiterinnen-ist-einfach-genial","title":{"rendered":"Die Ideen und die Krativit\u00e4t meiner Mitarbeiter\/innen ist einfach genial"},"content":{"rendered":"<p style=\"text-align: justify;\">Bei einem Kundenehepaar renovieren wir gerade eine Mini-K\u00fcche. Beide sind auf den Rollator angewiesen und m\u00fcssen damit auch in die K\u00fcche fahren. Deshalb konnte die K\u00fcchent\u00fcr vor Ort nicht beidseitig lackiert werden. Also, ab mit dem Teil in unser Lager.<\/p>\n<p style=\"text-align: justify;\">Als ich eben von einem Termin zur\u00fcckkam, war ich wieder einmal begeistert. Silke Busch hat sich einfach zwei T\u00fcrscharniere an die Wand gebastelt, die T\u00fcr darin eingeh\u00e4ngt und so beidseitig problemlos lackiert. Geniale Idee, wie ich finde! \ud83d\ude42<\/p>\n<div id=\"attachment_22970\" style=\"width: 562px\" class=\"wp-caption aligncenter\"><a href=\"http:\/\/www.malerdeck.de\/blog\/wp-content\/uploads\/2014\/06\/Tuer-lackieren.jpg\"><img loading=\"lazy\" decoding=\"async\" aria-describedby=\"caption-attachment-22970\" class=\"size-full wp-image-22970\" src=\"http:\/\/www.malerdeck.de\/blog\/wp-content\/uploads\/2014\/06\/Tuer-lackieren.jpg\" alt=\"T\u00fcr an Wand lackieren\" width=\"552\" height=\"981\" srcset=\"https:\/\/www.malerdeck.de\/blog\/wp-content\/uploads\/2014\/06\/Tuer-lackieren.jpg 552w, https:\/\/www.malerdeck.de\/blog\/wp-content\/uploads\/2014\/06\/Tuer-lackieren-168x300.jpg 168w\" sizes=\"auto, (max-width: 552px) 100vw, 552px\" \/><\/a><p id=\"caption-attachment-22970\" class=\"wp-caption-text\">Die T\u00fcr h\u00e4ngt an der Wand<\/p><\/div>\n<div id=\"attachment_22971\" style=\"width: 562px\" class=\"wp-caption aligncenter\"><a href=\"http:\/\/www.malerdeck.de\/blog\/wp-content\/uploads\/2014\/06\/Tuer-Scharnier.jpg\"><img loading=\"lazy\" decoding=\"async\" aria-describedby=\"caption-attachment-22971\" class=\"size-full wp-image-22971\" src=\"http:\/\/www.malerdeck.de\/blog\/wp-content\/uploads\/2014\/06\/Tuer-Scharnier.jpg\" alt=\"gebastelt Mitarbeiter kreativ\" width=\"552\" height=\"704\" srcset=\"https:\/\/www.malerdeck.de\/blog\/wp-content\/uploads\/2014\/06\/Tuer-Scharnier.jpg 552w, https:\/\/www.malerdeck.de\/blog\/wp-content\/uploads\/2014\/06\/Tuer-Scharnier-235x300.jpg 235w\" sizes=\"auto, (max-width: 552px) 100vw, 552px\" \/><\/a><p id=\"caption-attachment-22971\" class=\"wp-caption-text\">T\u00fcrscharniere an die Wand gebastelt, klasse<\/p><\/div>\n","protected":false},"excerpt":{"rendered":"<p>Bei einem Kundenehepaar renovieren wir gerade eine Mini-K\u00fcche. Beide sind auf den Rollator angewiesen und m\u00fcssen damit auch in die K\u00fcche fahren. Deshalb konnte die K\u00fcchent\u00fcr vor Ort nicht beidseitig lackiert werden. Also, ab mit dem Teil in unser Lager. Als ich eben von einem Termin zur\u00fcckkam, war ich wieder einmal begeistert. Silke Busch hat [&hellip;]<\/p>\n","protected":false},"author":2,"featured_media":0,"comment_status":"open","ping_status":"open","sticky":false,"template":"","format":"standard","meta":{"footnotes":""},"categories":[11],"tags":[289,465],"class_list":["post-22968","post","type-post","status-publish","format-standard","hentry","category-mitarbeiter","tag-idee","tag-silke-busch"],"_links":{"self":[{"href":"https:\/\/www.malerdeck.de\/blog\/wp-json\/wp\/v2\/posts\/22968","targetHints":{"allow":["GET"]}}],"collection":[{"href":"https:\/\/www.malerdeck.de\/blog\/wp-json\/wp\/v2\/posts"}],"about":[{"href":"https:\/\/www.malerdeck.de\/blog\/wp-json\/wp\/v2\/types\/post"}],"author":[{"embeddable":true,"href":"https:\/\/www.malerdeck.de\/blog\/wp-json\/wp\/v2\/users\/2"}],"replies":[{"embeddable":true,"href":"https:\/\/www.malerdeck.de\/blog\/wp-json\/wp\/v2\/comments?post=22968"}],"version-history":[{"count":3,"href":"https:\/\/www.malerdeck.de\/blog\/wp-json\/wp\/v2\/posts\/22968\/revisions"}],"predecessor-version":[{"id":22973,"href":"https:\/\/www.malerdeck.de\/blog\/wp-json\/wp\/v2\/posts\/22968\/revisions\/22973"}],"wp:attachment":[{"href":"https:\/\/www.malerdeck.de\/blog\/wp-json\/wp\/v2\/media?parent=22968"}],"wp:term":[{"taxonomy":"category","embeddable":true,"href":"https:\/\/www.malerdeck.de\/blog\/wp-json\/wp\/v2\/categories?post=22968"},{"taxonomy":"post_tag","embeddable":true,"href":"https:\/\/www.malerdeck.de\/blog\/wp-json\/wp\/v2\/tags?post=22968"}],"curies":[{"name":"wp","href":"https:\/\/api.w.org\/{rel}","templated":true}]}}