{"id":22593,"date":"2014-04-08T08:42:55","date_gmt":"2014-04-08T06:42:55","guid":{"rendered":"http:\/\/www.malerdeck.de\/blog\/?p=22593"},"modified":"2014-04-08T08:42:55","modified_gmt":"2014-04-08T06:42:55","slug":"welcher-sinn-hat-ihr-leben-vom-bergerlebnis-zum-sinnerlebnis-mit-viktor-frankl","status":"publish","type":"post","link":"https:\/\/www.malerdeck.de\/blog\/welcher-sinn-hat-ihr-leben-vom-bergerlebnis-zum-sinnerlebnis-mit-viktor-frankl","title":{"rendered":"Welcher Sinn hat Ihr Leben? Vom Bergerlebnis zum Sinnerlebnis, mit Viktor Frankl"},"content":{"rendered":"<div id=\"attachment_22596\" style=\"width: 243px\" class=\"wp-caption alignleft\"><a href=\"http:\/\/www.malerdeck.de\/blog\/wp-content\/uploads\/2014\/04\/Mann-schaut-fragend.jpg\"><img loading=\"lazy\" decoding=\"async\" aria-describedby=\"caption-attachment-22596\" class=\" wp-image-22596 \" alt=\"Wohin\" src=\"http:\/\/www.malerdeck.de\/blog\/wp-content\/uploads\/2014\/04\/Mann-schaut-fragend.jpg\" width=\"233\" height=\"158\" srcset=\"https:\/\/www.malerdeck.de\/blog\/wp-content\/uploads\/2014\/04\/Mann-schaut-fragend.jpg 419w, https:\/\/www.malerdeck.de\/blog\/wp-content\/uploads\/2014\/04\/Mann-schaut-fragend-300x204.jpg 300w\" sizes=\"auto, (max-width: 233px) 100vw, 233px\" \/><\/a><p id=\"caption-attachment-22596\" class=\"wp-caption-text\">Welcher Lebenssinn?<\/p><\/div>\n<p style=\"text-align: justify;\">Ein Mensch, dessen Biografie und Botschaft gleicherma\u00dfen faszinieren: der Psychologe und Neurologe Viktor Frankl (1905\u20131997). Das Leben hat einen Sinn \u2013 daran hielt Frankl trotz seiner mehrj\u00e4hrigen Internierung in Konzentrationslagern fest.<\/p>\n<p style=\"text-align: justify;\">Bereits Ende der 20er-Jahre entwickelte er die Grundlagen der Logotherapie, einer sinnzentrierten Psychotherapie, die heute eine in vielen L\u00e4ndern anerkannte Therapierichtung ist. Frankl war ein passionierter Wanderer und Kletterer.<\/p>\n<p style=\"text-align: justify;\"><strong>Das Ziel vor sich sehen <\/strong><\/p>\n<p style=\"text-align: justify;\">Frankl entdeckte viele Analogien zwischen Bergsteigen und Lebensweg: Der Gipfel ist ein klares Ziel. Der Weg nach oben tr\u00e4gt einen Sinn in sich. Der Blick auf das Ziel hilft, die Schwierigkeiten auf dem Weg zu \u00fcberwinden und den Gipfel tats\u00e4chlich zu erreichen.<\/p>\n<p style=\"text-align: justify;\"><span style=\"text-decoration: underline;\">simplify-Rat:<\/span> Geben Sie Ihrem Lebensweg ein eindeutiges Ziel und damit einen Sinn, der darauf wartet, von Ihnen erf\u00fcllt zu werden.<\/p>\n<p style=\"text-align: justify;\"><strong>Wider die Angst <\/strong><\/p>\n<p style=\"text-align: justify;\">Frankl sagte, zum Klettern gebracht habe ihn die Angst davor: \u201eMuss man sich denn auch alles von sich gefallen lassen? Kann man nicht st\u00e4rker sein als die Angst?\u201c In Frankls Logotherapie spielt die \u201eTrotzmacht des Geistes\u201c gegen\u00fcber den \u00c4ngsten und Schw\u00e4chen der Seele eine wichtige Rolle. Der Mensch wird Mensch durch den Widerstand, den er seinen eigenen \u00c4ngsten entgegensetzen kann.<\/p>\n<p style=\"text-align: justify;\"><span style=\"text-decoration: underline;\">simplify-Rat:<\/span> Stellen Sie sich Herausforderungen, vor denen Sie zun\u00e4chst zur\u00fcckschrecken. \u00dcberwinden Sie sich, ohne zum leichtsinnigen Draufg\u00e4nger zu werden.<\/p>\n<div id=\"attachment_22599\" style=\"width: 172px\" class=\"wp-caption alignright\"><a href=\"http:\/\/www.malerdeck.de\/blog\/wp-content\/uploads\/2014\/04\/Mundpropaganda-Fotolia_37318954_XS.jpg\"><img loading=\"lazy\" decoding=\"async\" aria-describedby=\"caption-attachment-22599\" class=\" wp-image-22599\" alt=\"Welche Ziele\" src=\"http:\/\/www.malerdeck.de\/blog\/wp-content\/uploads\/2014\/04\/Mundpropaganda-Fotolia_37318954_XS.jpg\" width=\"162\" height=\"188\" srcset=\"https:\/\/www.malerdeck.de\/blog\/wp-content\/uploads\/2014\/04\/Mundpropaganda-Fotolia_37318954_XS.jpg 298w, https:\/\/www.malerdeck.de\/blog\/wp-content\/uploads\/2014\/04\/Mundpropaganda-Fotolia_37318954_XS-258x300.jpg 258w\" sizes=\"auto, (max-width: 162px) 100vw, 162px\" \/><\/a><p id=\"caption-attachment-22599\" class=\"wp-caption-text\">Das Ziel sehen<\/p><\/div>\n<p style=\"text-align: justify;\"><span style=\"font-family: Arial,Helvetica,sans-serif; font-size: small;\"><strong>Sich fordern <\/strong> <\/span><\/p>\n<p style=\"text-align: justify;\"><span style=\"font-family: Arial,Helvetica,sans-serif; font-size: small;\">Frankl sah im Bergsteigen eine M\u00f6glichkeit, sich selbst etwas abzuverlangen. \u201eDer Alpinist fordert von sich eine Leistung \u2013 wenn n\u00f6tig auch eine Verzichtsleistung.\u201c Dabei geht er nicht den Weg des geringsten Widerstands, sondern sucht auf einer Klettertour oft die schwierigste Route, der er gerade noch gewachsen ist.<\/span><\/p>\n<p style=\"text-align: justify;\"><span style=\"text-decoration: underline;\">simplify-Rat:<\/span> W\u00e4hlen Sie f\u00fcr Aufgaben und Probleme nicht die bequemsten L\u00f6sungen, sondern diejenigen, die Sie pers\u00f6nlich weiterbringen. \u201eDer Alpinist konkurriert und rivalisiert nur mit einem, und das ist er selbst.\u201c<\/p>\n<p style=\"text-align: justify;\"><span style=\"font-family: Arial,Helvetica,sans-serif; font-size: small;\"><span style=\"font-family: Arial,Helvetica,sans-serif; font-size: small;\"><strong>Zu sich kommen <\/strong><\/span><\/span><\/p>\n<p style=\"text-align: justify;\">Frankls Lieblingsberg war die Rax an der steirisch-nieder\u00f6sterreichischen Grenze. \u201eWenn ich auf die Rax komme und \u00fcbers Plateau gehe, ist das die einzige Zeit in meinem Leben gewesen, in der ich immer wieder meditiert habe. Die Gedanken bekommen ihren freien Lauf, und es gibt eigentlich keine gr\u00f6\u00dfere, wesentliche Entscheidung in meinem Leben, die ich nicht auf der Rax getroffen h\u00e4tte. Wenn ich bei der Preiner Wand angekommen bin, dann beginnt das t\u00e4tige, buchst\u00e4blich den Fels anpackende Leben.\u201c<\/p>\n<p style=\"text-align: justify;\"><span style=\"text-decoration: underline;\">simplify-Rat:<\/span> Geben Sie in Ihrem Leben beidem Raum: dem ruhigen Nach-innen-Sehen und dem \u00e4u\u00dferen Zupacken. Suchen Sie sich einen Ort, an dem Sie zu dem finden, was in Ihrem Leben gerade zu kurz kommt: Aktion oder Kontemplation.<\/p>\n<p style=\"text-align: justify;\"><em>Zum Weiterlesen: Viktor E. Frankl, Bergerlebnis und Sinnerfahrung. Fundierte Informationen zu Viktor Frankl erhalten Sie beispielsweise auf der Website des Wiener Viktor-Frankl-Instituts unter logotherapy.univie.ac.at.<\/em><\/p>\n<p style=\"text-align: justify;\"><em>Autor: Tiki K\u00fcstenmacher<\/em><\/p>\n<p style=\"text-align: justify;\"><em>Mit freundlicher Genehmigung des Orgenda Verlag. Quelle: <a href=\"http:\/\/www.orgenda.de\/newsletter\/anmeldung\/?aff=ORG_KOP_Deck\" target=\"_blank\">simplify-Newsletter<\/a> und <a href=\"http:\/\/www.simplify.de\/\" target=\"_blank\">simplify-Homepage<\/a>.<\/em><\/p>\n","protected":false},"excerpt":{"rendered":"<p>Ein Mensch, dessen Biografie und Botschaft gleicherma\u00dfen faszinieren: der Psychologe und Neurologe Viktor Frankl (1905\u20131997). Das Leben hat einen Sinn \u2013 daran hielt Frankl trotz seiner mehrj\u00e4hrigen Internierung in Konzentrationslagern fest. Bereits Ende der 20er-Jahre entwickelte er die Grundlagen der Logotherapie, einer sinnzentrierten Psychotherapie, die heute eine in vielen L\u00e4ndern anerkannte Therapierichtung ist. Frankl war [&hellip;]<\/p>\n","protected":false},"author":2,"featured_media":0,"comment_status":"open","ping_status":"open","sticky":false,"template":"","format":"standard","meta":{"footnotes":""},"categories":[15],"tags":[2175,2296,28,2241],"class_list":["post-22593","post","type-post","status-publish","format-standard","hentry","category-simplify-tipps","tag-lebensplan","tag-lebensziele","tag-simplify","tag-sinn"],"_links":{"self":[{"href":"https:\/\/www.malerdeck.de\/blog\/wp-json\/wp\/v2\/posts\/22593","targetHints":{"allow":["GET"]}}],"collection":[{"href":"https:\/\/www.malerdeck.de\/blog\/wp-json\/wp\/v2\/posts"}],"about":[{"href":"https:\/\/www.malerdeck.de\/blog\/wp-json\/wp\/v2\/types\/post"}],"author":[{"embeddable":true,"href":"https:\/\/www.malerdeck.de\/blog\/wp-json\/wp\/v2\/users\/2"}],"replies":[{"embeddable":true,"href":"https:\/\/www.malerdeck.de\/blog\/wp-json\/wp\/v2\/comments?post=22593"}],"version-history":[{"count":5,"href":"https:\/\/www.malerdeck.de\/blog\/wp-json\/wp\/v2\/posts\/22593\/revisions"}],"predecessor-version":[{"id":22601,"href":"https:\/\/www.malerdeck.de\/blog\/wp-json\/wp\/v2\/posts\/22593\/revisions\/22601"}],"wp:attachment":[{"href":"https:\/\/www.malerdeck.de\/blog\/wp-json\/wp\/v2\/media?parent=22593"}],"wp:term":[{"taxonomy":"category","embeddable":true,"href":"https:\/\/www.malerdeck.de\/blog\/wp-json\/wp\/v2\/categories?post=22593"},{"taxonomy":"post_tag","embeddable":true,"href":"https:\/\/www.malerdeck.de\/blog\/wp-json\/wp\/v2\/tags?post=22593"}],"curies":[{"name":"wp","href":"https:\/\/api.w.org\/{rel}","templated":true}]}}