{"id":2214,"date":"2011-12-03T17:12:59","date_gmt":"2011-12-03T15:12:59","guid":{"rendered":"http:\/\/www.malerdeck.de\/blog\/?p=2214"},"modified":"2011-12-05T15:33:36","modified_gmt":"2011-12-05T13:33:36","slug":"argentinische-impressionen-aus-buenos-aires-farbenpraechtiges-la-bocca-das-italienische-viertel","status":"publish","type":"post","link":"https:\/\/www.malerdeck.de\/blog\/argentinische-impressionen-aus-buenos-aires-farbenpraechtiges-la-bocca-das-italienische-viertel","title":{"rendered":"Argentinische Impressionen aus Buenos Aires. Farbenpr\u00e4chtiges La Bocca, das italienische Viertel"},"content":{"rendered":"<p><a href=\"http:\/\/de.wikipedia.org\/wiki\/La_Boca\" target=\"_blank\">La Bocca <\/a>ist ein Stadtteil von Buenos Aires und entstand Ende des 19. Jahrhunderts als Viertel italienischer Einwanderer. La Bocca ist bekannt durch seine K\u00fcnstler und seine farbenpr\u00e4chtigen H\u00e4user.<\/p>\n<div class=\"mceTemp mceIEcenter\" style=\"text-align: center;\">\n<dl id=\"attachment_2216\" class=\"wp-caption aligncenter\" style=\"width: 552px;\">\n<dt class=\"wp-caption-dt\"><a href=\"http:\/\/www.malerdeck.de\/blog\/wp-content\/uploads\/2011\/12\/Buenos-Aires-La-Bocca-Farbenpracht-1.jpg\"><img loading=\"lazy\" decoding=\"async\" class=\"size-full wp-image-2216\" title=\"Buenos Aires La Bocca Farbenpracht 1\" src=\"http:\/\/www.malerdeck.de\/blog\/wp-content\/uploads\/2011\/12\/Buenos-Aires-La-Bocca-Farbenpracht-1.jpg\" alt=\"\" width=\"542\" height=\"407\" srcset=\"https:\/\/www.malerdeck.de\/blog\/wp-content\/uploads\/2011\/12\/Buenos-Aires-La-Bocca-Farbenpracht-1.jpg 542w, https:\/\/www.malerdeck.de\/blog\/wp-content\/uploads\/2011\/12\/Buenos-Aires-La-Bocca-Farbenpracht-1-300x225.jpg 300w\" sizes=\"auto, (max-width: 542px) 100vw, 542px\" \/><\/a><\/dt>\n<dd class=\"wp-caption-dd\">Farbenpr\u00e4chtige H\u00e4user in La Bocca<\/dd>\n<\/dl>\n<\/div>\n<div class=\"mceTemp mceIEcenter\" style=\"text-align: center;\">\n<dl id=\"attachment_2217\" class=\"wp-caption aligncenter\" style=\"width: 552px;\">\n<dt class=\"wp-caption-dt\"><a href=\"http:\/\/www.malerdeck.de\/blog\/wp-content\/uploads\/2011\/12\/Buenos-Aires-La-Bocca-Farbenpracht-2.jpg\"><img loading=\"lazy\" decoding=\"async\" class=\"size-full wp-image-2217\" title=\"Buenos Aires La Bocca Farbenpracht 2\" src=\"http:\/\/www.malerdeck.de\/blog\/wp-content\/uploads\/2011\/12\/Buenos-Aires-La-Bocca-Farbenpracht-2.jpg\" alt=\"\" width=\"542\" height=\"407\" srcset=\"https:\/\/www.malerdeck.de\/blog\/wp-content\/uploads\/2011\/12\/Buenos-Aires-La-Bocca-Farbenpracht-2.jpg 542w, https:\/\/www.malerdeck.de\/blog\/wp-content\/uploads\/2011\/12\/Buenos-Aires-La-Bocca-Farbenpracht-2-300x225.jpg 300w\" sizes=\"auto, (max-width: 542px) 100vw, 542px\" \/><\/a><\/dt>\n<dd class=\"wp-caption-dd\">Farbenpr\u00e4chtige H\u00e4user in La Bocca<\/dd>\n<\/dl>\n<\/div>\n<div class=\"mceTemp mceIEcenter\" style=\"text-align: center;\">\n<dl id=\"attachment_2218\" class=\"wp-caption aligncenter\" style=\"width: 552px;\">\n<dt class=\"wp-caption-dt\"><a href=\"http:\/\/www.malerdeck.de\/blog\/wp-content\/uploads\/2011\/12\/Buenos-Aires-La-Bocca-Farbenpracht-3.jpg\"><img loading=\"lazy\" decoding=\"async\" class=\"size-full wp-image-2218\" title=\"Buenos Aires La Bocca Farbenpracht 3\" src=\"http:\/\/www.malerdeck.de\/blog\/wp-content\/uploads\/2011\/12\/Buenos-Aires-La-Bocca-Farbenpracht-3.jpg\" alt=\"\" width=\"542\" height=\"336\" srcset=\"https:\/\/www.malerdeck.de\/blog\/wp-content\/uploads\/2011\/12\/Buenos-Aires-La-Bocca-Farbenpracht-3.jpg 542w, https:\/\/www.malerdeck.de\/blog\/wp-content\/uploads\/2011\/12\/Buenos-Aires-La-Bocca-Farbenpracht-3-300x185.jpg 300w\" sizes=\"auto, (max-width: 542px) 100vw, 542px\" \/><\/a><\/dt>\n<dd class=\"wp-caption-dd\">Farbenpr\u00e4chtige H\u00e4user in La Bocca<\/dd>\n<\/dl>\n<\/div>\n<p>Da lacht mein farbiges Malerherz! \ud83d\ude42<\/p>\n<p>Zwar nicht in La Bocca, aber noch in Buenos Aires, traf ich doch noch auf einen &#8222;Kollegen&#8220;. Er renovierte gerade eine Fassade.<\/p>\n<div class=\"mceTemp mceIEcenter\" style=\"text-align: center;\">\n<dl id=\"attachment_2220\" class=\"wp-caption aligncenter\" style=\"width: 552px;\">\n<dt class=\"wp-caption-dt\"><a href=\"http:\/\/www.malerdeck.de\/blog\/wp-content\/uploads\/2011\/12\/Buenos-Aires-ein-Maler.jpg\"><img loading=\"lazy\" decoding=\"async\" class=\"size-full wp-image-2220\" title=\"Buenos Aires ein Maler\" src=\"http:\/\/www.malerdeck.de\/blog\/wp-content\/uploads\/2011\/12\/Buenos-Aires-ein-Maler.jpg\" alt=\"\" width=\"542\" height=\"407\" srcset=\"https:\/\/www.malerdeck.de\/blog\/wp-content\/uploads\/2011\/12\/Buenos-Aires-ein-Maler.jpg 542w, https:\/\/www.malerdeck.de\/blog\/wp-content\/uploads\/2011\/12\/Buenos-Aires-ein-Maler-300x225.jpg 300w\" sizes=\"auto, (max-width: 542px) 100vw, 542px\" \/><\/a><\/dt>\n<dd class=\"wp-caption-dd\">Fassadenrenovierung in Buenos Aires<\/dd>\n<\/dl>\n<\/div>\n<p>Der Mann im Vordergrund ist mein Malerkollege. Sauber und ordentlich, hat er den Gehweg mit Zeitungspapier abgedeckt.<\/p>\n","protected":false},"excerpt":{"rendered":"<p>La Bocca ist ein Stadtteil von Buenos Aires und entstand Ende des 19. Jahrhunderts als Viertel italienischer Einwanderer. La Bocca ist bekannt durch seine K\u00fcnstler und seine farbenpr\u00e4chtigen H\u00e4user. Farbenpr\u00e4chtige H\u00e4user in La Bocca Farbenpr\u00e4chtige H\u00e4user in La Bocca Farbenpr\u00e4chtige H\u00e4user in La Bocca Da lacht mein farbiges Malerherz! \ud83d\ude42 Zwar nicht in La Bocca, [&hellip;]<\/p>\n","protected":false},"author":2,"featured_media":0,"comment_status":"open","ping_status":"open","sticky":false,"template":"","format":"standard","meta":{"footnotes":""},"categories":[13],"tags":[394,396,431,430,392,323],"class_list":["post-2214","post","type-post","status-publish","format-standard","hentry","category-privates","tag-argentinien","tag-buenos-aires","tag-farbenpraechtig","tag-la-bocca","tag-urlaub","tag-werner-deck"],"_links":{"self":[{"href":"https:\/\/www.malerdeck.de\/blog\/wp-json\/wp\/v2\/posts\/2214","targetHints":{"allow":["GET"]}}],"collection":[{"href":"https:\/\/www.malerdeck.de\/blog\/wp-json\/wp\/v2\/posts"}],"about":[{"href":"https:\/\/www.malerdeck.de\/blog\/wp-json\/wp\/v2\/types\/post"}],"author":[{"embeddable":true,"href":"https:\/\/www.malerdeck.de\/blog\/wp-json\/wp\/v2\/users\/2"}],"replies":[{"embeddable":true,"href":"https:\/\/www.malerdeck.de\/blog\/wp-json\/wp\/v2\/comments?post=2214"}],"version-history":[{"count":7,"href":"https:\/\/www.malerdeck.de\/blog\/wp-json\/wp\/v2\/posts\/2214\/revisions"}],"predecessor-version":[{"id":2226,"href":"https:\/\/www.malerdeck.de\/blog\/wp-json\/wp\/v2\/posts\/2214\/revisions\/2226"}],"wp:attachment":[{"href":"https:\/\/www.malerdeck.de\/blog\/wp-json\/wp\/v2\/media?parent=2214"}],"wp:term":[{"taxonomy":"category","embeddable":true,"href":"https:\/\/www.malerdeck.de\/blog\/wp-json\/wp\/v2\/categories?post=2214"},{"taxonomy":"post_tag","embeddable":true,"href":"https:\/\/www.malerdeck.de\/blog\/wp-json\/wp\/v2\/tags?post=2214"}],"curies":[{"name":"wp","href":"https:\/\/api.w.org\/{rel}","templated":true}]}}