{"id":2196,"date":"2011-12-03T15:01:10","date_gmt":"2011-12-03T13:01:10","guid":{"rendered":"http:\/\/www.malerdeck.de\/blog\/?p=2196"},"modified":"2011-12-05T15:34:02","modified_gmt":"2011-12-05T13:34:02","slug":"argentinische-impressionen-aus-buenos-aires-taxis-und-strassenverhaeltnisse","status":"publish","type":"post","link":"https:\/\/www.malerdeck.de\/blog\/argentinische-impressionen-aus-buenos-aires-taxis-und-strassenverhaeltnisse","title":{"rendered":"Argentinische Impressionen aus Buenos Aires, Taxis und Stra\u00dfenverh\u00e4ltnisse"},"content":{"rendered":"<p>Verbl\u00fcffend ist, wie schnell man in Buenos Aires ein Taxi bekommt.<\/p>\n<div class=\"mceTemp mceIEcenter\" style=\"text-align: center;\">\n<dl id=\"attachment_2197\" class=\"wp-caption aligncenter\" style=\"width: 552px;\">\n<dt class=\"wp-caption-dt\"><a href=\"http:\/\/www.malerdeck.de\/blog\/wp-content\/uploads\/2011\/12\/Taxi-in-Buenos-Aires.jpg\"><img loading=\"lazy\" decoding=\"async\" class=\"size-full wp-image-2197\" title=\"Taxi in Buenos Aires\" src=\"http:\/\/www.malerdeck.de\/blog\/wp-content\/uploads\/2011\/12\/Taxi-in-Buenos-Aires.jpg\" alt=\"\" width=\"542\" height=\"301\" srcset=\"https:\/\/www.malerdeck.de\/blog\/wp-content\/uploads\/2011\/12\/Taxi-in-Buenos-Aires.jpg 542w, https:\/\/www.malerdeck.de\/blog\/wp-content\/uploads\/2011\/12\/Taxi-in-Buenos-Aires-300x166.jpg 300w\" sizes=\"auto, (max-width: 542px) 100vw, 542px\" \/><\/a><\/dt>\n<dd class=\"wp-caption-dd\">Taxis in Buenos Aires<\/dd>\n<\/dl>\n<\/div>\n<p>Das Bild aus unserem Hotelfenster zeigt, das typische &#8222;Stra\u00dfen-Taxi-Bild&#8220; in Buenos Aires. Die Autos mit dem gelben Dach, sind alle Taxis.<\/p>\n<p>Am Stra\u00dfenrand muss man nur den Arm heben und schon stoppt ein Taxi. L\u00e4nger als drei Minuten hat das bei uns nie gedauert. Allerdings scheinen Sto\u00dfd\u00e4mpfer in argentinischen Taxis verboten zu sein! \ud83d\ude09 Man muss sch\u00fcttelfest sein und ein gutes Kreuz haben!<\/p>\n<p>Dementsprechend sind nat\u00fcrlich die Stra\u00dfenverh\u00e4ltnisse. Gro\u00dfe Unebenheiten und jede Menge Schlagl\u00f6cher allenthalben. Das ist aber in Sao Paulo ebenso.<\/p>\n<div class=\"mceTemp mceIEcenter\" style=\"text-align: center;\">\n<dl id=\"attachment_2198\" class=\"wp-caption aligncenter\" style=\"width: 552px;\">\n<dt class=\"wp-caption-dt\"><a href=\"http:\/\/www.malerdeck.de\/blog\/wp-content\/uploads\/2011\/12\/Stra_enschaden-Absperrung-Buenes-Aires.jpg\"><img loading=\"lazy\" decoding=\"async\" class=\"size-full wp-image-2198\" title=\"Stra_enschaden Absperrung Buenes Aires\" src=\"http:\/\/www.malerdeck.de\/blog\/wp-content\/uploads\/2011\/12\/Stra_enschaden-Absperrung-Buenes-Aires.jpg\" alt=\"\" width=\"542\" height=\"338\" srcset=\"https:\/\/www.malerdeck.de\/blog\/wp-content\/uploads\/2011\/12\/Stra_enschaden-Absperrung-Buenes-Aires.jpg 542w, https:\/\/www.malerdeck.de\/blog\/wp-content\/uploads\/2011\/12\/Stra_enschaden-Absperrung-Buenes-Aires-300x187.jpg 300w\" sizes=\"auto, (max-width: 542px) 100vw, 542px\" \/><\/a><\/dt>\n<dd class=\"wp-caption-dd\">Absperrung Stra\u00dfenschaden in Buenos Aires<\/dd>\n<\/dl>\n<\/div>\n<p>So einfach und problemlos, werden Autofahrer vor Stra\u00dfensch\u00e4den auf einer Hauptstra\u00dfe in Buenos Aires gewarnt.<\/p>\n<div class=\"mceTemp mceIEcenter\" style=\"text-align: center;\">\n<dl id=\"attachment_2202\" class=\"wp-caption aligncenter\" style=\"width: 552px;\">\n<dt class=\"wp-caption-dt\"><a href=\"http:\/\/www.malerdeck.de\/blog\/wp-content\/uploads\/2011\/12\/Dauerparker-in-Buenos-Aires.jpg\"><img loading=\"lazy\" decoding=\"async\" class=\"size-full wp-image-2202\" title=\"Dauerparker in Buenos Aires\" src=\"http:\/\/www.malerdeck.de\/blog\/wp-content\/uploads\/2011\/12\/Dauerparker-in-Buenos-Aires.jpg\" alt=\"\" width=\"542\" height=\"345\" srcset=\"https:\/\/www.malerdeck.de\/blog\/wp-content\/uploads\/2011\/12\/Dauerparker-in-Buenos-Aires.jpg 542w, https:\/\/www.malerdeck.de\/blog\/wp-content\/uploads\/2011\/12\/Dauerparker-in-Buenos-Aires-300x190.jpg 300w\" sizes=\"auto, (max-width: 542px) 100vw, 542px\" \/><\/a><\/dt>\n<dd class=\"wp-caption-dd\">Dauerparker in Buenos Aires<\/dd>\n<\/dl>\n<\/div>\n<p>Und obwohl die Parkpl\u00e4tze auch in Buenos Aires sehr knapp sind, werden &#8222;Dauerparker&#8220; \u00e4u\u00dferst gro\u00dfz\u00fcgig behandelt. \ud83d\ude09<\/p>\n<p>Auf den Gehwegen muss man sehr sportlich und aufmerksam unterwegs sein, um zwischen den Besch\u00e4digungen unfallfrei eine l\u00e4ngere Strecke zur\u00fccklegen zu k\u00f6nnen.<\/p>\n<div class=\"mceTemp mceIEcenter\" style=\"text-align: center;\">\n<dl id=\"attachment_2206\" class=\"wp-caption aligncenter\" style=\"width: 552px;\">\n<dt class=\"wp-caption-dt\"><a href=\"http:\/\/www.malerdeck.de\/blog\/wp-content\/uploads\/2011\/12\/Gehweg-in-Buenos-Aires-2.jpg\"><img loading=\"lazy\" decoding=\"async\" class=\"size-full wp-image-2206\" title=\"Gehweg in Buenos Aires 2\" src=\"http:\/\/www.malerdeck.de\/blog\/wp-content\/uploads\/2011\/12\/Gehweg-in-Buenos-Aires-2.jpg\" alt=\"\" width=\"542\" height=\"360\" srcset=\"https:\/\/www.malerdeck.de\/blog\/wp-content\/uploads\/2011\/12\/Gehweg-in-Buenos-Aires-2.jpg 542w, https:\/\/www.malerdeck.de\/blog\/wp-content\/uploads\/2011\/12\/Gehweg-in-Buenos-Aires-2-300x199.jpg 300w\" sizes=\"auto, (max-width: 542px) 100vw, 542px\" \/><\/a><\/dt>\n<dd class=\"wp-caption-dd\">Gehweg in Buenos Aires<\/dd>\n<\/dl>\n<\/div>\n<div class=\"mceTemp mceIEcenter\" style=\"text-align: center;\">\n<dl id=\"attachment_2207\" class=\"wp-caption aligncenter\" style=\"width: 552px;\">\n<dt class=\"wp-caption-dt\"><a href=\"http:\/\/www.malerdeck.de\/blog\/wp-content\/uploads\/2011\/12\/Gehweg-in-Buenos-Aires-1.jpg\"><img loading=\"lazy\" decoding=\"async\" class=\"size-full wp-image-2207\" title=\"Gehweg in Buenos Aires 1\" src=\"http:\/\/www.malerdeck.de\/blog\/wp-content\/uploads\/2011\/12\/Gehweg-in-Buenos-Aires-1.jpg\" alt=\"\" width=\"542\" height=\"300\" srcset=\"https:\/\/www.malerdeck.de\/blog\/wp-content\/uploads\/2011\/12\/Gehweg-in-Buenos-Aires-1.jpg 542w, https:\/\/www.malerdeck.de\/blog\/wp-content\/uploads\/2011\/12\/Gehweg-in-Buenos-Aires-1-300x166.jpg 300w\" sizes=\"auto, (max-width: 542px) 100vw, 542px\" \/><\/a><\/dt>\n<dd class=\"wp-caption-dd\">Gehweg in Buenos Aires<\/dd>\n<\/dl>\n<\/div>\n<p>Aber Sao Paulo steht da Buenos Aires in nichts nach!<\/p>\n","protected":false},"excerpt":{"rendered":"<p>Verbl\u00fcffend ist, wie schnell man in Buenos Aires ein Taxi bekommt. Taxis in Buenos Aires Das Bild aus unserem Hotelfenster zeigt, das typische &#8222;Stra\u00dfen-Taxi-Bild&#8220; in Buenos Aires. Die Autos mit dem gelben Dach, sind alle Taxis. Am Stra\u00dfenrand muss man nur den Arm heben und schon stoppt ein Taxi. L\u00e4nger als drei Minuten hat das [&hellip;]<\/p>\n","protected":false},"author":2,"featured_media":0,"comment_status":"open","ping_status":"open","sticky":false,"template":"","format":"standard","meta":{"footnotes":""},"categories":[13],"tags":[394,393,396,428,118,395,429,427,426,392],"class_list":["post-2196","post","type-post","status-publish","format-standard","hentry","category-privates","tag-argentinien","tag-brasilien","tag-buenos-aires","tag-dauerparker","tag-gehweg","tag-sao-paulo","tag-schlagloecher","tag-strassenverhaeltnisse","tag-taxi","tag-urlaub"],"_links":{"self":[{"href":"https:\/\/www.malerdeck.de\/blog\/wp-json\/wp\/v2\/posts\/2196","targetHints":{"allow":["GET"]}}],"collection":[{"href":"https:\/\/www.malerdeck.de\/blog\/wp-json\/wp\/v2\/posts"}],"about":[{"href":"https:\/\/www.malerdeck.de\/blog\/wp-json\/wp\/v2\/types\/post"}],"author":[{"embeddable":true,"href":"https:\/\/www.malerdeck.de\/blog\/wp-json\/wp\/v2\/users\/2"}],"replies":[{"embeddable":true,"href":"https:\/\/www.malerdeck.de\/blog\/wp-json\/wp\/v2\/comments?post=2196"}],"version-history":[{"count":13,"href":"https:\/\/www.malerdeck.de\/blog\/wp-json\/wp\/v2\/posts\/2196\/revisions"}],"predecessor-version":[{"id":2205,"href":"https:\/\/www.malerdeck.de\/blog\/wp-json\/wp\/v2\/posts\/2196\/revisions\/2205"}],"wp:attachment":[{"href":"https:\/\/www.malerdeck.de\/blog\/wp-json\/wp\/v2\/media?parent=2196"}],"wp:term":[{"taxonomy":"category","embeddable":true,"href":"https:\/\/www.malerdeck.de\/blog\/wp-json\/wp\/v2\/categories?post=2196"},{"taxonomy":"post_tag","embeddable":true,"href":"https:\/\/www.malerdeck.de\/blog\/wp-json\/wp\/v2\/tags?post=2196"}],"curies":[{"name":"wp","href":"https:\/\/api.w.org\/{rel}","templated":true}]}}