{"id":2176,"date":"2011-12-02T19:27:48","date_gmt":"2011-12-02T17:27:48","guid":{"rendered":"http:\/\/www.malerdeck.de\/blog\/?p=2176"},"modified":"2011-12-05T15:59:06","modified_gmt":"2011-12-05T13:59:06","slug":"argentinische-impressionen-aus-buenos-aires-der-friedhof-la-recoleta-mit-dem-grab-von-evita-peron","status":"publish","type":"post","link":"https:\/\/www.malerdeck.de\/blog\/argentinische-impressionen-aus-buenos-aires-der-friedhof-la-recoleta-mit-dem-grab-von-evita-peron","title":{"rendered":"Argentinische Impressionen aus Buenos Aires. Der Friedhof La Recoleta, mit dem Grab von Evita Peron"},"content":{"rendered":"<p>In La Recoleta, einem der teuersten Wohn- und Gesch\u00e4ftsviertel der Hauptstadt Argentiniens, liegt der gleichnamige Friedhof. Auf dem <a href=\"http:\/\/de.wikipedia.org\/wiki\/Friedhof_La_Recoleta\" target=\"_blank\">Friedhof\u00a0 La Recoleta<\/a>, sind viele argentinische Pr\u00e4sidenten, Sportler, Wissenschaftler und Schauspieler bestattet.<\/p>\n<p>Zu den wohl bekanntesten dort bestatteten Pers\u00f6nlichkeiten, z\u00e4hlt die ehemalige Staatspr\u00e4sidentin, <a href=\"http:\/\/de.wikipedia.org\/wiki\/Eva_Per%C3%B3n\" target=\"_blank\">Evita Peron<\/a>. Die charismatische Evita Peron, wird noch heute von den Argentieniern sehr verehrt.<\/p>\n<div class=\"mceTemp mceIEcenter\" style=\"text-align: center;\">\n<dl id=\"attachment_2179\" class=\"wp-caption aligncenter\" style=\"width: 552px;\">\n<dt class=\"wp-caption-dt\"><a href=\"http:\/\/www.malerdeck.de\/blog\/wp-content\/uploads\/2011\/12\/Friedhof-La-Recoleta-1-Buenos-Aires.jpg\"><img loading=\"lazy\" decoding=\"async\" class=\"size-full wp-image-2179\" title=\"Friedhof La Recoleta 1 Buenos Aires\" src=\"http:\/\/www.malerdeck.de\/blog\/wp-content\/uploads\/2011\/12\/Friedhof-La-Recoleta-1-Buenos-Aires.jpg\" alt=\"\" width=\"542\" height=\"351\" srcset=\"https:\/\/www.malerdeck.de\/blog\/wp-content\/uploads\/2011\/12\/Friedhof-La-Recoleta-1-Buenos-Aires.jpg 542w, https:\/\/www.malerdeck.de\/blog\/wp-content\/uploads\/2011\/12\/Friedhof-La-Recoleta-1-Buenos-Aires-300x194.jpg 300w\" sizes=\"auto, (max-width: 542px) 100vw, 542px\" \/><\/a><\/dt>\n<dd class=\"wp-caption-dd\">Der imposante Eingang, zum Friedhof La Recoleta<\/dd>\n<\/dl>\n<\/div>\n<div class=\"mceTemp mceIEcenter\" style=\"text-align: center;\">\n<dl id=\"attachment_2180\" class=\"wp-caption aligncenter\" style=\"width: 552px;\">\n<dt class=\"wp-caption-dt\"><a href=\"http:\/\/www.malerdeck.de\/blog\/wp-content\/uploads\/2011\/12\/Friedhof-La-Recoleta-2-Buenos-Aires.jpg\"><img loading=\"lazy\" decoding=\"async\" class=\"size-full wp-image-2180\" title=\"Friedhof La Recoleta 2  Buenos Aires\" src=\"http:\/\/www.malerdeck.de\/blog\/wp-content\/uploads\/2011\/12\/Friedhof-La-Recoleta-2-Buenos-Aires.jpg\" alt=\"\" width=\"542\" height=\"365\" srcset=\"https:\/\/www.malerdeck.de\/blog\/wp-content\/uploads\/2011\/12\/Friedhof-La-Recoleta-2-Buenos-Aires.jpg 542w, https:\/\/www.malerdeck.de\/blog\/wp-content\/uploads\/2011\/12\/Friedhof-La-Recoleta-2-Buenos-Aires-300x202.jpg 300w\" sizes=\"auto, (max-width: 542px) 100vw, 542px\" \/><\/a><\/dt>\n<dd class=\"wp-caption-dd\">Wo finden wir das Grab von Evita Peron?<\/dd>\n<\/dl>\n<\/div>\n<div class=\"mceTemp mceIEcenter\" style=\"text-align: center;\">\n<dl id=\"attachment_2181\" class=\"wp-caption aligncenter\" style=\"width: 552px;\">\n<dt class=\"wp-caption-dt\"><a href=\"http:\/\/www.malerdeck.de\/blog\/wp-content\/uploads\/2011\/12\/Friedhof-La-Recoleta.jpg\"><img loading=\"lazy\" decoding=\"async\" class=\"size-full wp-image-2181\" title=\"Friedhof La Recoleta\" src=\"http:\/\/www.malerdeck.de\/blog\/wp-content\/uploads\/2011\/12\/Friedhof-La-Recoleta.jpg\" alt=\"\" width=\"542\" height=\"238\" srcset=\"https:\/\/www.malerdeck.de\/blog\/wp-content\/uploads\/2011\/12\/Friedhof-La-Recoleta.jpg 542w, https:\/\/www.malerdeck.de\/blog\/wp-content\/uploads\/2011\/12\/Friedhof-La-Recoleta-300x131.jpg 300w\" sizes=\"auto, (max-width: 542px) 100vw, 542px\" \/><\/a><\/dt>\n<dd class=\"wp-caption-dd\">Der Friedhof La Recoleta<\/dd>\n<\/dl>\n<\/div>\n<p>Beim Gang durch den Friedhof hat man das Gef\u00fchl, dass man durch eine sehr reiche mittlere Stadt lustwandelt. Beieindruckende Grabmale sind zu entdecken.<\/p>\n<div class=\"mceTemp mceIEcenter\" style=\"text-align: center;\">\n<dl id=\"attachment_2186\" class=\"wp-caption aligncenter\" style=\"width: 551px;\">\n<dt class=\"wp-caption-dt\"><a href=\"http:\/\/www.malerdeck.de\/blog\/wp-content\/uploads\/2011\/12\/Friedhof-La-Recoleta-3-Buenos-Aires.jpg\"><img loading=\"lazy\" decoding=\"async\" class=\"size-full wp-image-2186\" title=\"Friedhof La Recoleta 3 Buenos Aires\" src=\"http:\/\/www.malerdeck.de\/blog\/wp-content\/uploads\/2011\/12\/Friedhof-La-Recoleta-3-Buenos-Aires.jpg\" alt=\"\" width=\"541\" height=\"717\" srcset=\"https:\/\/www.malerdeck.de\/blog\/wp-content\/uploads\/2011\/12\/Friedhof-La-Recoleta-3-Buenos-Aires.jpg 541w, https:\/\/www.malerdeck.de\/blog\/wp-content\/uploads\/2011\/12\/Friedhof-La-Recoleta-3-Buenos-Aires-226x300.jpg 226w\" sizes=\"auto, (max-width: 541px) 100vw, 541px\" \/><\/a><\/dt>\n<dd class=\"wp-caption-dd\">Vor der Gruft der Familie Peron, in der auch Evita Peron bestattet ist<\/dd>\n<\/dl>\n<\/div>\n<p>Ganz unten links, ist die Grabplatte von Evita Peron.<\/p>\n<div class=\"mceTemp mceIEcenter\" style=\"text-align: center;\">\n<dl id=\"attachment_2187\" class=\"wp-caption aligncenter\" style=\"width: 552px;\">\n<dt class=\"wp-caption-dt\"><a href=\"http:\/\/www.malerdeck.de\/blog\/wp-content\/uploads\/2011\/12\/Friedhof-La-Recoleta-Buenos-Aires-Evita-Peron.jpg\"><img loading=\"lazy\" decoding=\"async\" class=\"size-full wp-image-2187\" title=\"Friedhof La Recoleta  Buenos Aires Evita Peron\" src=\"http:\/\/www.malerdeck.de\/blog\/wp-content\/uploads\/2011\/12\/Friedhof-La-Recoleta-Buenos-Aires-Evita-Peron.jpg\" alt=\"\" width=\"542\" height=\"486\" srcset=\"https:\/\/www.malerdeck.de\/blog\/wp-content\/uploads\/2011\/12\/Friedhof-La-Recoleta-Buenos-Aires-Evita-Peron.jpg 542w, https:\/\/www.malerdeck.de\/blog\/wp-content\/uploads\/2011\/12\/Friedhof-La-Recoleta-Buenos-Aires-Evita-Peron-300x269.jpg 300w\" sizes=\"auto, (max-width: 542px) 100vw, 542px\" \/><\/a><\/dt>\n<dd class=\"wp-caption-dd\">Die Grabplatte von Evita Peron<\/dd>\n<\/dl>\n<\/div>\n","protected":false},"excerpt":{"rendered":"<p>In La Recoleta, einem der teuersten Wohn- und Gesch\u00e4ftsviertel der Hauptstadt Argentiniens, liegt der gleichnamige Friedhof. Auf dem Friedhof\u00a0 La Recoleta, sind viele argentinische Pr\u00e4sidenten, Sportler, Wissenschaftler und Schauspieler bestattet. Zu den wohl bekanntesten dort bestatteten Pers\u00f6nlichkeiten, z\u00e4hlt die ehemalige Staatspr\u00e4sidentin, Evita Peron. Die charismatische Evita Peron, wird noch heute von den Argentieniern sehr verehrt. [&hellip;]<\/p>\n","protected":false},"author":2,"featured_media":0,"comment_status":"open","ping_status":"open","sticky":false,"template":"","format":"standard","meta":{"footnotes":""},"categories":[13],"tags":[394,396,425,424,423,392,323],"class_list":["post-2176","post","type-post","status-publish","format-standard","hentry","category-privates","tag-argentinien","tag-buenos-aires","tag-evita-peron","tag-friedhof","tag-la-recoleta","tag-urlaub","tag-werner-deck"],"_links":{"self":[{"href":"https:\/\/www.malerdeck.de\/blog\/wp-json\/wp\/v2\/posts\/2176","targetHints":{"allow":["GET"]}}],"collection":[{"href":"https:\/\/www.malerdeck.de\/blog\/wp-json\/wp\/v2\/posts"}],"about":[{"href":"https:\/\/www.malerdeck.de\/blog\/wp-json\/wp\/v2\/types\/post"}],"author":[{"embeddable":true,"href":"https:\/\/www.malerdeck.de\/blog\/wp-json\/wp\/v2\/users\/2"}],"replies":[{"embeddable":true,"href":"https:\/\/www.malerdeck.de\/blog\/wp-json\/wp\/v2\/comments?post=2176"}],"version-history":[{"count":11,"href":"https:\/\/www.malerdeck.de\/blog\/wp-json\/wp\/v2\/posts\/2176\/revisions"}],"predecessor-version":[{"id":2229,"href":"https:\/\/www.malerdeck.de\/blog\/wp-json\/wp\/v2\/posts\/2176\/revisions\/2229"}],"wp:attachment":[{"href":"https:\/\/www.malerdeck.de\/blog\/wp-json\/wp\/v2\/media?parent=2176"}],"wp:term":[{"taxonomy":"category","embeddable":true,"href":"https:\/\/www.malerdeck.de\/blog\/wp-json\/wp\/v2\/categories?post=2176"},{"taxonomy":"post_tag","embeddable":true,"href":"https:\/\/www.malerdeck.de\/blog\/wp-json\/wp\/v2\/tags?post=2176"}],"curies":[{"name":"wp","href":"https:\/\/api.w.org\/{rel}","templated":true}]}}