{"id":21264,"date":"2014-01-24T07:38:37","date_gmt":"2014-01-24T05:38:37","guid":{"rendered":"http:\/\/www.malerdeck.de\/blog\/?p=21264"},"modified":"2014-01-24T07:38:37","modified_gmt":"2014-01-24T05:38:37","slug":"nachahmer-gesucht-heutiger-zeitungsartikel-ueber-unsere-spendenaktion-fuer-die-stiftung-haensel-gretel","status":"publish","type":"post","link":"https:\/\/www.malerdeck.de\/blog\/nachahmer-gesucht-heutiger-zeitungsartikel-ueber-unsere-spendenaktion-fuer-die-stiftung-haensel-gretel","title":{"rendered":"Nachahmer gesucht: Heutiger Zeitungsartikel \u00fcber unsere Spendenaktion f\u00fcr die Stiftung H\u00e4nsel &#038; Gretel"},"content":{"rendered":"<p>Wenn viele kleine Menschen an vielen kleinen Orten viele kleine Schritte tun, ver\u00e4ndert sich die Welt. <img decoding=\"async\" class=\"wp-smiley\" alt=\":-)\" src=\"http:\/\/www.malerdeck.de\/blog\/wp-includes\/images\/smilies\/icon_smile.gif\" \/><\/p>\n<div id=\"attachment_21270\" style=\"width: 562px\" class=\"wp-caption aligncenter\"><a href=\"http:\/\/www.malerdeck.de\/blog\/wp-content\/uploads\/2014\/01\/Spende-malerdeck-an-Haensel-und-Gretel.jpg\"><img loading=\"lazy\" decoding=\"async\" aria-describedby=\"caption-attachment-21270\" class=\" wp-image-21270\" alt=\"\u20ac 13.000 an die Stiftung H\u00e4nsel und Gretel\" src=\"http:\/\/www.malerdeck.de\/blog\/wp-content\/uploads\/2014\/01\/Spende-malerdeck-an-Haensel-und-Gretel.jpg\" width=\"552\" height=\"873\" srcset=\"https:\/\/www.malerdeck.de\/blog\/wp-content\/uploads\/2014\/01\/Spende-malerdeck-an-Haensel-und-Gretel.jpg 762w, https:\/\/www.malerdeck.de\/blog\/wp-content\/uploads\/2014\/01\/Spende-malerdeck-an-Haensel-und-Gretel-189x300.jpg 189w, https:\/\/www.malerdeck.de\/blog\/wp-content\/uploads\/2014\/01\/Spende-malerdeck-an-Haensel-und-Gretel-648x1024.jpg 648w\" sizes=\"auto, (max-width: 552px) 100vw, 552px\" \/><\/a><p id=\"caption-attachment-21270\" class=\"wp-caption-text\">\u20ac 13.000 an die Stiftung H\u00e4nsel &amp; Gretel<\/p><\/div>\n<p style=\"text-align: justify;\">Im Rahmen unserer <a href=\"http:\/\/www.malerdeck.de\/blog\/unterhaltsame-wissensvermittlung-auf-hohem-niveau-splitter-der-29-management-konferenz-der-opti-maler-partner\" target=\"_blank\">Management-Konferenz<\/a>, \u00fcbergaben wir am 17. Januar die gemeinsame Spende von malerdeck und Opti-Maler-Partner an H\u00e4nsel &amp; Gretel.<\/p>\n<p style=\"text-align: justify;\">Sch\u00f6n, wenn dar\u00fcber so exponiert berichtet wird. Vielleicht finden sich ja weitere \u201cNachahmer\u201d. Seit Anbeginn meines sozialen Engagements vor vielen Jahren, kamen dadurch<a href=\"http:\/\/malerdeck.de\/aktivitaeten-und-spendensumme.html\" target=\"_blank\"> schon \u00fcber \u20ac 567.000 zusammen<\/a>.<\/p>\n<p>&nbsp;<\/p>\n","protected":false},"excerpt":{"rendered":"<p>Wenn viele kleine Menschen an vielen kleinen Orten viele kleine Schritte tun, ver\u00e4ndert sich die Welt. Im Rahmen unserer Management-Konferenz, \u00fcbergaben wir am 17. Januar die gemeinsame Spende von malerdeck und Opti-Maler-Partner an H\u00e4nsel &amp; Gretel. Sch\u00f6n, wenn dar\u00fcber so exponiert berichtet wird. Vielleicht finden sich ja weitere \u201cNachahmer\u201d. Seit Anbeginn meines sozialen Engagements vor [&hellip;]<\/p>\n","protected":false},"author":2,"featured_media":0,"comment_status":"open","ping_status":"open","sticky":false,"template":"","format":"standard","meta":{"footnotes":""},"categories":[143,16],"tags":[2526,24,552,2953,631,511,621,323],"class_list":["post-21264","post","type-post","status-publish","format-standard","hentry","category-pressearbeit","category-soziales","tag-haensel-und-gretel","tag-malerdeck","tag-opti-maler-partner","tag-pressearbeit","tag-soziales-engagement","tag-spende","tag-tradition","tag-werner-deck"],"_links":{"self":[{"href":"https:\/\/www.malerdeck.de\/blog\/wp-json\/wp\/v2\/posts\/21264","targetHints":{"allow":["GET"]}}],"collection":[{"href":"https:\/\/www.malerdeck.de\/blog\/wp-json\/wp\/v2\/posts"}],"about":[{"href":"https:\/\/www.malerdeck.de\/blog\/wp-json\/wp\/v2\/types\/post"}],"author":[{"embeddable":true,"href":"https:\/\/www.malerdeck.de\/blog\/wp-json\/wp\/v2\/users\/2"}],"replies":[{"embeddable":true,"href":"https:\/\/www.malerdeck.de\/blog\/wp-json\/wp\/v2\/comments?post=21264"}],"version-history":[{"count":5,"href":"https:\/\/www.malerdeck.de\/blog\/wp-json\/wp\/v2\/posts\/21264\/revisions"}],"predecessor-version":[{"id":21275,"href":"https:\/\/www.malerdeck.de\/blog\/wp-json\/wp\/v2\/posts\/21264\/revisions\/21275"}],"wp:attachment":[{"href":"https:\/\/www.malerdeck.de\/blog\/wp-json\/wp\/v2\/media?parent=21264"}],"wp:term":[{"taxonomy":"category","embeddable":true,"href":"https:\/\/www.malerdeck.de\/blog\/wp-json\/wp\/v2\/categories?post=21264"},{"taxonomy":"post_tag","embeddable":true,"href":"https:\/\/www.malerdeck.de\/blog\/wp-json\/wp\/v2\/tags?post=21264"}],"curies":[{"name":"wp","href":"https:\/\/api.w.org\/{rel}","templated":true}]}}