{"id":2124,"date":"2011-12-02T14:18:01","date_gmt":"2011-12-02T12:18:01","guid":{"rendered":"http:\/\/www.malerdeck.de\/blog\/?p=2124"},"modified":"2011-12-05T15:33:00","modified_gmt":"2011-12-05T13:33:00","slug":"argentinische-impressionen-aus-buenos-airos-eins","status":"publish","type":"post","link":"https:\/\/www.malerdeck.de\/blog\/argentinische-impressionen-aus-buenos-airos-eins","title":{"rendered":"Argentinische Impressionen aus Buenos Aires, Ankunft"},"content":{"rendered":"<p>W\u00e4hrend unseres Brasilienurlaubs, machten wir auch einen viert\u00e4gigen Abstecher nach Buenos Aires.<\/p>\n<div class=\"mceTemp mceIEcenter\" style=\"text-align: center;\">\n<dl id=\"attachment_2125\" class=\"wp-caption aligncenter\" style=\"width: 552px;\">\n<dt class=\"wp-caption-dt\"><a href=\"http:\/\/www.malerdeck.de\/blog\/wp-content\/uploads\/2011\/12\/Abflug-in-Sao-Paulo-Buenos-Airos.jpg\"><img loading=\"lazy\" decoding=\"async\" class=\"size-full wp-image-2125\" title=\"Abflug in Sao Paulo Buenos Airos\" src=\"http:\/\/www.malerdeck.de\/blog\/wp-content\/uploads\/2011\/12\/Abflug-in-Sao-Paulo-Buenos-Airos.jpg\" alt=\"\" width=\"542\" height=\"304\" srcset=\"https:\/\/www.malerdeck.de\/blog\/wp-content\/uploads\/2011\/12\/Abflug-in-Sao-Paulo-Buenos-Airos.jpg 542w, https:\/\/www.malerdeck.de\/blog\/wp-content\/uploads\/2011\/12\/Abflug-in-Sao-Paulo-Buenos-Airos-300x168.jpg 300w\" sizes=\"auto, (max-width: 542px) 100vw, 542px\" \/><\/a><\/dt>\n<dd class=\"wp-caption-dd\">Abflug von Sao Paulo, nach Buenos Aires<\/dd>\n<\/dl>\n<\/div>\n<p>Am Freitagvormittag, 25. November, ging es in ca. zweieinhalb Flugstunden, nach Buenos Aires.<\/p>\n<div class=\"mceTemp mceIEcenter\" style=\"text-align: center;\">\n<dl id=\"attachment_2126\" class=\"wp-caption aligncenter\" style=\"width: 552px;\">\n<dt class=\"wp-caption-dt\"><a href=\"http:\/\/www.malerdeck.de\/blog\/wp-content\/uploads\/2011\/12\/Ankunft-Argentinien-Buenos-Airos.jpg\"><img loading=\"lazy\" decoding=\"async\" class=\"size-full wp-image-2126\" title=\"Ankunft Argentinien Buenos Airos\" src=\"http:\/\/www.malerdeck.de\/blog\/wp-content\/uploads\/2011\/12\/Ankunft-Argentinien-Buenos-Airos.jpg\" alt=\"\" width=\"542\" height=\"308\" srcset=\"https:\/\/www.malerdeck.de\/blog\/wp-content\/uploads\/2011\/12\/Ankunft-Argentinien-Buenos-Airos.jpg 542w, https:\/\/www.malerdeck.de\/blog\/wp-content\/uploads\/2011\/12\/Ankunft-Argentinien-Buenos-Airos-300x170.jpg 300w\" sizes=\"auto, (max-width: 542px) 100vw, 542px\" \/><\/a><\/dt>\n<dd class=\"wp-caption-dd\">Ankunft in Argentinien, Flughafen Buenos Aires<\/dd>\n<\/dl>\n<\/div>\n<div class=\"mceTemp mceIEcenter\" style=\"text-align: center;\">\n<dl id=\"attachment_2127\" class=\"wp-caption aligncenter\" style=\"width: 552px;\">\n<dt class=\"wp-caption-dt\"><a href=\"http:\/\/www.malerdeck.de\/blog\/wp-content\/uploads\/2011\/12\/Hotel-Jousten-in-Buenos-airos.jpg\"><img loading=\"lazy\" decoding=\"async\" class=\"size-full wp-image-2127\" title=\"Hotel Jousten in Buenos airos\" src=\"http:\/\/www.malerdeck.de\/blog\/wp-content\/uploads\/2011\/12\/Hotel-Jousten-in-Buenos-airos.jpg\" alt=\"\" width=\"542\" height=\"712\" srcset=\"https:\/\/www.malerdeck.de\/blog\/wp-content\/uploads\/2011\/12\/Hotel-Jousten-in-Buenos-airos.jpg 542w, https:\/\/www.malerdeck.de\/blog\/wp-content\/uploads\/2011\/12\/Hotel-Jousten-in-Buenos-airos-228x300.jpg 228w\" sizes=\"auto, (max-width: 542px) 100vw, 542px\" \/><\/a><\/dt>\n<dd class=\"wp-caption-dd\">Hotel Jousten in Buenos Aires<\/dd>\n<\/dl>\n<\/div>\n<p>Unser Hotel, NH Jousten,\u00a0 lag ziemlich im Zentrum von Buenos Aires. In Sichweite des Obelisk und nahe der Stra\u00dfe des 9. Juli.<\/p>\n<div class=\"mceTemp mceIEcenter\" style=\"text-align: center;\">\n<dl id=\"attachment_2129\" class=\"wp-caption aligncenter\" style=\"width: 552px;\">\n<dt class=\"wp-caption-dt\"><a href=\"http:\/\/www.malerdeck.de\/blog\/wp-content\/uploads\/2011\/12\/in-den-H%C3%A4userschluchten-von-Buenos-airos.jpg\"><img loading=\"lazy\" decoding=\"async\" class=\"size-full wp-image-2129\" title=\"in den H\u00e4userschluchten von Buenos airos\" src=\"http:\/\/www.malerdeck.de\/blog\/wp-content\/uploads\/2011\/12\/in-den-H%C3%A4userschluchten-von-Buenos-airos.jpg\" alt=\"\" width=\"542\" height=\"383\" \/><\/a><\/dt>\n<dd class=\"wp-caption-dd\">Advent in den H\u00e4userschluchten von Buenos Aires<\/dd>\n<\/dl>\n<\/div>\n<p>&nbsp;<\/p>\n<div class=\"mceTemp mceIEcenter\" style=\"text-align: center;\">\n<dl id=\"attachment_2131\" class=\"wp-caption aligncenter\" style=\"width: 552px;\">\n<dt class=\"wp-caption-dt\"><a href=\"http:\/\/www.malerdeck.de\/blog\/wp-content\/uploads\/2011\/12\/modernste-Transportmittel-Buenos-airos.jpg\"><img loading=\"lazy\" decoding=\"async\" class=\"size-full wp-image-2131\" title=\"modernste Transportmittel Buenos airos\" src=\"http:\/\/www.malerdeck.de\/blog\/wp-content\/uploads\/2011\/12\/modernste-Transportmittel-Buenos-airos.jpg\" alt=\"\" width=\"542\" height=\"373\" srcset=\"https:\/\/www.malerdeck.de\/blog\/wp-content\/uploads\/2011\/12\/modernste-Transportmittel-Buenos-airos.jpg 542w, https:\/\/www.malerdeck.de\/blog\/wp-content\/uploads\/2011\/12\/modernste-Transportmittel-Buenos-airos-300x206.jpg 300w\" sizes=\"auto, (max-width: 542px) 100vw, 542px\" \/><\/a><\/dt>\n<dd class=\"wp-caption-dd\">Landestypisch modernes \ud83d\ude09 Transportmittel in Buenos Aires<\/dd>\n<\/dl>\n<\/div>\n<div class=\"mceTemp mceIEcenter\" style=\"text-align: center;\">\n<dl id=\"attachment_2132\" class=\"wp-caption aligncenter\" style=\"width: 552px;\">\n<dt class=\"wp-caption-dt\"><a href=\"http:\/\/www.malerdeck.de\/blog\/wp-content\/uploads\/2011\/12\/Diszipliniertes-anstehen-an-Busshaltestelle-buenos-Airos.jpg\"><img loading=\"lazy\" decoding=\"async\" class=\"size-full wp-image-2132\" title=\"Diszipliniertes anstehen an Busshaltestelle buenos Airos\" src=\"http:\/\/www.malerdeck.de\/blog\/wp-content\/uploads\/2011\/12\/Diszipliniertes-anstehen-an-Busshaltestelle-buenos-Airos.jpg\" alt=\"\" width=\"542\" height=\"415\" srcset=\"https:\/\/www.malerdeck.de\/blog\/wp-content\/uploads\/2011\/12\/Diszipliniertes-anstehen-an-Busshaltestelle-buenos-Airos.jpg 542w, https:\/\/www.malerdeck.de\/blog\/wp-content\/uploads\/2011\/12\/Diszipliniertes-anstehen-an-Busshaltestelle-buenos-Airos-300x229.jpg 300w\" sizes=\"auto, (max-width: 542px) 100vw, 542px\" \/><\/a><\/dt>\n<dd class=\"wp-caption-dd\">Diszipliniertes anstehen, an einer Busshaltestelle in Buenos Aires<\/dd>\n<\/dl>\n<\/div>\n<p>Das hat mich au\u00dferordentlich fasziniert: Das disziplinierte Anstehen, der sonst im Stra\u00dfenverkehr sehr hei\u00dfbl\u00fctigen und rauhbeinigen Argentinier.<\/p>\n<p>&nbsp;<\/p>\n","protected":false},"excerpt":{"rendered":"<p>W\u00e4hrend unseres Brasilienurlaubs, machten wir auch einen viert\u00e4gigen Abstecher nach Buenos Aires. Abflug von Sao Paulo, nach Buenos Aires Am Freitagvormittag, 25. November, ging es in ca. zweieinhalb Flugstunden, nach Buenos Aires. Ankunft in Argentinien, Flughafen Buenos Aires Hotel Jousten in Buenos Aires Unser Hotel, NH Jousten,\u00a0 lag ziemlich im Zentrum von Buenos Aires. In [&hellip;]<\/p>\n","protected":false},"author":2,"featured_media":0,"comment_status":"open","ping_status":"open","sticky":false,"template":"","format":"standard","meta":{"footnotes":""},"categories":[13],"tags":[394,393,396,408,395,392],"class_list":["post-2124","post","type-post","status-publish","format-standard","hentry","category-privates","tag-argentinien","tag-brasilien","tag-buenos-aires","tag-nh-jousten","tag-sao-paulo","tag-urlaub"],"_links":{"self":[{"href":"https:\/\/www.malerdeck.de\/blog\/wp-json\/wp\/v2\/posts\/2124","targetHints":{"allow":["GET"]}}],"collection":[{"href":"https:\/\/www.malerdeck.de\/blog\/wp-json\/wp\/v2\/posts"}],"about":[{"href":"https:\/\/www.malerdeck.de\/blog\/wp-json\/wp\/v2\/types\/post"}],"author":[{"embeddable":true,"href":"https:\/\/www.malerdeck.de\/blog\/wp-json\/wp\/v2\/users\/2"}],"replies":[{"embeddable":true,"href":"https:\/\/www.malerdeck.de\/blog\/wp-json\/wp\/v2\/comments?post=2124"}],"version-history":[{"count":14,"href":"https:\/\/www.malerdeck.de\/blog\/wp-json\/wp\/v2\/posts\/2124\/revisions"}],"predecessor-version":[{"id":2225,"href":"https:\/\/www.malerdeck.de\/blog\/wp-json\/wp\/v2\/posts\/2124\/revisions\/2225"}],"wp:attachment":[{"href":"https:\/\/www.malerdeck.de\/blog\/wp-json\/wp\/v2\/media?parent=2124"}],"wp:term":[{"taxonomy":"category","embeddable":true,"href":"https:\/\/www.malerdeck.de\/blog\/wp-json\/wp\/v2\/categories?post=2124"},{"taxonomy":"post_tag","embeddable":true,"href":"https:\/\/www.malerdeck.de\/blog\/wp-json\/wp\/v2\/tags?post=2124"}],"curies":[{"name":"wp","href":"https:\/\/api.w.org\/{rel}","templated":true}]}}