{"id":21227,"date":"2014-01-20T16:09:48","date_gmt":"2014-01-20T14:09:48","guid":{"rendered":"http:\/\/www.malerdeck.de\/blog\/?p=21227"},"modified":"2014-01-20T16:28:09","modified_gmt":"2014-01-20T14:28:09","slug":"wie-super-ist-denn-das-azubi-entlastet-chef-in-dem-er-clever-und-intelligent-ein-kurzfristig-aufgetretenes-problem-loest","status":"publish","type":"post","link":"https:\/\/www.malerdeck.de\/blog\/wie-super-ist-denn-das-azubi-entlastet-chef-in-dem-er-clever-und-intelligent-ein-kurzfristig-aufgetretenes-problem-loest","title":{"rendered":"Wie super ist denn das? Azubi entlastet Chef, in dem er clever und intelligent ein kurzfristig aufgetretenes Problem l\u00f6st"},"content":{"rendered":"<p style=\"text-align: justify;\">Einer unserer Azubis arbeitet aktuell alleine in einer leerstehenden Wohnung. Dem im gleichen Haus wohnenden Kunden fiel nun vorhin spontan ein, dass er die W\u00e4nde nun doch ein einem Farbton gestrichen haben will. Vorgesehen war urspr\u00fcnglich wei\u00df.<\/p>\n<p style=\"text-align: justify;\">Jetzt hat der gute Azubi aber leider keine Farbkarte dabei und so ist an ein schnelles Farbtonaussuchen leider nicht zu denken, obwohl wir die Farbe kurzfristig brauchen. Was also tun? Statt anzurufen und z.B. zu sagen: &#8222;Chef, bitte schnell mit Farbkarte vorbeikommen!&#8220;, hat Chris eine sehr pfiffige Idee.<\/p>\n<p style=\"text-align: justify;\">Er l\u00e4dt sich bei unserem Hersteller Caparol eine Farbkarte aufs Handy, zeigt und bespricht mit dem Kunden den Farbton. Danach schickt er mir die Info per WhatsApp.<\/p>\n<div id=\"attachment_21231\" style=\"width: 562px\" class=\"wp-caption aligncenter\"><a href=\"http:\/\/www.malerdeck.de\/blog\/wp-content\/uploads\/2014\/01\/Problem-gel\u00f6st.jpg\"><img loading=\"lazy\" decoding=\"async\" aria-describedby=\"caption-attachment-21231\" class=\"size-full wp-image-21231\" alt=\"Problem clever und intelligent gel\u00f6st\" src=\"http:\/\/www.malerdeck.de\/blog\/wp-content\/uploads\/2014\/01\/Problem-gel\u00f6st.jpg\" width=\"552\" height=\"518\" srcset=\"https:\/\/www.malerdeck.de\/blog\/wp-content\/uploads\/2014\/01\/Problem-gel\u00f6st.jpg 552w, https:\/\/www.malerdeck.de\/blog\/wp-content\/uploads\/2014\/01\/Problem-gel\u00f6st-300x281.jpg 300w\" sizes=\"auto, (max-width: 552px) 100vw, 552px\" \/><\/a><p id=\"caption-attachment-21231\" class=\"wp-caption-text\">Problem clever und intelligent gel\u00f6st. Farbkarte online geladen und mir Farbton geschickt<\/p><\/div>\n<p>Lehrlinge\/Azubis sind nicht immer faul und dumm, zumindest unsere nicht! \ud83d\ude09<\/p>\n<p style=\"text-align: justify;\">Nat\u00fcrlich ist die Darstellung auf dem Smartphone nicht superrichtig. Bei dem ausgesuchten Farbton und der dortigen Vorgabe,\u00a0 &#8222;leichtes beige&#8220;, reicht das vollkommen aus. Beim Farbtonbestellen habe ich den Ton noch etwas modifiziert. In diesem speziellen Fall kein Problem. \ud83d\ude42 Meine Devise: Lieber gut, als perfekt!<\/p>\n<p>Lieber Christopher, das hast Du mehr als gut gemacht und ich bin stolz auf Deine Leistung und Deine mitdenkende Mitarbeit. \ud83d\ude42<\/p>\n","protected":false},"excerpt":{"rendered":"<p>Einer unserer Azubis arbeitet aktuell alleine in einer leerstehenden Wohnung. Dem im gleichen Haus wohnenden Kunden fiel nun vorhin spontan ein, dass er die W\u00e4nde nun doch ein einem Farbton gestrichen haben will. Vorgesehen war urspr\u00fcnglich wei\u00df. Jetzt hat der gute Azubi aber leider keine Farbkarte dabei und so ist an ein schnelles Farbtonaussuchen leider [&hellip;]<\/p>\n","protected":false},"author":2,"featured_media":0,"comment_status":"open","ping_status":"open","sticky":false,"template":"","format":"standard","meta":{"footnotes":""},"categories":[10,11],"tags":[2562,27,2289,2561],"class_list":["post-21227","post","type-post","status-publish","format-standard","hentry","category-lehrlinge","category-mitarbeiter","tag-farbton","tag-lehrling","tag-problemloesung","tag-whatsapp"],"_links":{"self":[{"href":"https:\/\/www.malerdeck.de\/blog\/wp-json\/wp\/v2\/posts\/21227","targetHints":{"allow":["GET"]}}],"collection":[{"href":"https:\/\/www.malerdeck.de\/blog\/wp-json\/wp\/v2\/posts"}],"about":[{"href":"https:\/\/www.malerdeck.de\/blog\/wp-json\/wp\/v2\/types\/post"}],"author":[{"embeddable":true,"href":"https:\/\/www.malerdeck.de\/blog\/wp-json\/wp\/v2\/users\/2"}],"replies":[{"embeddable":true,"href":"https:\/\/www.malerdeck.de\/blog\/wp-json\/wp\/v2\/comments?post=21227"}],"version-history":[{"count":12,"href":"https:\/\/www.malerdeck.de\/blog\/wp-json\/wp\/v2\/posts\/21227\/revisions"}],"predecessor-version":[{"id":21240,"href":"https:\/\/www.malerdeck.de\/blog\/wp-json\/wp\/v2\/posts\/21227\/revisions\/21240"}],"wp:attachment":[{"href":"https:\/\/www.malerdeck.de\/blog\/wp-json\/wp\/v2\/media?parent=21227"}],"wp:term":[{"taxonomy":"category","embeddable":true,"href":"https:\/\/www.malerdeck.de\/blog\/wp-json\/wp\/v2\/categories?post=21227"},{"taxonomy":"post_tag","embeddable":true,"href":"https:\/\/www.malerdeck.de\/blog\/wp-json\/wp\/v2\/tags?post=21227"}],"curies":[{"name":"wp","href":"https:\/\/api.w.org\/{rel}","templated":true}]}}