{"id":20976,"date":"2014-01-12T09:31:01","date_gmt":"2014-01-12T07:31:01","guid":{"rendered":"http:\/\/www.malerdeck.de\/blog\/?p=20976"},"modified":"2014-01-12T17:02:49","modified_gmt":"2014-01-12T15:02:49","slug":"gekaufte-facebook-fanslikes-haben-fuer-den-fanseiteninhaber-keinerlei-negative-auswirkungen","status":"publish","type":"post","link":"https:\/\/www.malerdeck.de\/blog\/gekaufte-facebook-fanslikes-haben-fuer-den-fanseiteninhaber-keinerlei-negative-auswirkungen","title":{"rendered":"These: Gekaufte Facebook-Fans\/Likes haben f\u00fcr den Fanseiteninhaber keinerlei negative Auswirkungen"},"content":{"rendered":"<p style=\"text-align: justify;\"><a href=\"http:\/\/www.malerdeck.de\/blog\/wp-content\/uploads\/2014\/01\/likes-gef\u00e4llt-mir.jpg\"><img loading=\"lazy\" decoding=\"async\" class=\"alignleft size-full wp-image-20980\" alt=\"likes gef\u00e4llt mir\" src=\"http:\/\/www.malerdeck.de\/blog\/wp-content\/uploads\/2014\/01\/likes-gef\u00e4llt-mir.jpg\" width=\"259\" height=\"87\" \/><\/a>Was wurde nicht schon alles dar\u00fcber geschrieben. Vor allem \u00fcber die angeblich so negativen Auswirkungen der gekauften Likes, auf den Fanseitenbetreiber.<\/p>\n<p style=\"text-align: justify;\">Meine Meinung dazu: <a href=\"http:\/\/www.malerdeck.de\/blog\/eine-initiative-mit-guetesiegel-gegen-den-kauf-von-facebook-fans\" target=\"_blank\">Nat\u00fcrlich ist der Kauf von Fans\/Likes unm\u00f6glich<\/a>, das ist f\u00fcr mich nach wie vor \u00fcberhaupt keine Frage. <a href=\"http:\/\/blog.maler-heyse.de\/2013\/05\/21\/facebook-fans-kaufen-nein-danke\/\" target=\"_blank\">Vor einiger Zeit habe ich mich dar\u00fcber sehr ereifert<\/a> und mache das tempor\u00e4r auch heute noch.<\/p>\n<p style=\"text-align: justify;\">Meine Meinung und Beobachtung dazu ist zwischenzeitlich: Fankauf ja\/nein ist allenfalls ein Negativthema bei Promis, Politikern und\/oder gro\u00dfen Firmen. Und das dann in der \u00d6ffentlichkeit auch nur sehr dezent, nach meiner Wahrnehmung jedenfalls. Imagenachteile oder gar mehr? Kann ich dabei nicht ausmachen.<\/p>\n<p style=\"text-align: justify;\">Wenn sich nun kleine und mittlere Handwerksunternehmer Facebook-Fans\/Likes einkaufen, interesiert das die \u00d6ffentlichkeit nicht die Bohne! Warum auch? Wer, au\u00dfer vielleicht ein paar direkte Wettbewerber, soll sich denn daf\u00fcr und warum interessieren?<\/p>\n<div id=\"attachment_20985\" style=\"width: 205px\" class=\"wp-caption alignleft\"><a href=\"http:\/\/www.sterntv-experimente.de\/FacebookLikeCheck\/#\" target=\"_blank\"><img loading=\"lazy\" decoding=\"async\" aria-describedby=\"caption-attachment-20985\" class=\" wp-image-20985\" alt=\"Klick auf die Grafik f\u00fchrt zum Check\" src=\"http:\/\/www.malerdeck.de\/blog\/wp-content\/uploads\/2014\/01\/Stern-Facebook-Like-check.jpg\" width=\"195\" height=\"52\" srcset=\"https:\/\/www.malerdeck.de\/blog\/wp-content\/uploads\/2014\/01\/Stern-Facebook-Like-check.jpg 400w, https:\/\/www.malerdeck.de\/blog\/wp-content\/uploads\/2014\/01\/Stern-Facebook-Like-check-300x81.jpg 300w\" sizes=\"auto, (max-width: 195px) 100vw, 195px\" \/><\/a><p id=\"caption-attachment-20985\" class=\"wp-caption-text\">Klick auf die Grafik f\u00fchrt zum Check<\/p><\/div>\n<p style=\"text-align: justify;\">Der &#8222;Facebook-Normalfan&#8220; oder ein Wettbewerber, wenn es es denn \u00fcberpr\u00fcfen will, m\u00fcsste zun\u00e4chst Kenntnis von Pr\u00fcfungsm\u00f6glichkeiten haben, z.B. dem Stern-TV Facebook Like Check.<\/p>\n<p style=\"text-align: justify;\">Als erstes Check-Beispiel, hier die Facebook-Fanseite von malerdeck.<\/p>\n<div id=\"attachment_21001\" style=\"width: 562px\" class=\"wp-caption aligncenter\"><a href=\"http:\/\/www.malerdeck.de\/blog\/wp-content\/uploads\/2014\/01\/Facebook-likes-malerdeck.jpg\"><img loading=\"lazy\" decoding=\"async\" aria-describedby=\"caption-attachment-21001\" class=\" wp-image-21001\" alt=\"Check der Fanseite malerdeck, wird durch anlicken gr\u00f6\u00dfer\" src=\"http:\/\/www.malerdeck.de\/blog\/wp-content\/uploads\/2014\/01\/Facebook-likes-malerdeck.jpg\" width=\"552\" height=\"211\" srcset=\"https:\/\/www.malerdeck.de\/blog\/wp-content\/uploads\/2014\/01\/Facebook-likes-malerdeck.jpg 980w, https:\/\/www.malerdeck.de\/blog\/wp-content\/uploads\/2014\/01\/Facebook-likes-malerdeck-300x114.jpg 300w\" sizes=\"auto, (max-width: 552px) 100vw, 552px\" \/><\/a><p id=\"caption-attachment-21001\" class=\"wp-caption-text\">Check der Fanseite malerdeck. Wird mit Klick gr\u00f6\u00dfer, auch bei den folgenden Beispielen<\/p><\/div>\n<p>Jetzt zwei Beispiele, bei denen man Fankauf zumindest unterstellen kann. Das erste Beispiel ist ein Malerbetrieb, das zweite Beispiel ein Elektrounternehmen.<\/p>\n<div id=\"attachment_21010\" style=\"width: 562px\" class=\"wp-caption aligncenter\"><a href=\"http:\/\/www.malerdeck.de\/blog\/wp-content\/uploads\/2014\/01\/Facebook-likes-malermeister.jpg\"><img loading=\"lazy\" decoding=\"async\" aria-describedby=\"caption-attachment-21010\" class=\" wp-image-21010\" alt=\"Nur 55% deutsche Fans. Ein Schelm, wer B\u00f6ses dabei denkt\" src=\"http:\/\/www.malerdeck.de\/blog\/wp-content\/uploads\/2014\/01\/Facebook-likes-malermeister.jpg\" width=\"552\" height=\"217\" srcset=\"https:\/\/www.malerdeck.de\/blog\/wp-content\/uploads\/2014\/01\/Facebook-likes-malermeister.jpg 954w, https:\/\/www.malerdeck.de\/blog\/wp-content\/uploads\/2014\/01\/Facebook-likes-malermeister-300x117.jpg 300w\" sizes=\"auto, (max-width: 552px) 100vw, 552px\" \/><\/a><p id=\"caption-attachment-21010\" class=\"wp-caption-text\">Nur 55% deutsche Fans. Ein Schelm, wer B\u00f6ses dabei denkt<\/p><\/div>\n<div id=\"attachment_21013\" style=\"width: 562px\" class=\"wp-caption aligncenter\"><a href=\"http:\/\/www.malerdeck.de\/blog\/wp-content\/uploads\/2014\/01\/Facebook-likes-elektriker.jpg\"><img loading=\"lazy\" decoding=\"async\" aria-describedby=\"caption-attachment-21013\" class=\" wp-image-21013\" alt=\"Facebook likes elektriker\" src=\"http:\/\/www.malerdeck.de\/blog\/wp-content\/uploads\/2014\/01\/Facebook-likes-elektriker.jpg\" width=\"552\" height=\"218\" srcset=\"https:\/\/www.malerdeck.de\/blog\/wp-content\/uploads\/2014\/01\/Facebook-likes-elektriker.jpg 946w, https:\/\/www.malerdeck.de\/blog\/wp-content\/uploads\/2014\/01\/Facebook-likes-elektriker-300x118.jpg 300w\" sizes=\"auto, (max-width: 552px) 100vw, 552px\" \/><\/a><p id=\"caption-attachment-21013\" class=\"wp-caption-text\">Dieser Elektrobetrieb hat eine Fangemeinde von \u00fcber 91% in Georgien gefunden. Starke Leistung!<\/p><\/div>\n<p style=\"text-align: justify;\">Soll jetzt ich oder wer auch immer, auf die dortige Fanseite diese Fakten posten, dazu die jeweilige Innung und Tageszeitung \u00fcber die vermutlich gekauften Fans\/Likes informieren? Warum sollte das jemand machen? Der Unternehmerkollege w\u00e4re minimal blo\u00dfgestellt und das Ego des Blo\u00dfstellenden damit vielleicht etwas befriedigt, aber mehr nicht. Vor allem aber, wen interessiert das letztlich \u00fcberhaupt? Niemand, behaupte ich.<\/p>\n<p style=\"text-align: justify;\">Der Unternehmerkollege w\u00e4re minimal blo\u00dfgestellt und das Ego des Blo\u00dfstellenden w\u00e4re damit vielleicht befriedigt, aber mehr auch nicht.<\/p>\n<p style=\"text-align: justify;\">Deshalb, so meine These, hat der Fankauf auch keinerlei negative Auswirkungen auf den Fank\u00e4ufer. Er oder Sie befriedigt damit sein Ego, ist vielleicht in einem Ranking, <a href=\"http:\/\/www.meistertipp.de\/aktuelles\/ranking\" target=\"_blank\">wie z.B. bei meistertipp<\/a>, weit vorne aufgef\u00fchrt, aber das wars dann auch schon.<\/p>\n<p style=\"text-align: justify;\">Damit wir uns richtig verstehen, ich rede hier nicht dem Fankauf das Wort und missbillige das auch weiterhin sehr. Fankauf ist und bleibt f\u00fcr mich unseri\u00f6s, basta!<\/p>\n<p style=\"text-align: justify;\">Aber mich deshalb k\u00fcnftig dar\u00fcber weiter ereifern oder gar zus\u00e4tzlich Zeit in &#8222;Aufkl\u00e4rung&#8220; zu investieren, das werde ich nicht mehr machen.<\/p>\n","protected":false},"excerpt":{"rendered":"<p>Was wurde nicht schon alles dar\u00fcber geschrieben. Vor allem \u00fcber die angeblich so negativen Auswirkungen der gekauften Likes, auf den Fanseitenbetreiber. Meine Meinung dazu: Nat\u00fcrlich ist der Kauf von Fans\/Likes unm\u00f6glich, das ist f\u00fcr mich nach wie vor \u00fcberhaupt keine Frage. Vor einiger Zeit habe ich mich dar\u00fcber sehr ereifert und mache das tempor\u00e4r auch [&hellip;]<\/p>\n","protected":false},"author":2,"featured_media":0,"comment_status":"open","ping_status":"open","sticky":false,"template":"","format":"standard","meta":{"footnotes":""},"categories":[22],"tags":[73,33,480,2077,2064,2551,2950],"class_list":["post-20976","post","type-post","status-publish","format-standard","hentry","category-social-media","tag-betrug","tag-facebook","tag-facebook-fanseite","tag-fankauf","tag-gekaufte-fans","tag-likes","tag-social-media"],"_links":{"self":[{"href":"https:\/\/www.malerdeck.de\/blog\/wp-json\/wp\/v2\/posts\/20976","targetHints":{"allow":["GET"]}}],"collection":[{"href":"https:\/\/www.malerdeck.de\/blog\/wp-json\/wp\/v2\/posts"}],"about":[{"href":"https:\/\/www.malerdeck.de\/blog\/wp-json\/wp\/v2\/types\/post"}],"author":[{"embeddable":true,"href":"https:\/\/www.malerdeck.de\/blog\/wp-json\/wp\/v2\/users\/2"}],"replies":[{"embeddable":true,"href":"https:\/\/www.malerdeck.de\/blog\/wp-json\/wp\/v2\/comments?post=20976"}],"version-history":[{"count":44,"href":"https:\/\/www.malerdeck.de\/blog\/wp-json\/wp\/v2\/posts\/20976\/revisions"}],"predecessor-version":[{"id":21026,"href":"https:\/\/www.malerdeck.de\/blog\/wp-json\/wp\/v2\/posts\/20976\/revisions\/21026"}],"wp:attachment":[{"href":"https:\/\/www.malerdeck.de\/blog\/wp-json\/wp\/v2\/media?parent=20976"}],"wp:term":[{"taxonomy":"category","embeddable":true,"href":"https:\/\/www.malerdeck.de\/blog\/wp-json\/wp\/v2\/categories?post=20976"},{"taxonomy":"post_tag","embeddable":true,"href":"https:\/\/www.malerdeck.de\/blog\/wp-json\/wp\/v2\/tags?post=20976"}],"curies":[{"name":"wp","href":"https:\/\/api.w.org\/{rel}","templated":true}]}}