{"id":20625,"date":"2013-12-22T14:40:34","date_gmt":"2013-12-22T12:40:34","guid":{"rendered":"http:\/\/www.malerdeck.de\/blog\/?p=20625"},"modified":"2013-12-22T14:42:02","modified_gmt":"2013-12-22T12:42:02","slug":"aus-diesem-mich-sehr-anruehrenden-dankeschoen-spricht-grosse-einsamkeit","status":"publish","type":"post","link":"https:\/\/www.malerdeck.de\/blog\/aus-diesem-mich-sehr-anruehrenden-dankeschoen-spricht-grosse-einsamkeit","title":{"rendered":"Aus diesem, mich sehr anr\u00fchrenden Dankesch\u00f6n f\u00fcr meinen Geburtstagsreim, spricht gro\u00dfe Einsamkeit"},"content":{"rendered":"<p style=\"text-align: justify;\">Es ber\u00fchrt mich immer sehr zu erfahren, wie sehr sich die Menschen \u00fcber meine <a href=\"http:\/\/www.malerdeck.de\/blog\/mundpropaganda-und-kundengewinnung-durch-gereimte-geburtstagsbriefe\" target=\"_blank\">Gl\u00fcckw\u00fcnsche <\/a>freuen. Gerne bereite ich anderen Menschen eine Freude. Aber dieses Dankesch\u00f6n geht mir besonders ans Herz. Kann man doch die gro\u00dfe Ensamkeit der Dame deutlich sp\u00fcren.<\/p>\n<p>Schon die R\u00fcckseite des Briefkuverts spricht B\u00e4nde.<\/p>\n<div id=\"attachment_20626\" style=\"width: 562px\" class=\"wp-caption aligncenter\"><a href=\"http:\/\/www.malerdeck.de\/blog\/wp-content\/uploads\/2013\/12\/Kuvertr\u00fcckseite.jpg\"><img loading=\"lazy\" decoding=\"async\" aria-describedby=\"caption-attachment-20626\" class=\" wp-image-20626\" alt=\"R\u00fcckseite des Briefkuverts\" src=\"http:\/\/www.malerdeck.de\/blog\/wp-content\/uploads\/2013\/12\/Kuvertr\u00fcckseite.jpg\" width=\"552\" height=\"133\" srcset=\"https:\/\/www.malerdeck.de\/blog\/wp-content\/uploads\/2013\/12\/Kuvertr\u00fcckseite.jpg 552w, https:\/\/www.malerdeck.de\/blog\/wp-content\/uploads\/2013\/12\/Kuvertr\u00fcckseite-300x72.jpg 300w\" sizes=\"auto, (max-width: 552px) 100vw, 552px\" \/><\/a><p id=\"caption-attachment-20626\" class=\"wp-caption-text\">R\u00fcckseite des Briefkuverts<\/p><\/div>\n<div id=\"attachment_20631\" style=\"width: 562px\" class=\"wp-caption aligncenter\"><a href=\"http:\/\/www.malerdeck.de\/blog\/wp-content\/uploads\/2013\/12\/Einsamkeit-Geburtstagsreim.jpg\"><img loading=\"lazy\" decoding=\"async\" aria-describedby=\"caption-attachment-20631\" class=\" wp-image-20631\" alt=\"Die Einsamkeit der Dame ist fast zu greifen\" src=\"http:\/\/www.malerdeck.de\/blog\/wp-content\/uploads\/2013\/12\/Einsamkeit-Geburtstagsreim.jpg\" width=\"552\" height=\"385\" srcset=\"https:\/\/www.malerdeck.de\/blog\/wp-content\/uploads\/2013\/12\/Einsamkeit-Geburtstagsreim.jpg 852w, https:\/\/www.malerdeck.de\/blog\/wp-content\/uploads\/2013\/12\/Einsamkeit-Geburtstagsreim-300x209.jpg 300w\" sizes=\"auto, (max-width: 552px) 100vw, 552px\" \/><\/a><p id=\"caption-attachment-20631\" class=\"wp-caption-text\">Die Einsamkeit der Dame ist fast zu greifen<\/p><\/div>\n<p style=\"text-align: justify;\">Die Einsamkeit kann ich leider nicht beseitigen. Aber mein j\u00e4hrlicher Geburtstagsreim z\u00fcndet bei der Dame ein kleines Lichtlein an. Das freut und tr\u00f6stet mich.<\/p>\n","protected":false},"excerpt":{"rendered":"<p>Es ber\u00fchrt mich immer sehr zu erfahren, wie sehr sich die Menschen \u00fcber meine Gl\u00fcckw\u00fcnsche freuen. Gerne bereite ich anderen Menschen eine Freude. Aber dieses Dankesch\u00f6n geht mir besonders ans Herz. Kann man doch die gro\u00dfe Ensamkeit der Dame deutlich sp\u00fcren. Schon die R\u00fcckseite des Briefkuverts spricht B\u00e4nde. Die Einsamkeit kann ich leider nicht beseitigen. [&hellip;]<\/p>\n","protected":false},"author":2,"featured_media":0,"comment_status":"open","ping_status":"open","sticky":false,"template":"","format":"standard","meta":{"footnotes":""},"categories":[6,8],"tags":[2534,2533,239,92,169,237,167,313,510,1694],"class_list":["post-20625","post","type-post","status-publish","format-standard","hentry","category-kunden-wertschaetzung","category-kundenreaktionen","tag-einsam","tag-einsamkeit","tag-freude","tag-geburtstag","tag-geburtstagsmarketing","tag-geburtstagsreim","tag-gratulation","tag-gratulation-zum-geburtstag","tag-weihnachtsgruss","tag-weihnachtsgruesse"],"_links":{"self":[{"href":"https:\/\/www.malerdeck.de\/blog\/wp-json\/wp\/v2\/posts\/20625","targetHints":{"allow":["GET"]}}],"collection":[{"href":"https:\/\/www.malerdeck.de\/blog\/wp-json\/wp\/v2\/posts"}],"about":[{"href":"https:\/\/www.malerdeck.de\/blog\/wp-json\/wp\/v2\/types\/post"}],"author":[{"embeddable":true,"href":"https:\/\/www.malerdeck.de\/blog\/wp-json\/wp\/v2\/users\/2"}],"replies":[{"embeddable":true,"href":"https:\/\/www.malerdeck.de\/blog\/wp-json\/wp\/v2\/comments?post=20625"}],"version-history":[{"count":9,"href":"https:\/\/www.malerdeck.de\/blog\/wp-json\/wp\/v2\/posts\/20625\/revisions"}],"predecessor-version":[{"id":20637,"href":"https:\/\/www.malerdeck.de\/blog\/wp-json\/wp\/v2\/posts\/20625\/revisions\/20637"}],"wp:attachment":[{"href":"https:\/\/www.malerdeck.de\/blog\/wp-json\/wp\/v2\/media?parent=20625"}],"wp:term":[{"taxonomy":"category","embeddable":true,"href":"https:\/\/www.malerdeck.de\/blog\/wp-json\/wp\/v2\/categories?post=20625"},{"taxonomy":"post_tag","embeddable":true,"href":"https:\/\/www.malerdeck.de\/blog\/wp-json\/wp\/v2\/tags?post=20625"}],"curies":[{"name":"wp","href":"https:\/\/api.w.org\/{rel}","templated":true}]}}