{"id":20610,"date":"2013-12-22T13:31:03","date_gmt":"2013-12-22T11:31:03","guid":{"rendered":"http:\/\/www.malerdeck.de\/blog\/?p=20610"},"modified":"2013-12-22T13:31:03","modified_gmt":"2013-12-22T11:31:03","slug":"101-jaehrige-dame-bedankt-sich-mit-letzter-gruss-mit-101-fuer-meine-gereimten-geburtstagsgruesse","status":"publish","type":"post","link":"https:\/\/www.malerdeck.de\/blog\/101-jaehrige-dame-bedankt-sich-mit-letzter-gruss-mit-101-fuer-meine-gereimten-geburtstagsgruesse","title":{"rendered":"101-j\u00e4hrige Dame bedankt sich mit &#8222;Letzter Gru\u00df mit 101&#8220; f\u00fcr meine gereimten Geburtstagsgr\u00fc\u00dfe"},"content":{"rendered":"<p style=\"text-align: justify;\">Die alte Dame schickt mir Weihnachtsgr\u00fc\u00dfe und schreibt weiter: &#8222;Augen sind schlecht, Kopf macht noch. Ihre alte &#8230;.&#8220; Ist das nicht herzerw\u00e4rmend? Es ist f\u00fcr mich immer sch\u00f6n zu erfahren, wie sich die Menschen \u00fcber meine <a href=\"http:\/\/www.malerdeck.de\/blog\/mundpropaganda-und-kundengewinnung-durch-gereimte-geburtstagsbriefe\" target=\"_blank\">Reimgl\u00fcckw\u00fcnsche<\/a> freuen.<\/p>\n<div id=\"attachment_20612\" style=\"width: 562px\" class=\"wp-caption aligncenter\"><a href=\"http:\/\/www.malerdeck.de\/blog\/wp-content\/uploads\/2013\/12\/letzter-gru\u00df-mit-101.jpg\"><img loading=\"lazy\" decoding=\"async\" aria-describedby=\"caption-attachment-20612\" class=\"size-full wp-image-20612\" alt=\"Letzter Gru\u00df mit 101\" src=\"http:\/\/www.malerdeck.de\/blog\/wp-content\/uploads\/2013\/12\/letzter-gru\u00df-mit-101.jpg\" width=\"552\" height=\"498\" srcset=\"https:\/\/www.malerdeck.de\/blog\/wp-content\/uploads\/2013\/12\/letzter-gru\u00df-mit-101.jpg 552w, https:\/\/www.malerdeck.de\/blog\/wp-content\/uploads\/2013\/12\/letzter-gru\u00df-mit-101-300x270.jpg 300w\" sizes=\"auto, (max-width: 552px) 100vw, 552px\" \/><\/a><p id=\"caption-attachment-20612\" class=\"wp-caption-text\">Letzter Gru\u00df mit 101<\/p><\/div>\n","protected":false},"excerpt":{"rendered":"<p>Die alte Dame schickt mir Weihnachtsgr\u00fc\u00dfe und schreibt weiter: &#8222;Augen sind schlecht, Kopf macht noch. Ihre alte &#8230;.&#8220; Ist das nicht herzerw\u00e4rmend? Es ist f\u00fcr mich immer sch\u00f6n zu erfahren, wie sich die Menschen \u00fcber meine Reimgl\u00fcckw\u00fcnsche freuen.<\/p>\n","protected":false},"author":2,"featured_media":0,"comment_status":"open","ping_status":"open","sticky":false,"template":"","format":"standard","meta":{"footnotes":""},"categories":[6,8],"tags":[239,92,169,237,167,313,510,1694],"class_list":["post-20610","post","type-post","status-publish","format-standard","hentry","category-kunden-wertschaetzung","category-kundenreaktionen","tag-freude","tag-geburtstag","tag-geburtstagsmarketing","tag-geburtstagsreim","tag-gratulation","tag-gratulation-zum-geburtstag","tag-weihnachtsgruss","tag-weihnachtsgruesse"],"_links":{"self":[{"href":"https:\/\/www.malerdeck.de\/blog\/wp-json\/wp\/v2\/posts\/20610","targetHints":{"allow":["GET"]}}],"collection":[{"href":"https:\/\/www.malerdeck.de\/blog\/wp-json\/wp\/v2\/posts"}],"about":[{"href":"https:\/\/www.malerdeck.de\/blog\/wp-json\/wp\/v2\/types\/post"}],"author":[{"embeddable":true,"href":"https:\/\/www.malerdeck.de\/blog\/wp-json\/wp\/v2\/users\/2"}],"replies":[{"embeddable":true,"href":"https:\/\/www.malerdeck.de\/blog\/wp-json\/wp\/v2\/comments?post=20610"}],"version-history":[{"count":2,"href":"https:\/\/www.malerdeck.de\/blog\/wp-json\/wp\/v2\/posts\/20610\/revisions"}],"predecessor-version":[{"id":20614,"href":"https:\/\/www.malerdeck.de\/blog\/wp-json\/wp\/v2\/posts\/20610\/revisions\/20614"}],"wp:attachment":[{"href":"https:\/\/www.malerdeck.de\/blog\/wp-json\/wp\/v2\/media?parent=20610"}],"wp:term":[{"taxonomy":"category","embeddable":true,"href":"https:\/\/www.malerdeck.de\/blog\/wp-json\/wp\/v2\/categories?post=20610"},{"taxonomy":"post_tag","embeddable":true,"href":"https:\/\/www.malerdeck.de\/blog\/wp-json\/wp\/v2\/tags?post=20610"}],"curies":[{"name":"wp","href":"https:\/\/api.w.org\/{rel}","templated":true}]}}