{"id":20589,"date":"2013-12-22T12:45:04","date_gmt":"2013-12-22T10:45:04","guid":{"rendered":"http:\/\/www.malerdeck.de\/blog\/?p=20589"},"modified":"2013-12-22T12:45:04","modified_gmt":"2013-12-22T10:45:04","slug":"beeindruckende-spende-meines-kollegenbetriebs-leverkus-der-maler","status":"publish","type":"post","link":"https:\/\/www.malerdeck.de\/blog\/beeindruckende-spende-meines-kollegenbetriebs-leverkus-der-maler","title":{"rendered":"Beeindruckende Spende meines Kollegenbetriebs &#8222;Leverkus. Der Maler.&#8220;"},"content":{"rendered":"<p style=\"text-align: justify;\"><a href=\"http:\/\/www.leverkus.de\/index.html\" target=\"_blank\"><img loading=\"lazy\" decoding=\"async\" class=\"alignleft  wp-image-11440\" alt=\"Leverkus der Maler\" src=\"http:\/\/www.malerdeck.de\/blog\/wp-content\/uploads\/2012\/12\/Leverkus-der-Maler.jpg\" width=\"105\" height=\"74\" \/><\/a>Heute Morgen las ich davon in unserer Sonntagszeitung.<\/p>\n<p style=\"text-align: justify;\">Liebe Tanja Leverkus, lieber Heiko Leverkus, ich begl\u00fcckw\u00fcnsche Sie sehr zu Ihrem vorbildlichen und wichtigen sozialen Engagement und w\u00fcnsche daf\u00fcr viele Nachahmer.<\/p>\n<div id=\"attachment_20593\" style=\"width: 527px\" class=\"wp-caption aligncenter\"><a href=\"http:\/\/www.malerdeck.de\/blog\/wp-content\/uploads\/2013\/12\/Leverkus-Spende.jpg\"><img loading=\"lazy\" decoding=\"async\" aria-describedby=\"caption-attachment-20593\" class=\"size-full wp-image-20593\" alt=\"Vorbildliches soziales Engagement\" src=\"http:\/\/www.malerdeck.de\/blog\/wp-content\/uploads\/2013\/12\/Leverkus-Spende.jpg\" width=\"517\" height=\"1868\" srcset=\"https:\/\/www.malerdeck.de\/blog\/wp-content\/uploads\/2013\/12\/Leverkus-Spende.jpg 517w, https:\/\/www.malerdeck.de\/blog\/wp-content\/uploads\/2013\/12\/Leverkus-Spende-83x300.jpg 83w, https:\/\/www.malerdeck.de\/blog\/wp-content\/uploads\/2013\/12\/Leverkus-Spende-283x1024.jpg 283w\" sizes=\"auto, (max-width: 517px) 100vw, 517px\" \/><\/a><p id=\"caption-attachment-20593\" class=\"wp-caption-text\">Leverkus. Der Maler.: Vorbildliches soziales Engagement<\/p><\/div>\n","protected":false},"excerpt":{"rendered":"<p>Heute Morgen las ich davon in unserer Sonntagszeitung. Liebe Tanja Leverkus, lieber Heiko Leverkus, ich begl\u00fcckw\u00fcnsche Sie sehr zu Ihrem vorbildlichen und wichtigen sozialen Engagement und w\u00fcnsche daf\u00fcr viele Nachahmer.<\/p>\n","protected":false},"author":2,"featured_media":0,"comment_status":"open","ping_status":"open","sticky":false,"template":"","format":"standard","meta":{"footnotes":""},"categories":[16,37],"tags":[1644,631,511],"class_list":["post-20589","post","type-post","status-publish","format-standard","hentry","category-soziales","category-wettbewerber","tag-leverkus","tag-soziales-engagement","tag-spende"],"_links":{"self":[{"href":"https:\/\/www.malerdeck.de\/blog\/wp-json\/wp\/v2\/posts\/20589","targetHints":{"allow":["GET"]}}],"collection":[{"href":"https:\/\/www.malerdeck.de\/blog\/wp-json\/wp\/v2\/posts"}],"about":[{"href":"https:\/\/www.malerdeck.de\/blog\/wp-json\/wp\/v2\/types\/post"}],"author":[{"embeddable":true,"href":"https:\/\/www.malerdeck.de\/blog\/wp-json\/wp\/v2\/users\/2"}],"replies":[{"embeddable":true,"href":"https:\/\/www.malerdeck.de\/blog\/wp-json\/wp\/v2\/comments?post=20589"}],"version-history":[{"count":8,"href":"https:\/\/www.malerdeck.de\/blog\/wp-json\/wp\/v2\/posts\/20589\/revisions"}],"predecessor-version":[{"id":20598,"href":"https:\/\/www.malerdeck.de\/blog\/wp-json\/wp\/v2\/posts\/20589\/revisions\/20598"}],"wp:attachment":[{"href":"https:\/\/www.malerdeck.de\/blog\/wp-json\/wp\/v2\/media?parent=20589"}],"wp:term":[{"taxonomy":"category","embeddable":true,"href":"https:\/\/www.malerdeck.de\/blog\/wp-json\/wp\/v2\/categories?post=20589"},{"taxonomy":"post_tag","embeddable":true,"href":"https:\/\/www.malerdeck.de\/blog\/wp-json\/wp\/v2\/tags?post=20589"}],"curies":[{"name":"wp","href":"https:\/\/api.w.org\/{rel}","templated":true}]}}