{"id":20568,"date":"2013-12-22T07:45:31","date_gmt":"2013-12-22T05:45:31","guid":{"rendered":"http:\/\/www.malerdeck.de\/blog\/?p=20568"},"modified":"2013-12-22T07:45:31","modified_gmt":"2013-12-22T05:45:31","slug":"liebenswertes-dankeschoen-fuer-geburtstagsreime-verbunden-mit-lieben-und-beachtenswerten-weihnachtswuenschen","status":"publish","type":"post","link":"https:\/\/www.malerdeck.de\/blog\/liebenswertes-dankeschoen-fuer-geburtstagsreime-verbunden-mit-lieben-und-beachtenswerten-weihnachtswuenschen","title":{"rendered":"Liebenswertes Dankesch\u00f6n f\u00fcr Geburtstagsreime, verbunden mit lieben und beachtenswerten Weihnachtsw\u00fcnschen"},"content":{"rendered":"<div id=\"attachment_20571\" style=\"width: 165px\" class=\"wp-caption alignleft\"><a href=\"http:\/\/www.malerdeck.de\/blog\/wp-content\/uploads\/2013\/12\/Weihnachstkarte.jpg\"><img loading=\"lazy\" decoding=\"async\" aria-describedby=\"caption-attachment-20571\" class=\" wp-image-20571\" alt=\"Weihnachtsgru\u00df\" src=\"http:\/\/www.malerdeck.de\/blog\/wp-content\/uploads\/2013\/12\/Weihnachstkarte.jpg\" width=\"155\" height=\"100\" srcset=\"https:\/\/www.malerdeck.de\/blog\/wp-content\/uploads\/2013\/12\/Weihnachstkarte.jpg 302w, https:\/\/www.malerdeck.de\/blog\/wp-content\/uploads\/2013\/12\/Weihnachstkarte-300x192.jpg 300w\" sizes=\"auto, (max-width: 155px) 100vw, 155px\" \/><\/a><p id=\"caption-attachment-20571\" class=\"wp-caption-text\">Weihnachtsgru\u00df<\/p><\/div>\n<p style=\"text-align: justify;\">Es ber\u00fchrt mich immer wieder zu erfahren, wie sehr sich die Menschen \u00fcber meine Gl\u00fcckw\u00fcnsche freuen. Sehr gerne bereite ich anderen Menschen eine Freude.<\/p>\n<p style=\"text-align: justify;\">Sehr vieles davon kommt auch zur\u00fcck. So wie diese liebenswerten Weihnachtsgr\u00fc\u00dfe, mit herzlichem Dank f\u00fcr meine Geburtstagsreime.<\/p>\n<div id=\"attachment_20576\" style=\"width: 562px\" class=\"wp-caption aligncenter\"><a href=\"http:\/\/www.malerdeck.de\/blog\/wp-content\/uploads\/2013\/12\/herzlichen-Dank.jpg\"><img loading=\"lazy\" decoding=\"async\" aria-describedby=\"caption-attachment-20576\" class=\"size-full wp-image-20576\" alt=\"Liebenswertes Dankesch\u00f6n\" src=\"http:\/\/www.malerdeck.de\/blog\/wp-content\/uploads\/2013\/12\/herzlichen-Dank.jpg\" width=\"552\" height=\"732\" srcset=\"https:\/\/www.malerdeck.de\/blog\/wp-content\/uploads\/2013\/12\/herzlichen-Dank.jpg 552w, https:\/\/www.malerdeck.de\/blog\/wp-content\/uploads\/2013\/12\/herzlichen-Dank-226x300.jpg 226w\" sizes=\"auto, (max-width: 552px) 100vw, 552px\" \/><\/a><p id=\"caption-attachment-20576\" class=\"wp-caption-text\">Liebenswertes Dankesch\u00f6n<\/p><\/div>\n<p style=\"text-align: justify;\">Wenn Sie meine pers\u00f6nliche Strategie und die Motive meiner\u00a0 Geburtstagreime noch nicht kennen, k\u00f6nnen Sie sie hier nachlesen: <a href=\"http:\/\/bit.ly\/Kg0RYE\" target=\"_blank\">Mundpropaganda und Kundengewinnung durch gereimte Geburtstagsbriefe<\/a>.<\/p>\n","protected":false},"excerpt":{"rendered":"<p>Es ber\u00fchrt mich immer wieder zu erfahren, wie sehr sich die Menschen \u00fcber meine Gl\u00fcckw\u00fcnsche freuen. Sehr gerne bereite ich anderen Menschen eine Freude. Sehr vieles davon kommt auch zur\u00fcck. So wie diese liebenswerten Weihnachtsgr\u00fc\u00dfe, mit herzlichem Dank f\u00fcr meine Geburtstagsreime. Wenn Sie meine pers\u00f6nliche Strategie und die Motive meiner\u00a0 Geburtstagreime noch nicht kennen, k\u00f6nnen [&hellip;]<\/p>\n","protected":false},"author":2,"featured_media":0,"comment_status":"open","ping_status":"open","sticky":false,"template":"","format":"standard","meta":{"footnotes":""},"categories":[6,7],"tags":[239,92,169,237,167,313,510,1694],"class_list":["post-20568","post","type-post","status-publish","format-standard","hentry","category-kunden-wertschaetzung","category-kundeninformation","tag-freude","tag-geburtstag","tag-geburtstagsmarketing","tag-geburtstagsreim","tag-gratulation","tag-gratulation-zum-geburtstag","tag-weihnachtsgruss","tag-weihnachtsgruesse"],"_links":{"self":[{"href":"https:\/\/www.malerdeck.de\/blog\/wp-json\/wp\/v2\/posts\/20568","targetHints":{"allow":["GET"]}}],"collection":[{"href":"https:\/\/www.malerdeck.de\/blog\/wp-json\/wp\/v2\/posts"}],"about":[{"href":"https:\/\/www.malerdeck.de\/blog\/wp-json\/wp\/v2\/types\/post"}],"author":[{"embeddable":true,"href":"https:\/\/www.malerdeck.de\/blog\/wp-json\/wp\/v2\/users\/2"}],"replies":[{"embeddable":true,"href":"https:\/\/www.malerdeck.de\/blog\/wp-json\/wp\/v2\/comments?post=20568"}],"version-history":[{"count":10,"href":"https:\/\/www.malerdeck.de\/blog\/wp-json\/wp\/v2\/posts\/20568\/revisions"}],"predecessor-version":[{"id":20580,"href":"https:\/\/www.malerdeck.de\/blog\/wp-json\/wp\/v2\/posts\/20568\/revisions\/20580"}],"wp:attachment":[{"href":"https:\/\/www.malerdeck.de\/blog\/wp-json\/wp\/v2\/media?parent=20568"}],"wp:term":[{"taxonomy":"category","embeddable":true,"href":"https:\/\/www.malerdeck.de\/blog\/wp-json\/wp\/v2\/categories?post=20568"},{"taxonomy":"post_tag","embeddable":true,"href":"https:\/\/www.malerdeck.de\/blog\/wp-json\/wp\/v2\/tags?post=20568"}],"curies":[{"name":"wp","href":"https:\/\/api.w.org\/{rel}","templated":true}]}}