{"id":2056,"date":"2011-06-26T16:15:53","date_gmt":"2011-06-26T14:15:53","guid":{"rendered":"http:\/\/www.malerdeck.de\/blog\/?p=2056"},"modified":"2013-07-30T11:52:49","modified_gmt":"2013-07-30T09:52:49","slug":"groupon-kommt-fuer-malerdeck-nicht-infrage","status":"publish","type":"post","link":"https:\/\/www.malerdeck.de\/blog\/groupon-kommt-fuer-malerdeck-nicht-infrage","title":{"rendered":"Groupon kommt f\u00fcr malerdeck nicht infrage"},"content":{"rendered":"<p style=\"text-align: justify;\">Vor ein paar Tagen wollte man mich f\u00fcr \u201cGroupon\u201d begeistern. Am Telefon wurde mir erz\u00e4hlt, was f\u00fcr eine geniale Marketing- und Werbem\u00f6glichkeit das sei. Zudem k\u00f6nne man dadurch enormen zus\u00e4tzlichen Umsatz generieren.<\/p>\n<p style=\"text-align: justify;\">Solchen \u201cgenialen\u201d Versprechen, stehe ich zun\u00e4chst einmal immer sehr kritisch gegen\u00fcber. Die mir dazu \u00fcbersandten Unterlagen sah ich mir genau an.\u00a0Ebenso surfte ich auf einigen <a href=\"http:\/\/www.groupon.de\/\" target=\"_blank\">Groupon-Seiten<\/a> im Internet. Sehr schnell stand f\u00fcr mich fest, dass Groupon f\u00fcr mich keinesfalls infrage kommt. Das kann kein tragbares Gesch\u00e4ftsmodell sein.<\/p>\n<p style=\"text-align: justify;\">Ein System, das nur auf Rabatten, Nachl\u00e4ssen etc. aufgebaut ist, z\u00e4hlt nicht zu meiner Philosophie. Warum soll ich meine Leistung \u00fcber Groupon fast herschenken? Wenn ich das will, kann ich das auch ohne Groupon machen. Zudem kann ich keinem Kunden seri\u00f6s erkl\u00e4ren, warum die von ihm \u201cnormal\u201d bezahlte Leistung, bei oder \u00fcber Groupon, ca. 30% bis 50% billiger sein kann.<\/p>\n<p style=\"text-align: justify;\">Hier gilt der oft von mir zitierte Spruch: <strong><em>\u201cRabatt und Skonto, lass Dir sagen, wird vorher immer draufgeschlagen!\u201d<\/em><\/strong>\u00a0 Meine Antwort an den Herrn von Groupon sehen Sie unten.<\/p>\n<div id=\"attachment_18165\" style=\"width: 552px\" class=\"wp-caption aligncenter\"><a href=\"http:\/\/www.malerdeck.de\/blog\/wp-content\/uploads\/2011\/06\/blog-kein-groupon-fur-malerdeck-1.jpg\"><img loading=\"lazy\" decoding=\"async\" aria-describedby=\"caption-attachment-18165\" class=\"size-full wp-image-18165\" alt=\"Groupon kommt f\u00fcr malerdeck nicht infrage\" src=\"http:\/\/www.malerdeck.de\/blog\/wp-content\/uploads\/2011\/06\/blog-kein-groupon-fur-malerdeck-1.jpg\" width=\"542\" height=\"379\" srcset=\"https:\/\/www.malerdeck.de\/blog\/wp-content\/uploads\/2011\/06\/blog-kein-groupon-fur-malerdeck-1.jpg 542w, https:\/\/www.malerdeck.de\/blog\/wp-content\/uploads\/2011\/06\/blog-kein-groupon-fur-malerdeck-1-300x209.jpg 300w\" sizes=\"auto, (max-width: 542px) 100vw, 542px\" \/><\/a><p id=\"caption-attachment-18165\" class=\"wp-caption-text\">Groupon kommt f\u00fcr malerdeck nicht infrage<\/p><\/div>\n<p style=\"text-align: justify;\">Fast zeitgleich machte mich @StefanHelbing bei Twitter auf die Groupon-Aktion eines Malerbetriebs aus D\u00fcsseldorf aufmerksam. Diese Aktion schaute ich mir sodann sehr aufmerksam an.<\/p>\n<div id=\"attachment_5740\" style=\"width: 552px\" class=\"wp-caption aligncenter\"><a href=\"http:\/\/www.malerdeck.de\/blog\/wp-content\/uploads\/2011\/06\/Groupon.jpg\"><img loading=\"lazy\" decoding=\"async\" aria-describedby=\"caption-attachment-5740\" class=\"size-full wp-image-5740\" title=\"Groupon\" alt=\"\" src=\"http:\/\/www.malerdeck.de\/blog\/wp-content\/uploads\/2011\/06\/Groupon.jpg\" width=\"542\" height=\"1064\" srcset=\"https:\/\/www.malerdeck.de\/blog\/wp-content\/uploads\/2011\/06\/Groupon.jpg 542w, https:\/\/www.malerdeck.de\/blog\/wp-content\/uploads\/2011\/06\/Groupon-521x1024.jpg 521w\" sizes=\"auto, (max-width: 542px) 100vw, 542px\" \/><\/a><p id=\"caption-attachment-5740\" class=\"wp-caption-text\">Groupon, nein Danke<\/p><\/div>\n<p style=\"text-align: justify;\">Zun\u00e4chst ist der urspr\u00fcnglich\u00a0mit \u20ac 780,\u2013 veranschlagte Preis, f\u00fcr diesen Umfang, unglaublich billig. Bei uns und jedem anderen \u201cnormalen\u201d Malerbetrieb, kostet diese Leistung mindestens ca. \u20ac 1.100,\u2013! \u00dcber Groupon macht der Betrieb das jetzt f\u00fcr \u20ac 389,\u2013!! Wie das kalkulatorisch funktionieren soll, ist mir ein R\u00e4tsel.<\/p>\n<div id=\"attachment_18166\" style=\"width: 552px\" class=\"wp-caption aligncenter\"><a href=\"http:\/\/www.malerdeck.de\/blog\/wp-content\/uploads\/2011\/06\/blog-billiger-maler-2.jpg\"><img loading=\"lazy\" decoding=\"async\" aria-describedby=\"caption-attachment-18166\" class=\"size-full wp-image-18166\" alt=\"Reelle Preis\" src=\"http:\/\/www.malerdeck.de\/blog\/wp-content\/uploads\/2011\/06\/blog-billiger-maler-2.jpg\" width=\"542\" height=\"572\" srcset=\"https:\/\/www.malerdeck.de\/blog\/wp-content\/uploads\/2011\/06\/blog-billiger-maler-2.jpg 542w, https:\/\/www.malerdeck.de\/blog\/wp-content\/uploads\/2011\/06\/blog-billiger-maler-2-284x300.jpg 284w\" sizes=\"auto, (max-width: 542px) 100vw, 542px\" \/><\/a><p id=\"caption-attachment-18166\" class=\"wp-caption-text\">Reelle Preis<\/p><\/div>\n<p style=\"text-align: justify;\">Aber diese Groupon-Aktion hat mir zus\u00e4tzlich eines erneut\u00a0bewiesen: Alleine mit billigen Preisen ist kein Umsatz zu machen. Wenn kein Bedarf da ist, wird auch ein solch billiger Preis nicht nachgefragt. Der Malerbetrieb hat jedenfalls keinen Auftrag daraus generiert. Scheinbar eingenartig oder?<\/p>\n<p style=\"text-align: justify;\">Und das bei einer Stadt wie D\u00fcsseldorf, mit ca. 270.000 Einwohnern. Nimmt man das nahe Umland hinzu, kommt man locker auf 600.000 bis 700.000 Einwohner. Davon wollte niemand dieses Superangebot haben. Oder niemand hat eben bei Groupon danach geschaut.<\/p>\n<p style=\"text-align: justify;\">Es l\u00e4sst sich halt keiner seine Wohnung nur deshalb renovieren, weil es gerade billig ist, sondern immer nur dann, wenn aktuell Bedarf vorhanden ist. So auch meine langj\u00e4hrige Erfahrung. Deshalb machen solche Aktionen m.E. auch \u00fcberhaupt keinen Sinn. Letztlich wird dadurch nur das Preisniveau dauerhaft gesenkt. Ich mache mir meinen eigenen Markt dadurch kaputt.<\/p>\n<p style=\"text-align: justify;\">Deshalb gilt: Groupon kommt f\u00fcr malerdeck nicht infrage!<\/p>\n","protected":false},"excerpt":{"rendered":"<p>Vor ein paar Tagen wollte man mich f\u00fcr \u201cGroupon\u201d begeistern. Am Telefon wurde mir erz\u00e4hlt, was f\u00fcr eine geniale Marketing- und Werbem\u00f6glichkeit das sei. Zudem k\u00f6nne man dadurch enormen zus\u00e4tzlichen Umsatz generieren. Solchen \u201cgenialen\u201d Versprechen, stehe ich zun\u00e4chst einmal immer sehr kritisch gegen\u00fcber. Die mir dazu \u00fcbersandten Unterlagen sah ich mir genau an.\u00a0Ebenso surfte ich [&hellip;]<\/p>\n","protected":false},"author":2,"featured_media":0,"comment_status":"open","ping_status":"open","sticky":false,"template":"","format":"standard","meta":{"footnotes":""},"categories":[220,37],"tags":[38,2328,1882,316],"class_list":["post-2056","post","type-post","status-publish","format-standard","hentry","category-werbung","category-wettbewerber","tag-billig","tag-groupon","tag-rabatt","tag-schnaeppchen"],"_links":{"self":[{"href":"https:\/\/www.malerdeck.de\/blog\/wp-json\/wp\/v2\/posts\/2056","targetHints":{"allow":["GET"]}}],"collection":[{"href":"https:\/\/www.malerdeck.de\/blog\/wp-json\/wp\/v2\/posts"}],"about":[{"href":"https:\/\/www.malerdeck.de\/blog\/wp-json\/wp\/v2\/types\/post"}],"author":[{"embeddable":true,"href":"https:\/\/www.malerdeck.de\/blog\/wp-json\/wp\/v2\/users\/2"}],"replies":[{"embeddable":true,"href":"https:\/\/www.malerdeck.de\/blog\/wp-json\/wp\/v2\/comments?post=2056"}],"version-history":[{"count":6,"href":"https:\/\/www.malerdeck.de\/blog\/wp-json\/wp\/v2\/posts\/2056\/revisions"}],"predecessor-version":[{"id":5738,"href":"https:\/\/www.malerdeck.de\/blog\/wp-json\/wp\/v2\/posts\/2056\/revisions\/5738"}],"wp:attachment":[{"href":"https:\/\/www.malerdeck.de\/blog\/wp-json\/wp\/v2\/media?parent=2056"}],"wp:term":[{"taxonomy":"category","embeddable":true,"href":"https:\/\/www.malerdeck.de\/blog\/wp-json\/wp\/v2\/categories?post=2056"},{"taxonomy":"post_tag","embeddable":true,"href":"https:\/\/www.malerdeck.de\/blog\/wp-json\/wp\/v2\/tags?post=2056"}],"curies":[{"name":"wp","href":"https:\/\/api.w.org\/{rel}","templated":true}]}}