{"id":20553,"date":"2013-12-21T17:17:48","date_gmt":"2013-12-21T15:17:48","guid":{"rendered":"http:\/\/www.malerdeck.de\/blog\/?p=20553"},"modified":"2013-12-22T07:35:07","modified_gmt":"2013-12-22T05:35:07","slug":"weihnachtsgruss-mit-dank-fuer-die-geburtstagsglueckwuensche","status":"publish","type":"post","link":"https:\/\/www.malerdeck.de\/blog\/weihnachtsgruss-mit-dank-fuer-die-geburtstagsglueckwuensche","title":{"rendered":"Weihnachtsgru\u00df mit Dank f\u00fcr die Geburtstagsgl\u00fcckw\u00fcnsche"},"content":{"rendered":"<p><a href=\"http:\/\/www.malerdeck.de\/blog\/wp-content\/uploads\/2013\/12\/Weihnachtsgru\u00df.jpg\"><img loading=\"lazy\" decoding=\"async\" class=\"alignleft  wp-image-20556\" alt=\"Weihnachtsgru\u00df\" src=\"http:\/\/www.malerdeck.de\/blog\/wp-content\/uploads\/2013\/12\/Weihnachtsgru\u00df.jpg\" width=\"90\" height=\"140\" srcset=\"https:\/\/www.malerdeck.de\/blog\/wp-content\/uploads\/2013\/12\/Weihnachtsgru\u00df.jpg 250w, https:\/\/www.malerdeck.de\/blog\/wp-content\/uploads\/2013\/12\/Weihnachtsgru\u00df-194x300.jpg 194w\" sizes=\"auto, (max-width: 90px) 100vw, 90px\" \/><\/a>Es ist sch\u00f6n zu sp\u00fcren, wie sehr sich die Menschen \u00fcber meine gereimten Geburtstagsw\u00fcnsche freuen.<\/p>\n<p><a href=\"http:\/\/www.malerdeck.de\/blog\/mundpropaganda-und-kundengewinnung-durch-gereimte-geburtstagsbriefe\" target=\"_blank\">Jeden Tag bereite ich einer Vielzahl von Menschen diese \u00fcberraschende Freude<\/a>. Auch ich freue mich \u00fcber die Reaktionen sehr.<\/p>\n<p>Dieses Dankesch\u00f6n zu Weihnachten, ist mit weiteren lieben W\u00fcnschen verbunden.<\/p>\n<div id=\"attachment_20560\" style=\"width: 562px\" class=\"wp-caption aligncenter\"><a href=\"http:\/\/www.malerdeck.de\/blog\/wp-content\/uploads\/2013\/12\/Danke-f\u00fcr-Gl\u00fcckw\u00fcnsche.jpg\"><img loading=\"lazy\" decoding=\"async\" aria-describedby=\"caption-attachment-20560\" class=\"size-full wp-image-20560\" alt=\"Danke f\u00fcr Geburtstagsw\u00fcnsche\" src=\"http:\/\/www.malerdeck.de\/blog\/wp-content\/uploads\/2013\/12\/Danke-f\u00fcr-Gl\u00fcckw\u00fcnsche.jpg\" width=\"552\" height=\"432\" srcset=\"https:\/\/www.malerdeck.de\/blog\/wp-content\/uploads\/2013\/12\/Danke-f\u00fcr-Gl\u00fcckw\u00fcnsche.jpg 552w, https:\/\/www.malerdeck.de\/blog\/wp-content\/uploads\/2013\/12\/Danke-f\u00fcr-Gl\u00fcckw\u00fcnsche-300x234.jpg 300w\" sizes=\"auto, (max-width: 552px) 100vw, 552px\" \/><\/a><p id=\"caption-attachment-20560\" class=\"wp-caption-text\">Danke f\u00fcr Geburtstagsw\u00fcnsche<\/p><\/div>\n","protected":false},"excerpt":{"rendered":"<p>Es ist sch\u00f6n zu sp\u00fcren, wie sehr sich die Menschen \u00fcber meine gereimten Geburtstagsw\u00fcnsche freuen. Jeden Tag bereite ich einer Vielzahl von Menschen diese \u00fcberraschende Freude. Auch ich freue mich \u00fcber die Reaktionen sehr. Dieses Dankesch\u00f6n zu Weihnachten, ist mit weiteren lieben W\u00fcnschen verbunden.<\/p>\n","protected":false},"author":2,"featured_media":0,"comment_status":"open","ping_status":"open","sticky":false,"template":"","format":"standard","meta":{"footnotes":""},"categories":[6,8],"tags":[239,92,169,237,167,313,510,1694],"class_list":["post-20553","post","type-post","status-publish","format-standard","hentry","category-kunden-wertschaetzung","category-kundenreaktionen","tag-freude","tag-geburtstag","tag-geburtstagsmarketing","tag-geburtstagsreim","tag-gratulation","tag-gratulation-zum-geburtstag","tag-weihnachtsgruss","tag-weihnachtsgruesse"],"_links":{"self":[{"href":"https:\/\/www.malerdeck.de\/blog\/wp-json\/wp\/v2\/posts\/20553","targetHints":{"allow":["GET"]}}],"collection":[{"href":"https:\/\/www.malerdeck.de\/blog\/wp-json\/wp\/v2\/posts"}],"about":[{"href":"https:\/\/www.malerdeck.de\/blog\/wp-json\/wp\/v2\/types\/post"}],"author":[{"embeddable":true,"href":"https:\/\/www.malerdeck.de\/blog\/wp-json\/wp\/v2\/users\/2"}],"replies":[{"embeddable":true,"href":"https:\/\/www.malerdeck.de\/blog\/wp-json\/wp\/v2\/comments?post=20553"}],"version-history":[{"count":4,"href":"https:\/\/www.malerdeck.de\/blog\/wp-json\/wp\/v2\/posts\/20553\/revisions"}],"predecessor-version":[{"id":20561,"href":"https:\/\/www.malerdeck.de\/blog\/wp-json\/wp\/v2\/posts\/20553\/revisions\/20561"}],"wp:attachment":[{"href":"https:\/\/www.malerdeck.de\/blog\/wp-json\/wp\/v2\/media?parent=20553"}],"wp:term":[{"taxonomy":"category","embeddable":true,"href":"https:\/\/www.malerdeck.de\/blog\/wp-json\/wp\/v2\/categories?post=20553"},{"taxonomy":"post_tag","embeddable":true,"href":"https:\/\/www.malerdeck.de\/blog\/wp-json\/wp\/v2\/tags?post=20553"}],"curies":[{"name":"wp","href":"https:\/\/api.w.org\/{rel}","templated":true}]}}