{"id":20380,"date":"2013-12-06T07:12:50","date_gmt":"2013-12-06T05:12:50","guid":{"rendered":"http:\/\/www.malerdeck.de\/blog\/?p=20380"},"modified":"2013-12-08T09:46:20","modified_gmt":"2013-12-08T07:46:20","slug":"social-media-47-115-kontakte-fuer-meine-persoenliche-weiterentwicklung-und-allgemeine-horizonterweiterung","status":"publish","type":"post","link":"https:\/\/www.malerdeck.de\/blog\/social-media-47-115-kontakte-fuer-meine-persoenliche-weiterentwicklung-und-allgemeine-horizonterweiterung","title":{"rendered":"Social Media: 47.115 Kontakte. F\u00fcr meine pers\u00f6nliche Weiterentwicklung und allgemeine Horizonterweiterung"},"content":{"rendered":"<h2 style=\"text-align: center;\">Social Media ist f\u00fcr mich keine Einbahnstra\u00dfe!<\/h2>\n<div id=\"attachment_20397\" style=\"width: 170px\" class=\"wp-caption alignleft\"><a href=\"http:\/\/www.malerdeck.de\/blog\/wp-content\/uploads\/2013\/12\/Twitter-Konto.jpg\"><img loading=\"lazy\" decoding=\"async\" aria-describedby=\"caption-attachment-20397\" class=\"size-full wp-image-20397\" alt=\"Vier Twitter Konten\" src=\"http:\/\/www.malerdeck.de\/blog\/wp-content\/uploads\/2013\/12\/Twitter-Konto.jpg\" width=\"160\" height=\"82\" \/><\/a><p id=\"caption-attachment-20397\" class=\"wp-caption-text\">Vier Twitter Konten<\/p><\/div>\n<p>Heute hat mich einmal interessiert, mit wievielen Menschen ich im Bereich Social Media auf den unterschiedlichen Kan\u00e4len vernetzt bin.<\/p>\n<p>Da ist ja ganz schon was zusammengekommen, seit ich Anfang 2010 mit Social Media begann.<\/p>\n<p>In diesen Social Media Kan\u00e4len bin ich aktiv:<\/p>\n<div id=\"attachment_20403\" style=\"width: 229px\" class=\"wp-caption aligncenter\"><a href=\"http:\/\/www.malerdeck.de\/blog\/wp-content\/uploads\/2013\/12\/Social-Media-Kan\u00e4le.jpg\"><img loading=\"lazy\" decoding=\"async\" aria-describedby=\"caption-attachment-20403\" class=\"size-full wp-image-20403\" alt=\"Social Media Kan\u00e4le\" src=\"http:\/\/www.malerdeck.de\/blog\/wp-content\/uploads\/2013\/12\/Social-Media-Kan\u00e4le.jpg\" width=\"219\" height=\"168\" \/><\/a><p id=\"caption-attachment-20403\" class=\"wp-caption-text\">Social Media Kan\u00e4le<\/p><\/div>\n<div id=\"attachment_20404\" style=\"width: 562px\" class=\"wp-caption aligncenter\"><a href=\"http:\/\/www.malerdeck.de\/blog\/wp-content\/uploads\/2013\/12\/Kontakte-Social-media-gesamt.jpg\"><img loading=\"lazy\" decoding=\"async\" aria-describedby=\"caption-attachment-20404\" class=\"size-full wp-image-20404\" alt=\"ddd\" src=\"http:\/\/www.malerdeck.de\/blog\/wp-content\/uploads\/2013\/12\/Kontakte-Social-media-gesamt.jpg\" width=\"552\" height=\"308\" srcset=\"https:\/\/www.malerdeck.de\/blog\/wp-content\/uploads\/2013\/12\/Kontakte-Social-media-gesamt.jpg 552w, https:\/\/www.malerdeck.de\/blog\/wp-content\/uploads\/2013\/12\/Kontakte-Social-media-gesamt-300x167.jpg 300w\" sizes=\"auto, (max-width: 552px) 100vw, 552px\" \/><\/a><p id=\"caption-attachment-20404\" class=\"wp-caption-text\">Kontanke in Social Media<\/p><\/div>\n<p style=\"text-align: justify;\"><a href=\"http:\/\/www.malerdeck.de\/blog\/wp-content\/uploads\/2013\/12\/Werner-Deck-Social-Media.jpg\"><img loading=\"lazy\" decoding=\"async\" class=\"size-full wp-image-20414 alignleft\" alt=\"Werner Deck Social Media\" src=\"http:\/\/www.malerdeck.de\/blog\/wp-content\/uploads\/2013\/12\/Werner-Deck-Social-Media.jpg\" width=\"110\" height=\"167\" srcset=\"https:\/\/www.malerdeck.de\/blog\/wp-content\/uploads\/2013\/12\/Werner-Deck-Social-Media.jpg 214w, https:\/\/www.malerdeck.de\/blog\/wp-content\/uploads\/2013\/12\/Werner-Deck-Social-Media-198x300.jpg 198w\" sizes=\"auto, (max-width: 110px) 100vw, 110px\" \/><\/a><strong>Social Media ist keine Einbahnstra\u00dfe.<\/strong> Aus den Tweets und Posts meiner Kontakte gewann ich viele wertvolle Informationen und Erkenntnisse, die ich ohne Social Media in dieser Form nie erhalten h\u00e4tte.<\/p>\n<p style=\"text-align: justify;\">Zus\u00e4tzlich ergaben sich dadurch eininge sehr interessante pers\u00f6nliche Kontakte, die zu diversen Aktivit\u00e4ten f\u00fchrten.<\/p>\n<p style=\"text-align: justify;\">Social Media ist f\u00fcr mich deshalb auch ein Instrument zur pers\u00f6nlichen Weiterentwicklung und allgemeinen Horizonterweiterung, immer spannend und hilfreich!<\/p>\n","protected":false},"excerpt":{"rendered":"<p>Social Media ist f\u00fcr mich keine Einbahnstra\u00dfe! Heute hat mich einmal interessiert, mit wievielen Menschen ich im Bereich Social Media auf den unterschiedlichen Kan\u00e4len vernetzt bin. Da ist ja ganz schon was zusammengekommen, seit ich Anfang 2010 mit Social Media begann. In diesen Social Media Kan\u00e4len bin ich aktiv: Social Media ist keine Einbahnstra\u00dfe. Aus [&hellip;]<\/p>\n","protected":false},"author":2,"featured_media":0,"comment_status":"open","ping_status":"open","sticky":false,"template":"","format":"standard","meta":{"footnotes":""},"categories":[22],"tags":[733,2950,2520],"class_list":["post-20380","post","type-post","status-publish","format-standard","hentry","category-social-media","tag-kontakte","tag-social-media","tag-weiterentwicklung"],"_links":{"self":[{"href":"https:\/\/www.malerdeck.de\/blog\/wp-json\/wp\/v2\/posts\/20380","targetHints":{"allow":["GET"]}}],"collection":[{"href":"https:\/\/www.malerdeck.de\/blog\/wp-json\/wp\/v2\/posts"}],"about":[{"href":"https:\/\/www.malerdeck.de\/blog\/wp-json\/wp\/v2\/types\/post"}],"author":[{"embeddable":true,"href":"https:\/\/www.malerdeck.de\/blog\/wp-json\/wp\/v2\/users\/2"}],"replies":[{"embeddable":true,"href":"https:\/\/www.malerdeck.de\/blog\/wp-json\/wp\/v2\/comments?post=20380"}],"version-history":[{"count":30,"href":"https:\/\/www.malerdeck.de\/blog\/wp-json\/wp\/v2\/posts\/20380\/revisions"}],"predecessor-version":[{"id":20447,"href":"https:\/\/www.malerdeck.de\/blog\/wp-json\/wp\/v2\/posts\/20380\/revisions\/20447"}],"wp:attachment":[{"href":"https:\/\/www.malerdeck.de\/blog\/wp-json\/wp\/v2\/media?parent=20380"}],"wp:term":[{"taxonomy":"category","embeddable":true,"href":"https:\/\/www.malerdeck.de\/blog\/wp-json\/wp\/v2\/categories?post=20380"},{"taxonomy":"post_tag","embeddable":true,"href":"https:\/\/www.malerdeck.de\/blog\/wp-json\/wp\/v2\/tags?post=20380"}],"curies":[{"name":"wp","href":"https:\/\/api.w.org\/{rel}","templated":true}]}}