{"id":20253,"date":"2013-11-29T09:58:40","date_gmt":"2013-11-29T07:58:40","guid":{"rendered":"http:\/\/www.malerdeck.de\/blog\/?p=20253"},"modified":"2013-11-29T10:06:31","modified_gmt":"2013-11-29T08:06:31","slug":"mein-erstes-drehbuch-drehtermin-mit-datev-magazin-tv-am-naechsten-dienstag-heute-das-drehbuch-erhalten","status":"publish","type":"post","link":"https:\/\/www.malerdeck.de\/blog\/mein-erstes-drehbuch-drehtermin-mit-datev-magazin-tv-am-naechsten-dienstag-heute-das-drehbuch-erhalten","title":{"rendered":"Mein erstes Drehbuch. Drehtermin mit DATEV magazin.tv am n\u00e4chsten Dienstag. Heute das Drehbuch erhalten"},"content":{"rendered":"<p>Vor ein paar Tagen schrieb ich \u00fcber den <a href=\"http:\/\/www.malerdeck.de\/blog\/drehtermin-mit-datev-magazin-tv-thema-social-media\" target=\"_blank\">bevorstehenden Drehtermin f\u00fcr DATEV magazin.tv<\/a>. F\u00fcr den Dreh hat sich jetzt ein Team von Burda Media angek\u00fcndigt.<\/p>\n<div id=\"attachment_20254\" style=\"width: 553px\" class=\"wp-caption aligncenter\"><a href=\"http:\/\/www.malerdeck.de\/blog\/wp-content\/uploads\/2013\/11\/Burda-Media-Termin-Drehbuch.jpg\"><img loading=\"lazy\" decoding=\"async\" aria-describedby=\"caption-attachment-20254\" class=\"size-full wp-image-20254\" alt=\"Drehtermin am kommenden Dienstag\" src=\"http:\/\/www.malerdeck.de\/blog\/wp-content\/uploads\/2013\/11\/Burda-Media-Termin-Drehbuch.jpg\" width=\"543\" height=\"483\" srcset=\"https:\/\/www.malerdeck.de\/blog\/wp-content\/uploads\/2013\/11\/Burda-Media-Termin-Drehbuch.jpg 543w, https:\/\/www.malerdeck.de\/blog\/wp-content\/uploads\/2013\/11\/Burda-Media-Termin-Drehbuch-300x266.jpg 300w\" sizes=\"auto, (max-width: 543px) 100vw, 543px\" \/><\/a><p id=\"caption-attachment-20254\" class=\"wp-caption-text\">Drehtermin am kommenden Dienstag<\/p><\/div>\n<p>Gleichzeitig erhielt ich mein erstes Drehbuch :-). Ganz sch\u00f6n aufw\u00e4ndig, drei Stunden Dreharbeiten, f\u00fcr\u00a0 einen Beitrag von 2 Minuten und 33 Sekunden oder?<\/p>\n<p>Auf jeden Fall spannend und ein Drehbuch hatte ich bisher auch noch nie zu lesen. \ud83d\ude09<\/p>\n<div id=\"attachment_20255\" style=\"width: 562px\" class=\"wp-caption aligncenter\"><a href=\"http:\/\/www.malerdeck.de\/blog\/wp-content\/uploads\/2013\/11\/Drehbuch-1.jpg\"><img loading=\"lazy\" decoding=\"async\" aria-describedby=\"caption-attachment-20255\" class=\"size-full wp-image-20255\" alt=\"Drehbuch f\u00fcr DATEV tv\" src=\"http:\/\/www.malerdeck.de\/blog\/wp-content\/uploads\/2013\/11\/Drehbuch-1.jpg\" width=\"552\" height=\"372\" srcset=\"https:\/\/www.malerdeck.de\/blog\/wp-content\/uploads\/2013\/11\/Drehbuch-1.jpg 552w, https:\/\/www.malerdeck.de\/blog\/wp-content\/uploads\/2013\/11\/Drehbuch-1-300x202.jpg 300w\" sizes=\"auto, (max-width: 552px) 100vw, 552px\" \/><\/a><p id=\"caption-attachment-20255\" class=\"wp-caption-text\">Drehbuch f\u00fcr DATEV magazin.tv, Seite 1<\/p><\/div>\n<div id=\"attachment_20257\" style=\"width: 562px\" class=\"wp-caption aligncenter\"><a href=\"http:\/\/www.malerdeck.de\/blog\/wp-content\/uploads\/2013\/11\/Drehbuch-2.jpg\"><img loading=\"lazy\" decoding=\"async\" aria-describedby=\"caption-attachment-20257\" class=\"size-full wp-image-20257\" alt=\"Drehbuch f\u00fcr DATEV magazin.tv, Seite 2\" src=\"http:\/\/www.malerdeck.de\/blog\/wp-content\/uploads\/2013\/11\/Drehbuch-2.jpg\" width=\"552\" height=\"371\" srcset=\"https:\/\/www.malerdeck.de\/blog\/wp-content\/uploads\/2013\/11\/Drehbuch-2.jpg 552w, https:\/\/www.malerdeck.de\/blog\/wp-content\/uploads\/2013\/11\/Drehbuch-2-300x201.jpg 300w\" sizes=\"auto, (max-width: 552px) 100vw, 552px\" \/><\/a><p id=\"caption-attachment-20257\" class=\"wp-caption-text\">Drehbuch f\u00fcr DATEV magazin.tv, Seite 2<\/p><\/div>\n<div id=\"attachment_20258\" style=\"width: 562px\" class=\"wp-caption aligncenter\"><a href=\"http:\/\/www.malerdeck.de\/blog\/wp-content\/uploads\/2013\/11\/Drehbuch-3.jpg\"><img loading=\"lazy\" decoding=\"async\" aria-describedby=\"caption-attachment-20258\" class=\"size-full wp-image-20258\" alt=\"Drehbuch f\u00fcr DATEV magazin.tv, Seite 3\" src=\"http:\/\/www.malerdeck.de\/blog\/wp-content\/uploads\/2013\/11\/Drehbuch-3.jpg\" width=\"552\" height=\"372\" srcset=\"https:\/\/www.malerdeck.de\/blog\/wp-content\/uploads\/2013\/11\/Drehbuch-3.jpg 552w, https:\/\/www.malerdeck.de\/blog\/wp-content\/uploads\/2013\/11\/Drehbuch-3-300x202.jpg 300w\" sizes=\"auto, (max-width: 552px) 100vw, 552px\" \/><\/a><p id=\"caption-attachment-20258\" class=\"wp-caption-text\">Drehbuch f\u00fcr DATEV magazin.tv, Seite 3<\/p><\/div>\n","protected":false},"excerpt":{"rendered":"<p>Vor ein paar Tagen schrieb ich \u00fcber den bevorstehenden Drehtermin f\u00fcr DATEV magazin.tv. F\u00fcr den Dreh hat sich jetzt ein Team von Burda Media angek\u00fcndigt. Gleichzeitig erhielt ich mein erstes Drehbuch :-). Ganz sch\u00f6n aufw\u00e4ndig, drei Stunden Dreharbeiten, f\u00fcr\u00a0 einen Beitrag von 2 Minuten und 33 Sekunden oder? Auf jeden Fall spannend und ein Drehbuch [&hellip;]<\/p>\n","protected":false},"author":2,"featured_media":0,"comment_status":"open","ping_status":"open","sticky":false,"template":"","format":"standard","meta":{"footnotes":""},"categories":[22],"tags":[1306,2500,2499,56,2502,2498],"class_list":["post-20253","post","type-post","status-publish","format-standard","hentry","category-social-media","tag-artikel-interview","tag-aufnahme","tag-film","tag-interview","tag-recruiting","tag-videodreh"],"_links":{"self":[{"href":"https:\/\/www.malerdeck.de\/blog\/wp-json\/wp\/v2\/posts\/20253","targetHints":{"allow":["GET"]}}],"collection":[{"href":"https:\/\/www.malerdeck.de\/blog\/wp-json\/wp\/v2\/posts"}],"about":[{"href":"https:\/\/www.malerdeck.de\/blog\/wp-json\/wp\/v2\/types\/post"}],"author":[{"embeddable":true,"href":"https:\/\/www.malerdeck.de\/blog\/wp-json\/wp\/v2\/users\/2"}],"replies":[{"embeddable":true,"href":"https:\/\/www.malerdeck.de\/blog\/wp-json\/wp\/v2\/comments?post=20253"}],"version-history":[{"count":6,"href":"https:\/\/www.malerdeck.de\/blog\/wp-json\/wp\/v2\/posts\/20253\/revisions"}],"predecessor-version":[{"id":20263,"href":"https:\/\/www.malerdeck.de\/blog\/wp-json\/wp\/v2\/posts\/20253\/revisions\/20263"}],"wp:attachment":[{"href":"https:\/\/www.malerdeck.de\/blog\/wp-json\/wp\/v2\/media?parent=20253"}],"wp:term":[{"taxonomy":"category","embeddable":true,"href":"https:\/\/www.malerdeck.de\/blog\/wp-json\/wp\/v2\/categories?post=20253"},{"taxonomy":"post_tag","embeddable":true,"href":"https:\/\/www.malerdeck.de\/blog\/wp-json\/wp\/v2\/tags?post=20253"}],"curies":[{"name":"wp","href":"https:\/\/api.w.org\/{rel}","templated":true}]}}