{"id":19465,"date":"2013-10-09T12:58:08","date_gmt":"2013-10-09T10:58:08","guid":{"rendered":"http:\/\/www.malerdeck.de\/blog\/?p=19465"},"modified":"2013-10-09T12:58:08","modified_gmt":"2013-10-09T10:58:08","slug":"die-probleme-werden-noch-deutlich-groesser-wenn-einmal-der-wurm-drin-ist","status":"publish","type":"post","link":"https:\/\/www.malerdeck.de\/blog\/die-probleme-werden-noch-deutlich-groesser-wenn-einmal-der-wurm-drin-ist","title":{"rendered":"Die Probleme werden noch deutlich gr\u00f6\u00dfer. Wenn einmal der Wurm drin ist&#8230;"},"content":{"rendered":"<p style=\"text-align: justify;\"><a href=\"http:\/\/www.malerdeck.de\/blog\/auch-bei-malerdeck-laeuft-nicht-immer-alles-wunderbar-rund-und-nach-plan\" target=\"_blank\">Gestern berichtete ich \u00fcber unsere aktuellen Probleme<\/a>, die durch krankheitsbedingte Mitarbeiterausf\u00e4lle entstanden. Als w\u00fcrde das nicht schon reichen, tat sich heute Morgen ein neues gro\u00dfes Problem auf.<\/p>\n<p style=\"text-align: justify;\">Wir renovieren in einem Haus, streichen dort u.a. K\u00fcche, Wohnzimmer, Studio und Schlafzimmer und verlegen z.T. neu B\u00f6den. Fertigstellung sollte am Freitag dieser Woche sein. Jetzt stellt sich heraus, nachdem gestern das Schlafzimmer gestrichen wurde, dass der Anstrich von der Rauhfasertapete bl\u00e4ttert.<\/p>\n<div id=\"attachment_15037\" style=\"width: 221px\" class=\"wp-caption alignleft\"><a href=\"http:\/\/www.malerdeck.de\/blog\/wp-content\/uploads\/2013\/05\/Werner-Deck-verzweifelt.jpg\"><img loading=\"lazy\" decoding=\"async\" aria-describedby=\"caption-attachment-15037\" class=\"size-full wp-image-15037\" alt=\"Krise?\" src=\"http:\/\/www.malerdeck.de\/blog\/wp-content\/uploads\/2013\/05\/Werner-Deck-verzweifelt.jpg\" width=\"211\" height=\"151\" srcset=\"https:\/\/www.malerdeck.de\/blog\/wp-content\/uploads\/2013\/05\/Werner-Deck-verzweifelt.jpg 369w, https:\/\/www.malerdeck.de\/blog\/wp-content\/uploads\/2013\/05\/Werner-Deck-verzweifelt-300x216.jpg 300w\" sizes=\"auto, (max-width: 211px) 100vw, 211px\" \/><\/a><p id=\"caption-attachment-15037\" class=\"wp-caption-text\">Hoffentlich wird das bald wieder besser<\/p><\/div>\n<p style=\"text-align: justify;\">Heute Morgen den Schaden besichtigt. Ergebnis meiner Untersuchung: Offensichtlich ist der Erstanstrich der Rauhfasertapete (Ende der 80-er Jahre) mit einer sehr minderwertigen Dispersionsfarbe ausgef\u00fchrt worden. Danach wurde noch mindestens zwei Mal \u00fcberstrichen. Bei meiner seinerzeitigen Besichtigung pr\u00fcfte ich haptisch und optisch die Oberfl\u00e4che, ohne etwas &#8222;verd\u00e4chtiges&#8220; festzustellen.<\/p>\n<p style=\"text-align: justify;\">Beim jetztigen \u00dcberstreichen kam es nun zum endg\u00fcltigen &#8222;Bruch&#8220;. Durch die Durchweichung der bisherigen Farbschichten und die bei der Trocknung auftretende Spannung, l\u00f6ste sich die &#8222;Billigfarbe&#8220; von der Rauhfasertapete teilweise ab. Beim Kundengespr\u00e4ch stellte sich heraus, es war damals eine Farbe aus dem Baumarkt!<\/p>\n<p style=\"text-align: justify;\">Was ist zu tun? Die Rauhfasertapete an den Decken und W\u00e4nden von K\u00fcche, Wohnzimmer, Studio und Schlafzimmer, muss entfernt und neu tapeziert werden. Das bedeutet:<\/p>\n<ol>\n<li>Zus\u00e4tzlicher Kostenaufwand f\u00fcr den Kunden, der dar\u00fcber nat\u00fcrlich nicht erfreut ist.<\/li>\n<li>Zus\u00e4tzlicher (nicht geplanter) Zeitaufwand f\u00fcr uns, von mindestens drei bis vier Tagen.<\/li>\n<li>Weiter Terminabsage an Kunden, bei denen wir aus Gr\u00fcnden 3. nicht antreten k\u00f6nnen.<\/li>\n<\/ol>\n<p>Keine besonders erquickliche Situation, momentan.\u00a0 \ud83d\ude41 Aber was will man machen? Augen zu und durch!<\/p>\n","protected":false},"excerpt":{"rendered":"<p>Gestern berichtete ich \u00fcber unsere aktuellen Probleme, die durch krankheitsbedingte Mitarbeiterausf\u00e4lle entstanden. Als w\u00fcrde das nicht schon reichen, tat sich heute Morgen ein neues gro\u00dfes Problem auf. Wir renovieren in einem Haus, streichen dort u.a. K\u00fcche, Wohnzimmer, Studio und Schlafzimmer und verlegen z.T. neu B\u00f6den. Fertigstellung sollte am Freitag dieser Woche sein. Jetzt stellt sich [&hellip;]<\/p>\n","protected":false},"author":2,"featured_media":0,"comment_status":"open","ping_status":"open","sticky":false,"template":"","format":"standard","meta":{"footnotes":""},"categories":[8,17],"tags":[1299,2195,2948,1889,2423,2422],"class_list":["post-19465","post","type-post","status-publish","format-standard","hentry","category-kundenreaktionen","category-strategie","tag-aerger","tag-krank","tag-mitarbeiter","tag-problem","tag-rund","tag-unrund"],"_links":{"self":[{"href":"https:\/\/www.malerdeck.de\/blog\/wp-json\/wp\/v2\/posts\/19465","targetHints":{"allow":["GET"]}}],"collection":[{"href":"https:\/\/www.malerdeck.de\/blog\/wp-json\/wp\/v2\/posts"}],"about":[{"href":"https:\/\/www.malerdeck.de\/blog\/wp-json\/wp\/v2\/types\/post"}],"author":[{"embeddable":true,"href":"https:\/\/www.malerdeck.de\/blog\/wp-json\/wp\/v2\/users\/2"}],"replies":[{"embeddable":true,"href":"https:\/\/www.malerdeck.de\/blog\/wp-json\/wp\/v2\/comments?post=19465"}],"version-history":[{"count":6,"href":"https:\/\/www.malerdeck.de\/blog\/wp-json\/wp\/v2\/posts\/19465\/revisions"}],"predecessor-version":[{"id":19471,"href":"https:\/\/www.malerdeck.de\/blog\/wp-json\/wp\/v2\/posts\/19465\/revisions\/19471"}],"wp:attachment":[{"href":"https:\/\/www.malerdeck.de\/blog\/wp-json\/wp\/v2\/media?parent=19465"}],"wp:term":[{"taxonomy":"category","embeddable":true,"href":"https:\/\/www.malerdeck.de\/blog\/wp-json\/wp\/v2\/categories?post=19465"},{"taxonomy":"post_tag","embeddable":true,"href":"https:\/\/www.malerdeck.de\/blog\/wp-json\/wp\/v2\/tags?post=19465"}],"curies":[{"name":"wp","href":"https:\/\/api.w.org\/{rel}","templated":true}]}}