{"id":19383,"date":"2011-07-07T10:47:16","date_gmt":"2011-07-07T08:47:16","guid":{"rendered":"http:\/\/www.malerdeck.de\/blog\/?p=19383"},"modified":"2014-08-14T12:48:10","modified_gmt":"2014-08-14T10:48:10","slug":"lehrstellenbewerber-sagt-vorstellungstermin-wegen-spontaner-verhinderung-ab","status":"publish","type":"post","link":"https:\/\/www.malerdeck.de\/blog\/lehrstellenbewerber-sagt-vorstellungstermin-wegen-spontaner-verhinderung-ab","title":{"rendered":"Lehrstellenbewerber sagt Vorstellungstermin wegen \u201cspontaner Verhinderung\u201d ab"},"content":{"rendered":"<p style=\"text-align: justify;\">Gestern <a href=\"http:\/\/www.malerdeck.de\/blog\/lehrstellenbewerber-kommt-nicht-zum-vorstellungsgespraech\" target=\"_blank\">kam ein Lehrstellenbewerber nicht <\/a>zum vereinbarten Vorstellungsgespr\u00e4ch. Also riefen wir gestern noch einen \u201cNachr\u00fccker\u201d an. Dieser \u2013 so meine Sekret\u00e4rin \u2013 war hocherfreut und versprach, heute p\u00fcnktlich um 16 Uhr zum Vorstellungsgespr\u00e4ch da zu sein.<\/p>\n<p style=\"text-align: justify;\">Heute vormittag\u00a0kam nun diese Email:<\/p>\n<div id=\"attachment_19384\" style=\"width: 515px\" class=\"wp-caption aligncenter\"><a href=\"http:\/\/www.malerdeck.de\/blog\/wp-content\/uploads\/2013\/10\/Bewerbung-Vorstellungsgespr\u00e4ch.jpg\"><img loading=\"lazy\" decoding=\"async\" aria-describedby=\"caption-attachment-19384\" class=\"size-full wp-image-19384\" src=\"http:\/\/www.malerdeck.de\/blog\/wp-content\/uploads\/2013\/10\/Bewerbung-Vorstellungsgespr\u00e4ch.jpg\" alt=\"Absage wegen \u201cspontaner Verhinderung\u201d\" width=\"505\" height=\"334\" srcset=\"https:\/\/www.malerdeck.de\/blog\/wp-content\/uploads\/2013\/10\/Bewerbung-Vorstellungsgespr\u00e4ch.jpg 505w, https:\/\/www.malerdeck.de\/blog\/wp-content\/uploads\/2013\/10\/Bewerbung-Vorstellungsgespr\u00e4ch-300x198.jpg 300w\" sizes=\"auto, (max-width: 505px) 100vw, 505px\" \/><\/a><p id=\"caption-attachment-19384\" class=\"wp-caption-text\">Absage wegen \u201cspontaner Verhinderung\u201d<\/p><\/div>\n<p>Der Gute ist \u201cspontan verhindert\u201d.\u00a0Was ein Gl\u00fcck, dass er n\u00e4chste Woche nicht mehr zeitlich eingeschr\u00e4nkt ist!<\/p>\n<p>Was geht mir da spontan alles durch den Kopf:<\/p>\n<ul>\n<li>Geht\u00b4s noch?<\/li>\n<li>Warum ruft der nicht an?<\/li>\n<li>Was ist noch wichtiger, als die Chance, eine Lehrstelle zu erhalten?<\/li>\n<li>Was ist eine \u201cspontane Verhinderung\u201d und warum dauert die die ganze Woche noch an?<\/li>\n<li>Soll ich dem tats\u00e4chlich noch eine neue Chance geben?<\/li>\n<li>Oder lade ich den n\u00e4chsten, weitaus schlechteren, \u201cNachr\u00fccker\u201d ein?<\/li>\n<\/ul>\n<p>Wobei meine Sekret\u00e4rin sich schon entschieden hat. Frau Vogelmann w\u00fcrde dem Bewerber keinen neuen Termin geben und es in diesem Jahr bei einem Lehrling, der schon einen Ausbildungsvertrag hat,\u00a0belassen.<\/p>\n<p>Wie w\u00fcrden Sie entscheiden?<\/p>\n<p><strong>Erg\u00e4nzung am 13. Juli:<\/strong><\/p>\n<p>Am Freitag, 8. Juli, lud ich den Bewerber erneut per Mail zum Vorstellungsgespr\u00e4ch f\u00fcr Montag, 11. Juli, ein. Bewerber best\u00e4tigte umgehend per Mail und freut sich auf das Vorstellungsgespr\u00e4ch.<\/p>\n<p>Montag, 11. Juli: Eine Stunde vor dem Gespr\u00e4chstermin, sagt der Bewerber per Mail ab. Er habe die Lehrstellenzusage eines anderen Betriebs.<\/p>\n<p>Das kann ich glauben oder auch nicht!<\/p>\n<p>Also luden wir\u00a0einen \u201cNachr\u00fccker\u201d ein. Und es kam noch Schlimmer. <a href=\"http:\/\/www.malerdeck.de\/blog\/die-unglaubliche-odyssee-dummheit-eines-lehrstellenbewerbers\" target=\"_blank\">Lesen Sie hier<\/a>!<\/p>\n","protected":false},"excerpt":{"rendered":"<p>Gestern kam ein Lehrstellenbewerber nicht zum vereinbarten Vorstellungsgespr\u00e4ch. Also riefen wir gestern noch einen \u201cNachr\u00fccker\u201d an. Dieser \u2013 so meine Sekret\u00e4rin \u2013 war hocherfreut und versprach, heute p\u00fcnktlich um 16 Uhr zum Vorstellungsgespr\u00e4ch da zu sein. Heute vormittag\u00a0kam nun diese Email: Der Gute ist \u201cspontan verhindert\u201d.\u00a0Was ein Gl\u00fcck, dass er n\u00e4chste Woche nicht mehr zeitlich [&hellip;]<\/p>\n","protected":false},"author":2,"featured_media":0,"comment_status":"open","ping_status":"open","sticky":false,"template":"","format":"standard","meta":{"footnotes":""},"categories":[10,14],"tags":[34,613,2356,2743,1122],"class_list":["post-19383","post","type-post","status-publish","format-standard","hentry","category-lehrlinge","category-schraeges","tag-azubi","tag-bewerbung","tag-dummheit","tag-lehrlingsbewerbung","tag-vorstellungsgespraech"],"_links":{"self":[{"href":"https:\/\/www.malerdeck.de\/blog\/wp-json\/wp\/v2\/posts\/19383","targetHints":{"allow":["GET"]}}],"collection":[{"href":"https:\/\/www.malerdeck.de\/blog\/wp-json\/wp\/v2\/posts"}],"about":[{"href":"https:\/\/www.malerdeck.de\/blog\/wp-json\/wp\/v2\/types\/post"}],"author":[{"embeddable":true,"href":"https:\/\/www.malerdeck.de\/blog\/wp-json\/wp\/v2\/users\/2"}],"replies":[{"embeddable":true,"href":"https:\/\/www.malerdeck.de\/blog\/wp-json\/wp\/v2\/comments?post=19383"}],"version-history":[{"count":3,"href":"https:\/\/www.malerdeck.de\/blog\/wp-json\/wp\/v2\/posts\/19383\/revisions"}],"predecessor-version":[{"id":24251,"href":"https:\/\/www.malerdeck.de\/blog\/wp-json\/wp\/v2\/posts\/19383\/revisions\/24251"}],"wp:attachment":[{"href":"https:\/\/www.malerdeck.de\/blog\/wp-json\/wp\/v2\/media?parent=19383"}],"wp:term":[{"taxonomy":"category","embeddable":true,"href":"https:\/\/www.malerdeck.de\/blog\/wp-json\/wp\/v2\/categories?post=19383"},{"taxonomy":"post_tag","embeddable":true,"href":"https:\/\/www.malerdeck.de\/blog\/wp-json\/wp\/v2\/tags?post=19383"}],"curies":[{"name":"wp","href":"https:\/\/api.w.org\/{rel}","templated":true}]}}