{"id":1877,"date":"2011-11-19T17:10:18","date_gmt":"2011-11-19T15:10:18","guid":{"rendered":"http:\/\/www.malerdeck.de\/blog\/?p=1877"},"modified":"2011-11-19T17:12:15","modified_gmt":"2011-11-19T15:12:15","slug":"gestern-abend-noch-beim-einchecken-und-heute-morgen-in-brasilien-sao-paulo","status":"publish","type":"post","link":"https:\/\/www.malerdeck.de\/blog\/gestern-abend-noch-beim-einchecken-und-heute-morgen-in-brasilien-sao-paulo","title":{"rendered":"Gestern Abend noch beim Einchecken in Frankfurt und heute morgen in Brasilien, Sao Paulo"},"content":{"rendered":"<div class=\"mceTemp mceIEcenter\" style=\"text-align: center;\">\n<dl id=\"attachment_1878\" class=\"wp-caption aligncenter\" style=\"width: 552px;\">\n<dt class=\"wp-caption-dt\"><a href=\"http:\/\/www.malerdeck.de\/blog\/wp-content\/uploads\/2011\/11\/181120111220.jpg\"><img loading=\"lazy\" decoding=\"async\" class=\"size-full wp-image-1878\" title=\"181120111220\" src=\"http:\/\/www.malerdeck.de\/blog\/wp-content\/uploads\/2011\/11\/181120111220.jpg\" alt=\"\" width=\"542\" height=\"305\" srcset=\"https:\/\/www.malerdeck.de\/blog\/wp-content\/uploads\/2011\/11\/181120111220.jpg 542w, https:\/\/www.malerdeck.de\/blog\/wp-content\/uploads\/2011\/11\/181120111220-300x168.jpg 300w\" sizes=\"auto, (max-width: 542px) 100vw, 542px\" \/><\/a><\/dt>\n<dd class=\"wp-caption-dd\">Geflogen sind wir mit der TAM, der brasilianischen &#8222;Lufthansa&#8220;<\/dd>\n<\/dl>\n<\/div>\n<div class=\"mceTemp mceIEcenter\" style=\"text-align: center;\">\n<dl id=\"attachment_1880\" class=\"wp-caption aligncenter\" style=\"width: 552px;\">\n<dt class=\"wp-caption-dt\"><a href=\"http:\/\/www.malerdeck.de\/blog\/wp-content\/uploads\/2011\/11\/191120111224.jpg\"><img loading=\"lazy\" decoding=\"async\" class=\"size-full wp-image-1880\" title=\"191120111224\" src=\"http:\/\/www.malerdeck.de\/blog\/wp-content\/uploads\/2011\/11\/191120111224.jpg\" alt=\"\" width=\"542\" height=\"679\" srcset=\"https:\/\/www.malerdeck.de\/blog\/wp-content\/uploads\/2011\/11\/191120111224.jpg 542w, https:\/\/www.malerdeck.de\/blog\/wp-content\/uploads\/2011\/11\/191120111224-239x300.jpg 239w\" sizes=\"auto, (max-width: 542px) 100vw, 542px\" \/><\/a><\/dt>\n<dd class=\"wp-caption-dd\">Der herzliche Empfang, im Haus unserer Freunde, Maria und Peter<\/dd>\n<\/dl>\n<\/div>\n<p>Unser Flieger landete heute Morgen, Ortszeit 5:15 Uhr, in Sao Paulo. Und Peter musste ganz sch\u00f6n fr\u00fch aufstehen, um uns abzuholen. Die Fahrt vom Haus zum Flughafen dauert n\u00e4mlich mindestens eine Stunde!<\/p>\n<p>Zuerst fr\u00fchst\u00fcckten wir alle vier gemeinsam. Die knapp 12 Flugstunden sitzen einem schon etwas in den Knochen. Deshalb machten wir anschlie\u00dfend ein Bettruhepause von zwei Stunden. Und schon geht es einem wieder besser.<\/p>\n<div class=\"mceTemp mceIEcenter\" style=\"text-align: center;\">\n<dl id=\"attachment_1879\" class=\"wp-caption aligncenter\" style=\"width: 552px;\">\n<dt class=\"wp-caption-dt\"><a href=\"http:\/\/www.malerdeck.de\/blog\/wp-content\/uploads\/2011\/11\/191120111227.jpg\"><img loading=\"lazy\" decoding=\"async\" class=\"size-full wp-image-1879\" title=\"191120111227\" src=\"http:\/\/www.malerdeck.de\/blog\/wp-content\/uploads\/2011\/11\/191120111227.jpg\" alt=\"\" width=\"542\" height=\"305\" srcset=\"https:\/\/www.malerdeck.de\/blog\/wp-content\/uploads\/2011\/11\/191120111227.jpg 542w, https:\/\/www.malerdeck.de\/blog\/wp-content\/uploads\/2011\/11\/191120111227-300x168.jpg 300w\" sizes=\"auto, (max-width: 542px) 100vw, 542px\" \/><\/a><\/dt>\n<dd class=\"wp-caption-dd\">Eddi blockt mit Bohnerwachs<\/dd>\n<\/dl>\n<\/div>\n<p>Eddi, der G\u00e4rtner, bohnert hier gerade die Tonfliesen der Terrasse. Es riecht wie in meiner Kindheit (lang, lang ist\u00b4s her \ud83d\ude09 ), als die Linoleumb\u00f6den bei uns\u00a0 zuhause noch mit Bohnerwachs geblockt (so nannte man das) wurden.<\/p>\n<p>Aber Eddi kann noch viel mehr. Er macht n\u00e4mlich den besten Caipirinha S\u00fcdamerikas, sagt mein Freund Peter! Soweit ich das beurteilen kann, stimmt das auch. Schlie\u00dflich konnte ich Eddis Caipirinha bereits oftmals genie\u00dfen, in den letzten Jahren. \ud83d\ude09 Und auch heuer werde ich von Eddis Talent reichlich Gebrauch machen. \ud83d\ude42<\/p>\n<p>Morgen feiern wir in Peters 65. Geburtstag hinein und am Wochenende werden Peter und Maria mit uns f\u00fcr ein paar Tage nach Buenos Airos fliegen.<\/p>\n<p>Den Urlaub und die Zweisamkeit mit meiner lieben Liebe genie\u00dfe ich sehr.<\/p>\n","protected":false},"excerpt":{"rendered":"<p>Geflogen sind wir mit der TAM, der brasilianischen &#8222;Lufthansa&#8220; Der herzliche Empfang, im Haus unserer Freunde, Maria und Peter Unser Flieger landete heute Morgen, Ortszeit 5:15 Uhr, in Sao Paulo. Und Peter musste ganz sch\u00f6n fr\u00fch aufstehen, um uns abzuholen. Die Fahrt vom Haus zum Flughafen dauert n\u00e4mlich mindestens eine Stunde! Zuerst fr\u00fchst\u00fcckten wir alle [&hellip;]<\/p>\n","protected":false},"author":2,"featured_media":0,"comment_status":"open","ping_status":"open","sticky":false,"template":"","format":"standard","meta":{"footnotes":""},"categories":[13],"tags":[394,393,396,395,392],"class_list":["post-1877","post","type-post","status-publish","format-standard","hentry","category-privates","tag-argentinien","tag-brasilien","tag-buenos-aires","tag-sao-paulo","tag-urlaub"],"_links":{"self":[{"href":"https:\/\/www.malerdeck.de\/blog\/wp-json\/wp\/v2\/posts\/1877","targetHints":{"allow":["GET"]}}],"collection":[{"href":"https:\/\/www.malerdeck.de\/blog\/wp-json\/wp\/v2\/posts"}],"about":[{"href":"https:\/\/www.malerdeck.de\/blog\/wp-json\/wp\/v2\/types\/post"}],"author":[{"embeddable":true,"href":"https:\/\/www.malerdeck.de\/blog\/wp-json\/wp\/v2\/users\/2"}],"replies":[{"embeddable":true,"href":"https:\/\/www.malerdeck.de\/blog\/wp-json\/wp\/v2\/comments?post=1877"}],"version-history":[{"count":8,"href":"https:\/\/www.malerdeck.de\/blog\/wp-json\/wp\/v2\/posts\/1877\/revisions"}],"predecessor-version":[{"id":1888,"href":"https:\/\/www.malerdeck.de\/blog\/wp-json\/wp\/v2\/posts\/1877\/revisions\/1888"}],"wp:attachment":[{"href":"https:\/\/www.malerdeck.de\/blog\/wp-json\/wp\/v2\/media?parent=1877"}],"wp:term":[{"taxonomy":"category","embeddable":true,"href":"https:\/\/www.malerdeck.de\/blog\/wp-json\/wp\/v2\/categories?post=1877"},{"taxonomy":"post_tag","embeddable":true,"href":"https:\/\/www.malerdeck.de\/blog\/wp-json\/wp\/v2\/tags?post=1877"}],"curies":[{"name":"wp","href":"https:\/\/api.w.org\/{rel}","templated":true}]}}